{"id":551853,"date":"2025-11-22T18:30:21","date_gmt":"2025-11-22T18:30:21","guid":{"rendered":"https:\/\/www.europesays.com\/fr\/551853\/"},"modified":"2025-11-22T18:30:21","modified_gmt":"2025-11-22T18:30:21","slug":"lamerique-vue-par-la-realisatrice-mira-nair-mere-de-zohran-mamdani-mediapart","status":"publish","type":"post","link":"https:\/\/www.europesays.com\/fr\/551853\/","title":{"rendered":"L\u2019Am\u00e9rique vue par la r\u00e9alisatrice Mira Nair, m\u00e8re de Zohran Mamdani &#8211; Mediapart"},"content":{"rendered":"<ol>\n<li><a href=\"https:\/\/news.google.com\/rss\/articles\/CBMiwgFBVV95cUxOa0dpb1BBTjB6TXRCdUp3ZzJFN1BjSVI4NzRyR0RQTERkbU9KenRzT2pCS21ROTIyaG5TbVZrTFFWcjZvMDBmcm45dGFmZlRtY2VEQUctaWlzSUZiQzVnZy1KSzZReE91MG5kRE9LVV9XcWsxekhXNVhjZnZ6LVlHZk5MNDUwdE85eW9lcjZwalZidEd0QnlPMXhjLXJncXJyeURKeXBxS3p3WkU0T1VEaXdrUU5mNFpZX19fYjlIcnhUQQ?oc=5\" target=\"_blank\" rel=\"noopener\">L\u2019Am\u00e9rique vue par la r\u00e9alisatrice Mira Nair, m\u00e8re de Zohran Mamdani<\/a>&nbsp;&nbsp;Mediapart<\/li>\n<li><a href=\"https:\/\/news.google.com\/rss\/articles\/CBMi4wFBVV95cUxPS1BKOGxxcFRTOGdDSEpORzBmUEJOV3VVc2Nib2lRSUJYQjJQWGNiNEtBYnVzZmFJTGNsSl9EUW96UjRialMycjZlakZVQWhyc1RCdkN1Y3p4OE5oR2NWNktSbDcxUy1adUg3NFQ4blVkc2hBc0kxQXJhcklIMzcta0NlX1FPYmVMTXJIR3Bma3BqV2w4T1lLRmM0RVhLd1IxWm16TmV0MnhzbUxkZ2NmUkRYUkxEYzdhdG91aklON2JKOWFNTks2ZGFYT1NGWGZ3YldNWnZSa3JSVnRvd2JHNUZRYw?oc=5\" target=\"_blank\" rel=\"noopener\">\u00c9tats-Unis : La rencontre Trump-Mamdani ne s\u2019est pas pass\u00e9e comme on aurait pu l\u2019imaginer<\/a>&nbsp;&nbsp;Le HuffPost<\/li>\n<li><a href=\"https:\/\/news.google.com\/rss\/articles\/CBMi2gFBVV95cUxPS1pGVmJPQ3BPcXRpb3pFODRXVF85OFlZYmFaYndHZjVPaUszdUE1SEdJejRFdkY3MVBUV0w3aFFkWkdYalBrMTRNTGVvT3NHaS1GSW5kckFzck1Db1haY2pUTjBLUVVVaTNfVDBhUFB2TjVtMUlJazdxZTNGRVVMd1FIRENURHFhZFJoQ1VKWFRmcnBwdlR0a3VIcmpHUVlGQ0VCSGRvUWNtU0pFQU16Zi1xc3poaEVYMml5dFJEckxDd3hjTWJqNWlvZDR2Q1c2Umc2al9Tbmd5Z9IB3wFBVV95cUxPaWItSmJpNjd1ZWw1WDNiM1RiMjF1c01TYmNSQXZ5Rzg5dlBqemtWc3o0XzZFVlJnNVhOMHdtdWRDUDJ3Vm9laFQ1MU9UM1RZWDlyZG5SNUsybkNCTDdrX05tem1PVC1Kc2Z2aWc3R2JSdjIyTDFleElKQV9DOG5kYm9XQ09PUUpBRDNvMkpfY1Z4bHBWMGo3SGhtN0J0WnF1QTdtSWk5bWpKYmdTUWNxQVJMNV9ramt4SlA5OG4yaG5YRHFreXJ2V1ozR21QbnRKd0Q5NXA1Q3VjaUJSTUhZ?oc=5\" target=\"_blank\" rel=\"noopener\">Trump promet d'\u00a0\u00bbaider\u00a0\u00bb Mamdani, le socialiste \u00e9lu maire de New York<\/a>&nbsp;&nbsp;Boursorama<\/li>\n<li><a href=\"https:\/\/news.google.com\/rss\/articles\/CBMi8AFBVV95cUxQbkpzaTlTX1dnemVKRXdzSnlzNjd5V1hqenM0QnZIUVIxTFhlNC1IcGYxaXdZMFZBQkVwWFZId3d4Yk1PVzlOb1FGcU9xQzQwUzA3TlJGMko2X21jclRROHZqMzVxay1RdWdWWDRETENEQ2ptakZCVnRLNVR1dmVpcWdZLWFsV0NWcU5yQ05qT3pwZV9oUUgzRXM4Y2xLam5vdGprak0yRV92WUZ6MlpiWGpDSHhOalltR2JCaU93dW1NT2dmY3N5S1p2TUlOYWc2WHRUYS0wTHUwT2JTUDlPUWZNQ2JCZElHaFRRNW10V0o?oc=5\" target=\"_blank\" rel=\"noopener\">\u00ab Je m&rsquo;attends \u00e0 l&rsquo;aider, pas \u00e0 lui nuire \u00bb : l&rsquo;\u00e9tonnante lune de miel entre Trump et le futur maire de New York Mamdani<\/a>&nbsp;&nbsp;Les Echos<\/li>\n<li><a href=\"https:\/\/news.google.com\/rss\/articles\/CBMi7gFBVV95cUxQZ2dHa21vS3gwOUotZUs4azNZV0ZQbFo3cGZzZExkdVFKWjNsZUxCZ196djhxSmVrVzFvUWlYMTQ1U29ROWc0cjVPRWQzdzRNb3Rob3BVWExwRTJqeUhCdUFNNVdmeTdRZ1RMODhMWGtVT0hUWXhDaFVWWDFHTlJtX1RPeWNlc09SWmIxYXJaUHFrRjJYdDJzaFFSckhGWFRTNm1paTg3QXF1ZXdCU0tSY3FuVGdDU2huaVp2clB1eUR3bVlJQmU5LTktTnNTS1NNSXB6TFRTV3RfLXlJZzlZOUJoc0VNTHdxcG96Z3dn?oc=5\" target=\"_blank\" rel=\"noopener\">\u00abUn excellent entretien\u00bb : \u00e0 la Maison-Blanche, Donald Trump fait l\u2019\u00e9loge du futur maire de New York, Zohran Mamdani<\/a>&nbsp;&nbsp;Le Figaro<\/li>\n<\/ol>\n","protected":false},"excerpt":{"rendered":"L\u2019Am\u00e9rique vue par la r\u00e9alisatrice Mira Nair, m\u00e8re de Zohran Mamdani&nbsp;&nbsp;Mediapart \u00c9tats-Unis : La rencontre Trump-Mamdani ne s\u2019est&hellip;\n","protected":false},"author":2,"featured_media":551854,"comment_status":"","ping_status":"","sticky":false,"template":"","format":"standard","meta":{"footnotes":""},"categories":[1359],"tags":[650,58,59,73,1011,27,10090,66923,415,973,62862],"class_list":{"0":"post-551853","1":"post","2":"type-post","3":"status-publish","4":"format-standard","5":"has-post-thumbnail","7":"category-people","8":"tag-cinema","9":"tag-divertissement","10":"tag-entertainment","11":"tag-etats-unis","12":"tag-fr","13":"tag-france","14":"tag-migrations","15":"tag-mira-nair","16":"tag-new-york","17":"tag-people","18":"tag-zohran-mamdani"},"share_on_mastodon":{"url":"https:\/\/pubeurope.com\/@fr\/115594777276978117","error":""},"_links":{"self":[{"href":"https:\/\/www.europesays.com\/fr\/wp-json\/wp\/v2\/posts\/551853","targetHints":{"allow":["GET"]}}],"collection":[{"href":"https:\/\/www.europesays.com\/fr\/wp-json\/wp\/v2\/posts"}],"about":[{"href":"https:\/\/www.europesays.com\/fr\/wp-json\/wp\/v2\/types\/post"}],"author":[{"embeddable":true,"href":"https:\/\/www.europesays.com\/fr\/wp-json\/wp\/v2\/users\/2"}],"replies":[{"embeddable":true,"href":"https:\/\/www.europesays.com\/fr\/wp-json\/wp\/v2\/comments?post=551853"}],"version-history":[{"count":0,"href":"https:\/\/www.europesays.com\/fr\/wp-json\/wp\/v2\/posts\/551853\/revisions"}],"wp:featuredmedia":[{"embeddable":true,"href":"https:\/\/www.europesays.com\/fr\/wp-json\/wp\/v2\/media\/551854"}],"wp:attachment":[{"href":"https:\/\/www.europesays.com\/fr\/wp-json\/wp\/v2\/media?parent=551853"}],"wp:term":[{"taxonomy":"category","embeddable":true,"href":"https:\/\/www.europesays.com\/fr\/wp-json\/wp\/v2\/categories?post=551853"},{"taxonomy":"post_tag","embeddable":true,"href":"https:\/\/www.europesays.com\/fr\/wp-json\/wp\/v2\/tags?post=551853"}],"curies":[{"name":"wp","href":"https:\/\/api.w.org\/{rel}","templated":true}]}}