{"id":551855,"date":"2025-11-22T18:32:12","date_gmt":"2025-11-22T18:32:12","guid":{"rendered":"https:\/\/www.europesays.com\/fr\/551855\/"},"modified":"2025-11-22T18:32:12","modified_gmt":"2025-11-22T18:32:12","slug":"les-photographies-dolivier-dassault-exposees-a-rueil-malmaison","status":"publish","type":"post","link":"https:\/\/www.europesays.com\/fr\/551855\/","title":{"rendered":"les photographies d\u2019Olivier Dassault expos\u00e9es \u00e0 Rueil-Malmaison"},"content":{"rendered":"<p>\n    La ville lui consacre une r\u00e9trospective au c\u0153ur de l\u2019Atelier Grognard. \u00c9clat, singularit\u00e9, po\u00e9sie, ses travaux de photographe s\u00e9duisent.<\/p>\n<p class=\"fig-paragraph\">La liste de ses expositions depuis 1973 impressionne\u00a0: Paris, Londres, Gen\u00e8ve, Bruxelles, New York, Los Angeles, Marrakech, Madrid\u2026\u00a0<a href=\"https:\/\/www.lefigaro.fr\/actualite-france\/olivier-dassault-une-vie-de-passions-20210312\" target=\"_blank\" data-fig-type=\"Article\" rel=\"noopener\" data-gtm-custom-categorie=\"navigation\" data-gtm-custom-action=\"crossclick\" data-gtm-custom-label=\"Contextuel\" data-gtm-event=\"customEventSPE\" data-fig-domain=\"LEFIGARO\">Olivier Dassault<\/a>, d\u00e9j\u00e0 connu pour son activit\u00e9 parlementaire ou son statut de capitaine d\u2019industrie au sein du Groupe Dassault (propri\u00e9taire du Figaro), aura \u00e9galement re\u00e7u une belle reconnaissance\u00a0<a href=\"http:\/\/www.lefigaro.fr\/culture\/olivier-dassault-la-photo-pour-passion-20210307\" target=\"_blank\" data-fig-type=\"Article\" rel=\"noopener\" data-gtm-custom-categorie=\"navigation\" data-gtm-custom-action=\"crossclick\" data-gtm-custom-label=\"Contextuel\" data-gtm-event=\"customEventSPE\" data-fig-domain=\"LEFIGARO\">pour ses travaux de photographe<\/a>.<\/p>\n<p class=\"fig-paragraph\">La Ville de Rueil-Malmaison avait accueilli en 2017 ses compositions dans le parcours intitul\u00e9 \u00ab Grand Angle\u00a0\u00bb. Cette fois, elle lui consacre une r\u00e9trospective au c\u0153ur de l\u2019Atelier Grognard. \u00ab Il avait eu un coup de c\u0153ur pour ce lieu, pour sa luminosit\u00e9 \u00bb, explique la commissaire Chantal Dusserre-Bresson, en d\u00e9voilant une imposante repr\u00e9sentation du site par Olivier Dassault, disparu en 2021.<\/p>\n<p class=\"fig-paragraph\">Le voyage d\u00e9bute. Ce qui frappe, c\u2019est l\u2019\u00e9clat de chaque prise de vue. Ce qui surprend ensuite, c\u2019est la singularit\u00e9 des sources d\u2019inspiration de ce grand voyageur qui figure d\u00e9sormais en bonne place dans les collections de prestigieuses\u2026<\/p>\n<p class=\"fig-premium-paywall__infos\">\n        Cet article est r\u00e9serv\u00e9 aux abonn\u00e9s.        Il vous reste 43% \u00e0 d\u00e9couvrir.\n    <\/p>\n<p>                <img  data- alt=\"Le Figaro\" class=\"fig-img--complete fig-img\"\/><\/p>\n<p class=\"fig-premium-paywall__title\">Black Friday<\/p>\n<p class=\"fig-premium-paywall__subtitle\">-70% sur l&rsquo;abonnement num\u00e9rique<\/p>\n<p class=\"fig-premium-paywall__connect\">\n                D\u00e9j\u00e0 abonn\u00e9\u00a0?                <a class=\"fig-premium-paywall__connect-link\" href=\"https:\/\/connect.lefigaro.fr\/login?client=horizon_web&amp;type=main&amp;redirect_uri=https%3A%2F%2Fwww.lefigaro.fr%2Farts-expositions%2Fil-voulait-montrer-la-beaute-du-monde-autrement-les-photographies-d-olivier-dassault-exposees-a-rueil-malmaison-20251122\" data-js-gtm=\"{&quot;customCategorie&quot;: &quot;conversion&quot;, &quot;customAction&quot;: &quot;before_Landing_Connexion_paywall_auto&quot;, &quot;customLabel&quot;: &quot;bGVmaWdhcm8uZnJfXzFmMGM1ZmJkLTE2NGYtNjU2Ni1iZGI2LWExZmJlMTFhNmRjOV9fQXJ0aWNsZQ==_\u00abIl voulait montrer la beaut\u00e9 du monde autrement\u00bb\u00a0: les photographies d\u2019Olivier Dassault expos\u00e9es \u00e0 Rueil-Malmaison_233&quot;, &quot;customIDSPE&quot;: &quot;bGVmaWdhcm8uZnJfXzFmMGM1ZmJkLTE2NGYtNjU2Ni1iZGI2LWExZmJlMTFhNmRjOV9fQXJ0aWNsZQ==&quot;, &quot;event&quot;: &quot;customEventSPE&quot;}\" target=\"_blank\" rel=\"noopener\"><br \/>\n                    Connectez-vous<br \/>\n                <\/a>\n            <\/p>\n","protected":false},"excerpt":{"rendered":"La ville lui consacre une r\u00e9trospective au c\u0153ur de l\u2019Atelier Grognard. \u00c9clat, singularit\u00e9, po\u00e9sie, ses travaux de photographe&hellip;\n","protected":false},"author":2,"featured_media":551856,"comment_status":"","ping_status":"","sticky":false,"template":"","format":"standard","meta":{"footnotes":""},"categories":[1358],"tags":[1348,1384,1385,1386,58,59,1011,27,1756,30224],"class_list":{"0":"post-551855","1":"post","2":"type-post","3":"status-publish","4":"format-standard","5":"has-post-thumbnail","7":"category-arts-et-design","8":"tag-arts","9":"tag-arts-and-design","10":"tag-arts-et-design","11":"tag-design","12":"tag-divertissement","13":"tag-entertainment","14":"tag-fr","15":"tag-france","16":"tag-photographie","17":"tag-rueil-malmaison"},"share_on_mastodon":{"url":"https:\/\/pubeurope.com\/@fr\/115594785107873829","error":""},"_links":{"self":[{"href":"https:\/\/www.europesays.com\/fr\/wp-json\/wp\/v2\/posts\/551855","targetHints":{"allow":["GET"]}}],"collection":[{"href":"https:\/\/www.europesays.com\/fr\/wp-json\/wp\/v2\/posts"}],"about":[{"href":"https:\/\/www.europesays.com\/fr\/wp-json\/wp\/v2\/types\/post"}],"author":[{"embeddable":true,"href":"https:\/\/www.europesays.com\/fr\/wp-json\/wp\/v2\/users\/2"}],"replies":[{"embeddable":true,"href":"https:\/\/www.europesays.com\/fr\/wp-json\/wp\/v2\/comments?post=551855"}],"version-history":[{"count":0,"href":"https:\/\/www.europesays.com\/fr\/wp-json\/wp\/v2\/posts\/551855\/revisions"}],"wp:featuredmedia":[{"embeddable":true,"href":"https:\/\/www.europesays.com\/fr\/wp-json\/wp\/v2\/media\/551856"}],"wp:attachment":[{"href":"https:\/\/www.europesays.com\/fr\/wp-json\/wp\/v2\/media?parent=551855"}],"wp:term":[{"taxonomy":"category","embeddable":true,"href":"https:\/\/www.europesays.com\/fr\/wp-json\/wp\/v2\/categories?post=551855"},{"taxonomy":"post_tag","embeddable":true,"href":"https:\/\/www.europesays.com\/fr\/wp-json\/wp\/v2\/tags?post=551855"}],"curies":[{"name":"wp","href":"https:\/\/api.w.org\/{rel}","templated":true}]}}