{"id":551857,"date":"2025-11-22T18:34:15","date_gmt":"2025-11-22T18:34:15","guid":{"rendered":"https:\/\/www.europesays.com\/fr\/551857\/"},"modified":"2025-11-22T18:34:15","modified_gmt":"2025-11-22T18:34:15","slug":"pierre-niney-invite-des-rencontres-du-papotin-a-du-mal-a-contenir-ses-larmes","status":"publish","type":"post","link":"https:\/\/www.europesays.com\/fr\/551857\/","title":{"rendered":"Pierre Niney invit\u00e9 des \u00ab Rencontres du Papotin\u00a0\u00bb a du mal \u00e0 contenir ses larmes"},"content":{"rendered":"<p>        <img decoding=\"async\" loading=\"lazy\" src=\"https:\/\/www.europesays.com\/fr\/wp-content\/uploads\/2025\/11\/0a58b96_upload-1-rehx2qt4n6jb-niney.jpeg\"  width=\"728\" height=\"409\" alt=\" Pierre Niney \u00e9tait l\u2019invit\u00e9 des\u00a0\u00ab Rencontres du Papotin \u00bb diffus\u00e9 ce samedi 22\u00a0novembre \u00e0 20\u00a0h 30\u00a0sur France 2\"\/>  <\/p>\n<p>Leo KEKEMENIS &#8211; France T\u00e9l\u00e9visions<\/p>\n<p> Pierre Niney \u00e9tait l\u2019invit\u00e9 des\u00a0\u00ab Rencontres du Papotin \u00bb diffus\u00e9 ce samedi 22\u00a0novembre \u00e0 20\u00a0h 30\u00a0sur France 2<\/p>\n<p class=\"asset asset-text\"><a href=\"https:\/\/www.huffingtonpost.fr\/people\/article\/pierre-niney-a-honore-son-pari-apres-le-carton-du-comte-de-monte-cristo-au-cinema_254914.html\" rel=\"nofollow noopener\" target=\"_blank\">Pierre Niney<\/a> a lui aussi peur de devenir adulte et de perdre son \u00e2me d\u2019enfant. L\u2019acteur \u00e9tait l\u2019invit\u00e9 des\u00a0Rencontres du Papotin dans l\u2019\u00e9pisode diffus\u00e9 ce samedi 22\u00a0novembre \u00e0 20\u00a0h\u00a030\u00a0sur <a href=\"https:\/\/www.huffingtonpost.fr\/medias\/article\/la-derniere-edition-de-telematin-ne-s-est-une-fois-de-plus-pas-passee-comme-prevu_257219.html\" rel=\"nofollow noopener\" target=\"_blank\">France 2<\/a>. La star du Comte de Monte-Cristo a jou\u00e9 bien volontiers le jeu des questions un peu sp\u00e9ciales pos\u00e9es par les <a href=\"https:\/\/www.huffingtonpost.fr\/international\/article\/les-journalistes-sont-desormais-personae-non-gratae-dans-une-partie-de-la-maison-blanche_256650.html\" rel=\"nofollow noopener\" target=\"_blank\">journalistes <\/a>(porteurs d\u2019un trouble du spectre autistique) du Papotin.<\/p>\n<p class=\"asset asset-text\">Lors de son entretien avec les journalistes, Pierre Niney a d\u00fb r\u00e9pondre \u00e0 plusieurs interrogations concernant sa <a href=\"https:\/\/www.huffingtonpost.fr\/life\/article\/pour-les-familles-recomposees-cette-proposition-des-notaires-pourrait-faire-toute-la-difference_257053.html\" rel=\"nofollow noopener\" target=\"_blank\">vie de famille<\/a> lors des tournages et sur les r\u00f4les qui l\u2019affectent plus que d\u2019autres citant comme exemple le long-m\u00e9trage Bo\u00eete Noire. Le com\u00e9dien a failli laisser s\u2019\u00e9chapper quelques larmes une premi\u00e8re fois lorsqu\u2019un journaliste lui a demand\u00e9 quelle \u00e9tait sa plus grande peine. Puis, il s\u2019est attel\u00e9 \u00e0 la lecture du texte de Marvin, l\u2019un des intervenants, qui l\u2019a profond\u00e9ment touch\u00e9.<\/p>\n<p class=\"asset asset-text\">Le journaliste l\u2019interroge en premier lieu sur sa sexualit\u00e9\u00a0: \u00ab\u00a0Est-ce que tu es gay, Pierre\u00a0? Ou le seras-tu gay un jour\u00a0?\u00a0\u00bb. Si la question fait sourire le com\u00e9dien, il y r\u00e9pond par la n\u00e9gative. L\u2019acteur explique par ailleurs avoir eu des contacts rapproch\u00e9s aussi bien avec des hommes qu\u2019avec des femmes dans le cadre de tournages. Satisfait de cette r\u00e9ponse, Marvin lui fait alors une demande : que l\u2019acteur lise l\u2019un des textes qu\u2019il a compos\u00e9s.<\/p>\n<p class=\"asset asset-text\">L\u2019interpr\u00e8te d\u2019Edmond Dant\u00e8s dans Le Comte de Monte-Cristo s\u2019ex\u00e9cute et r\u00e9cite le texte tr\u00e8s personnel du journaliste qui livre ses peurs sur le fait de grandir et la volont\u00e9 de rester un enfant. L\u2019acteur liste alors les craintes de Marvin\u00a0: \u00ab\u00a0Je veux rester jeune toute ma vie, les adultes deviennent trop s\u00e9rieux. Ils oublient de jouer et de s\u2019amuser\u00a0\u00bb, \u00ab\u00a0les rides, \u00e7a rend les gens inquiets et tristes\u00a0\u00bb, \u00ab\u00a0les adultes, ils se d\u00e9guisent plus, ils ont peur qu\u2019on se moque d\u2019eux\u00a0\u00bb. Au fil des phrases, Pierre Niney prend quelques pauses, visiblement tr\u00e8s touch\u00e9s par les mots de Marvin. Il s\u2019essuie m\u00eame discr\u00e8tement le coin de l\u2019\u0153il.<\/p>\n<p> La lecture de ce contenu est susceptible d\u2019entra\u00eener un d\u00e9p\u00f4t de cookies de la part de l\u2019op\u00e9rateur tiers qui l\u2019h\u00e9berge. Compte-tenu des choix que vous avez exprim\u00e9s en mati\u00e8re de d\u00e9p\u00f4t de cookies, nous avons bloqu\u00e9 l\u2019affichage de ce contenu. Si vous souhaitez y acc\u00e9der, vous devez accepter la cat\u00e9gorie de cookies \u201cContenus tiers\u201d en cliquant sur le bouton ci-dessous. <\/p>\n<p> Lire la Vid\u00e9o        <\/p>\n<p class=\"asset asset-text\">En conclusion de ces passages r\u00e9cit\u00e9s par l\u2019acteur, Marvin l\u2019interroge alors\u00a0: \u00ab\u00a0J\u2019esp\u00e8re que tu as la m\u00eame inqui\u00e9tude, la peur m\u00eame que moi\u00a0\u00bb. D\u00e9contenanc\u00e9 par la lecture du texte, le com\u00e9dien de 36\u00a0ans ne peut qu\u2019acquiescer avant de pr\u00e9ciser en souriant \u00ab\u00a0J\u2019ai pas pleur\u00e9\u00a0\u00bb. Un \u00e9change sinc\u00e8re que les deux hommes ont conclu en s\u2019enla\u00e7ant apr\u00e8s cette phrase de l\u2019acteur \u00ab\u00a0J\u2019en ai bien besoin.\u00a0\u00bb<\/p>\n<p class=\"asset asset-text\">L\u2019interview de Pierre Niney dans les rencontres du Papotin est \u00e0 retrouver sur l\u2019application France TV.<\/p>\n","protected":false},"excerpt":{"rendered":"Leo KEKEMENIS &#8211; France T\u00e9l\u00e9visions Pierre Niney \u00e9tait l\u2019invit\u00e9 des\u00a0\u00ab Rencontres du Papotin \u00bb diffus\u00e9 ce samedi 22\u00a0novembre&hellip;\n","protected":false},"author":2,"featured_media":551858,"comment_status":"","ping_status":"","sticky":false,"template":"","format":"standard","meta":{"footnotes":""},"categories":[1356],"tags":[650,58,59,1011,27,594,17758,252,1364],"class_list":{"0":"post-551857","1":"post","2":"type-post","3":"status-publish","4":"format-standard","5":"has-post-thumbnail","7":"category-television","8":"tag-cinema","9":"tag-divertissement","10":"tag-entertainment","11":"tag-fr","12":"tag-france","13":"tag-france-2","14":"tag-pierre-niney","15":"tag-television","16":"tag-tv"},"share_on_mastodon":{"url":"https:\/\/pubeurope.com\/@fr\/115594794646467697","error":""},"_links":{"self":[{"href":"https:\/\/www.europesays.com\/fr\/wp-json\/wp\/v2\/posts\/551857","targetHints":{"allow":["GET"]}}],"collection":[{"href":"https:\/\/www.europesays.com\/fr\/wp-json\/wp\/v2\/posts"}],"about":[{"href":"https:\/\/www.europesays.com\/fr\/wp-json\/wp\/v2\/types\/post"}],"author":[{"embeddable":true,"href":"https:\/\/www.europesays.com\/fr\/wp-json\/wp\/v2\/users\/2"}],"replies":[{"embeddable":true,"href":"https:\/\/www.europesays.com\/fr\/wp-json\/wp\/v2\/comments?post=551857"}],"version-history":[{"count":0,"href":"https:\/\/www.europesays.com\/fr\/wp-json\/wp\/v2\/posts\/551857\/revisions"}],"wp:featuredmedia":[{"embeddable":true,"href":"https:\/\/www.europesays.com\/fr\/wp-json\/wp\/v2\/media\/551858"}],"wp:attachment":[{"href":"https:\/\/www.europesays.com\/fr\/wp-json\/wp\/v2\/media?parent=551857"}],"wp:term":[{"taxonomy":"category","embeddable":true,"href":"https:\/\/www.europesays.com\/fr\/wp-json\/wp\/v2\/categories?post=551857"},{"taxonomy":"post_tag","embeddable":true,"href":"https:\/\/www.europesays.com\/fr\/wp-json\/wp\/v2\/tags?post=551857"}],"curies":[{"name":"wp","href":"https:\/\/api.w.org\/{rel}","templated":true}]}}