{"id":551863,"date":"2025-11-22T18:38:14","date_gmt":"2025-11-22T18:38:14","guid":{"rendered":"https:\/\/www.europesays.com\/fr\/551863\/"},"modified":"2025-11-22T18:38:14","modified_gmt":"2025-11-22T18:38:14","slug":"les-autorites-sanitaires-americaines-annoncent-que-le-premier-humain-infecte-par-la-souche-h5n5-de-grippe-aviaire-est-decede","status":"publish","type":"post","link":"https:\/\/www.europesays.com\/fr\/551863\/","title":{"rendered":"Les autorit\u00e9s sanitaires am\u00e9ricaines annoncent que le premier humain infect\u00e9 par la souche H5N5 de grippe aviaire est d\u00e9c\u00e9d\u00e9"},"content":{"rendered":"<p class=\"mb-4 text-lg md:leading-8 break-words\">Une premi\u00e8re. Les autorit\u00e9s sanitaires am\u00e9ricaines de l&rsquo;\u00c9tat de Washington ont annonc\u00e9 ce vendredi 21 novembre le d\u00e9c\u00e8s d&rsquo;un homme atteint de <a data-i13n=\"cpos:1;pos:1\" href=\"https:\/\/www.bfmtv.com\/sante\/la-grippe-aviaire-nous-menace-t-elle-comment-la-france-se-prepare-pour-eviter-un-scenario-catastrophe_GN-202502070037.html\" rel=\"nofollow noopener\" target=\"_blank\" data-ylk=\"slk:la souche H5N5 de la grippe aviaire;cpos:1;pos:1;elm:context_link;itc:0;sec:content-canvas\" class=\"link \">la souche H5N5 de la grippe aviaire<\/a>.<\/p>\n<p class=\"mb-4 text-lg md:leading-8 break-words\">La victime, assez \u00e2g\u00e9e, pr\u00e9sentait des probl\u00e8mes de sant\u00e9 sous-jacents, a indiqu\u00e9 le d\u00e9partement de la Sant\u00e9 de l&rsquo;\u00c9tat de Washington dans un communiqu\u00e9 de presse repris par nos confr\u00e8res d&rsquo;<a data-i13n=\"cpos:2;pos:1\" href=\"https:\/\/abc7chicago.com\/post\/1st-human-known-infected-h5n5-strain-bird-flu-dies\/18188715\/\" rel=\"nofollow noopener\" target=\"_blank\" data-ylk=\"slk:ABC 7 Chicago;cpos:2;pos:1;elm:context_link;itc:0;sec:content-canvas\" class=\"link \">ABC 7 Chicago<\/a>.<\/p>\n<p class=\"mb-4 text-lg md:leading-8 break-words\">Selon le m\u00e9dia am\u00e9ricain, la personne, dont l&rsquo;identit\u00e9 n&rsquo;a pas \u00e9t\u00e9 d\u00e9voil\u00e9e par les autorit\u00e9s, poss\u00e9dait un petit \u00e9levage d&rsquo;oiseaux domestiques vari\u00e9s dans son jardin. Cet \u00e9v\u00e9nement s&rsquo;inscrit dans la vague des cas humains contamin\u00e9s par la souche H5N1 de la grippe aviaire ces 18 derniers mois.<\/p>\n<p class=\"mb-4 text-lg md:leading-8 break-words\">La plupart des cas humains sont survenus apr\u00e8s un contact avec du b\u00e9tail infect\u00e9, des \u00e9levages de volailles infect\u00e9s ou d&rsquo;autres op\u00e9rations d&rsquo;abattage. Dans le cas de ce d\u00e9c\u00e8s, il s&rsquo;agit de la souche H5N5.<\/p>\n<p>Aucune preuve de transmission interhumaine<\/p>\n<p class=\"mb-4 text-lg md:leading-8 break-words\">Selon les Centres am\u00e9ricains pour le contr\u00f4le et la pr\u00e9vention des maladies (CDC), le risque pour le grand public reste \u00ab\u00a0faible\u00a0\u00bb. La souche H5N5 a d\u00e9j\u00e0 \u00e9t\u00e9 signal\u00e9e chez les animaux, mais jamais auparavant chez l&rsquo;homme, selon le minist\u00e8re de la Sant\u00e9.<\/p>\n<p class=\"mb-4 text-lg md:leading-8 break-words\">Pour l&rsquo;heure, aucun autre cas de grippe aviaire n&rsquo;a \u00e9t\u00e9 d\u00e9tect\u00e9 chez les personnes concern\u00e9es, et rien ne prouve que le virus se transmette d&rsquo;une personne \u00e0 l&rsquo;autre, selon ces m\u00eames autorit\u00e9s.<\/p>\n<p class=\"mb-4 text-lg md:leading-8 break-words\">Au cours des derniers mois, la plupart des cas de grippe aviaire avec d&rsquo;autres souches <a data-i13n=\"cpos:3;pos:1\" href=\"https:\/\/www.bfmtv.com\/sante\/grippe-aviaire-h5n1-les-recommandations-de-la-haute-autorite-de-sante-face-a-d-eventuels-cas-humains_AD-202504080488.html\" rel=\"nofollow noopener\" target=\"_blank\" data-ylk=\"slk:relev\u00e9s chez l&#039;humain ont \u00e9t\u00e9 b\u00e9nins;cpos:3;pos:1;elm:context_link;itc:0;sec:content-canvas\" class=\"link \">relev\u00e9s chez l&rsquo;humain ont \u00e9t\u00e9 b\u00e9nins<\/a> avec des sympt\u00f4mes allant des yeux rouges \u00e0 de la fi\u00e8vre, mais quelques-uns ont pr\u00e9sent\u00e9 des sympt\u00f4mes plus graves.<\/p>\n<p class=\"mb-4 text-lg md:leading-8 break-words\">En janvier, le premier d\u00e9c\u00e8s d\u00fb \u00e0 la grippe aviaire a \u00e9t\u00e9 confirm\u00e9 chez un patient \u00e2g\u00e9 souffrant de pathologies sous-jacentes.<\/p>\n<p class=\"mb-4 text-lg md:leading-8 break-words\"><a data-i13n=\"cpos:4;pos:1\" href=\"https:\/\/www.bfmtv.com\/international\/amerique-nord\/etats-unis\/les-autorites-sanitaires-americaines-annoncent-que-le-premier-humain-infecte-par-la-souche-h5n5-de-grippe-aviaire-est-decede_AN-202511220268.html#xtor=AL-68\" rel=\"nofollow noopener\" target=\"_blank\" data-ylk=\"slk:Article original publi\u00e9 sur BFMTV.com;cpos:4;pos:1;elm:context_link;itc:0;sec:content-canvas\" class=\"link \">Article original publi\u00e9 sur BFMTV.com<\/a><\/p>\n","protected":false},"excerpt":{"rendered":"Une premi\u00e8re. Les autorit\u00e9s sanitaires am\u00e9ricaines de l&rsquo;\u00c9tat de Washington ont annonc\u00e9 ce vendredi 21 novembre le d\u00e9c\u00e8s&hellip;\n","protected":false},"author":2,"featured_media":551864,"comment_status":"","ping_status":"","sticky":false,"template":"","format":"standard","meta":{"footnotes":""},"categories":[10],"tags":[1011,27,5698,72,66924,125,20397,7546,71],"class_list":{"0":"post-551863","1":"post","2":"type-post","3":"status-publish","4":"format-standard","5":"has-post-thumbnail","7":"category-sante","8":"tag-fr","9":"tag-france","10":"tag-grippe-aviaire","11":"tag-health","12":"tag-letat-de-washington","13":"tag-ministere-de-la-sante","14":"tag-prevention-des-maladies","15":"tag-problemes-de-sante","16":"tag-sante"},"share_on_mastodon":{"url":"https:\/\/pubeurope.com\/@fr\/115594808731885514","error":""},"_links":{"self":[{"href":"https:\/\/www.europesays.com\/fr\/wp-json\/wp\/v2\/posts\/551863","targetHints":{"allow":["GET"]}}],"collection":[{"href":"https:\/\/www.europesays.com\/fr\/wp-json\/wp\/v2\/posts"}],"about":[{"href":"https:\/\/www.europesays.com\/fr\/wp-json\/wp\/v2\/types\/post"}],"author":[{"embeddable":true,"href":"https:\/\/www.europesays.com\/fr\/wp-json\/wp\/v2\/users\/2"}],"replies":[{"embeddable":true,"href":"https:\/\/www.europesays.com\/fr\/wp-json\/wp\/v2\/comments?post=551863"}],"version-history":[{"count":0,"href":"https:\/\/www.europesays.com\/fr\/wp-json\/wp\/v2\/posts\/551863\/revisions"}],"wp:featuredmedia":[{"embeddable":true,"href":"https:\/\/www.europesays.com\/fr\/wp-json\/wp\/v2\/media\/551864"}],"wp:attachment":[{"href":"https:\/\/www.europesays.com\/fr\/wp-json\/wp\/v2\/media?parent=551863"}],"wp:term":[{"taxonomy":"category","embeddable":true,"href":"https:\/\/www.europesays.com\/fr\/wp-json\/wp\/v2\/categories?post=551863"},{"taxonomy":"post_tag","embeddable":true,"href":"https:\/\/www.europesays.com\/fr\/wp-json\/wp\/v2\/tags?post=551863"}],"curies":[{"name":"wp","href":"https:\/\/api.w.org\/{rel}","templated":true}]}}