{"id":551869,"date":"2025-11-22T18:41:12","date_gmt":"2025-11-22T18:41:12","guid":{"rendered":"https:\/\/www.europesays.com\/fr\/551869\/"},"modified":"2025-11-22T18:41:12","modified_gmt":"2025-11-22T18:41:12","slug":"des-chercheurs-devoilent-une-realite-etonnante","status":"publish","type":"post","link":"https:\/\/www.europesays.com\/fr\/551869\/","title":{"rendered":"des chercheurs d\u00e9voilent une r\u00e9alit\u00e9 \u00e9tonnante"},"content":{"rendered":"<p>\u00c0 l\u2019approche de l\u2019hiver, alors que dehors la nuit tombe plus t\u00f4t et que le froid s\u2019installe, de nombreux Fran\u00e7ais raffolent de ces soir\u00e9es pass\u00e9es blottis sous la couette. La chambre, ce havre de tranquillit\u00e9, para\u00eet alors plus s\u00fbre que les trottoirs humides ou les salons pleins de courants d\u2019air. Mais derri\u00e8re le confort apparent de notre cocon, des \u00e9tudes r\u00e9centes mettent en garde : et si notre chambre devenait, \u00e0 notre insu, un espace <strong>plus pollu\u00e9 que la rue<\/strong> devant notre porte ? Un constat d\u00e9rangeant qui bouscule nos r\u00e9flexes hivernaux \u00e0 la veille des grands froids.<\/p>\n<p>Vos nuits tranquilles sont-elles vraiment paisibles ?<\/p>\n<p>Quand d\u00e9cembre approche, qui n\u2019a jamais savour\u00e9 de dormir au chaud, portes et fen\u00eatres bien closes ? Cette habitude rassurante laisse penser que l\u2019int\u00e9rieur pr\u00e9serve de toutes les menaces ext\u00e9rieures, pollution comprise. Pourtant, ce sentiment de protection pourrait bien \u00eatre une illusion. Dans nos chambres, l\u2019air est souvent plus stagnant, ce qui <strong>favorise l\u2019accumulation de substances ind\u00e9sirables<\/strong> en quelques heures \u00e0 peine.<\/p>\n<p>Des enqu\u00eates men\u00e9es ces derni\u00e8res ann\u00e9es ont mis au jour des chiffres \u00e9tonnants. Certaines chambres pr\u00e9sentent des concentrations en polluants domestiques jusqu\u2019\u00e0 deux fois sup\u00e9rieures \u00e0 celles relev\u00e9es \u00e0 l\u2019ext\u00e9rieur, notamment en particules fines et compos\u00e9s organiques volatils. Qu\u2019il s\u2019agisse de poussi\u00e8re, d\u2019acariens ou de substances chimiques \u00e9manant des meubles, le danger peut s\u2019insinuer l\u00e0 o\u00f9 on l\u2019attend le moins.<\/p>\n<p>O\u00f9 se cachent les polluants dans nos chambres ?<\/p>\n<p>On pense souvent que la chambre est un espace sain ; pourtant, le moindre \u00e9l\u00e9ment de notre quotidien peut se transformer en source invisible de pollution. La literie, par exemple, lib\u00e8re naturellement des particules, tout comme les tapis ou les rideaux. Quant aux meubles en panneaux agglom\u00e9r\u00e9s ou aux peintures, ils continuent parfois de <strong>d\u00e9gager des substances volatiles<\/strong> bien apr\u00e8s leur achat.<\/p>\n<p>Qui n\u2019a jamais pulv\u00e9ris\u00e9 un peu de spray d\u00e9sodorisant avant de fermer la porte pour la nuit, ou oubli\u00e9 d\u2019a\u00e9rer apr\u00e8s un m\u00e9nage \u00e9nergique ? Ces gestes anodins, r\u00e9alis\u00e9s quotidiennement, ne font qu\u2019aggraver l\u2019accumulation. M\u00eame le renouvellement ponctuel de l\u2019air lors du passage de l\u2019aspirateur peut s\u2019av\u00e9rer insuffisant face \u00e0 l\u2019isolement herm\u00e9tique de l\u2019hiver.<\/p>\n<p>L\u2019hiver, la tentation d\u2019un cocon herm\u00e9tique<\/p>\n<p>Avec la baisse des temp\u00e9ratures, maintenir la chaleur \u00e0 l\u2019int\u00e9rieur devient souvent la premi\u00e8re pr\u00e9occupation. Cette r\u00e9action instinctive \u2013 garder portes et fen\u00eatres ferm\u00e9es \u2013 conduit pourtant \u00e0 un air confin\u00e9. Or, c\u2019est justement durant ces p\u00e9riodes que <strong>les polluants stagnent davantage<\/strong>, faute de ventilation suffisante.<\/p>\n<p>Les outils de mesure de la qualit\u00e9 de l\u2019air ne cessent de sonner l\u2019alerte en hiver : dans de nombreux logements, les pics de pollution int\u00e9rieure atteignent des niveaux in\u00e9gal\u00e9s, surtout la nuit, quand l\u2019air ne circule plus du tout. Un ph\u00e9nom\u00e8ne qui touche plus particuli\u00e8rement les chambres parentales ou d\u2019enfant, souvent surchauff\u00e9es par pr\u00e9caution.<\/p>\n<p>Pourquoi l\u2019air ext\u00e9rieur n\u2019est pas toujours le pire ennemi<\/p>\n<p>Il est naturel de penser que l\u2019air ext\u00e9rieur, charg\u00e9 de gaz d\u2019\u00e9chappement et de poussi\u00e8res urbaines, est plus nocif que celui qui emplit nos demeures. Pourtant, l\u2019analyse r\u00e9v\u00e8le une r\u00e9alit\u00e9 moins intuitive : en hiver, la composition de l\u2019air ambiant ext\u00e9rieur change, se purifie parfois sous l\u2019effet du vent ou des pluies hivernales. \u00c0 l\u2019int\u00e9rieur, au contraire, <strong>les sources de pollution s\u2019accumulent sans \u00e9chappatoire<\/strong>.<\/p>\n<p>Comparer ce qui vient de l\u2019ext\u00e9rieur \u00e0 ce qui reste prisonnier de nos murs n\u2019est pas toujours \u00e0 l\u2019avantage du cocon familial. Sur une m\u00eame p\u00e9riode, plusieurs logements parisiens ont enregistr\u00e9 des taux de polluants domestiques sup\u00e9rieurs \u00e0 ceux mesur\u00e9s dans la rue, de nuit comme de jour. Un constat qui incite \u00e0 repenser notre rapport \u00e0 l\u2019a\u00e9ration.<\/p>\n<p>A\u00e9rer ou chauffer ? Les conseils des chercheurs pour limiter les risques<\/p>\n<p>Face \u00e0 ce paradoxe, une recommandation simple s\u2019impose : <strong>a\u00e9rer sa chambre dix minutes chaque matin en hiver<\/strong>. Selon une \u00e9tude men\u00e9e par l\u2019<a href=\"https:\/\/sciencepost.fr\/un-laser-une-goutte-de-sang-et-un-diagnostic-de-cancer-ce-test-revolutionnaire-bluffe-les-chercheurs\/\" target=\"_blank\" rel=\"noopener\">Institut Pasteur<\/a> publi\u00e9e en novembre 2025, ce geste r\u00e9duit de 40 % la concentration des principaux polluants domestiques, sans pour autant faire chuter la temp\u00e9rature de fa\u00e7on significative. Le renouvellement rapide de l\u2019air suffit \u00e0 \u00e9vacuer particules fines, humidit\u00e9 et autres compos\u00e9s ind\u00e9sirables.<\/p>\n<p>Pour pr\u00e9server la douceur de votre chambre sans sacrifier la qualit\u00e9 de l\u2019air, quelques astuces font la diff\u00e9rence : a\u00e9rer toujours \u00e0 la m\u00eame heure (de pr\u00e9f\u00e9rence apr\u00e8s le lever), entrouvrir suffisamment grand pour cr\u00e9er un courant d\u2019air efficace, baisser le chauffage le temps de l\u2019a\u00e9ration puis le remettre juste apr\u00e8s. \u00c9vitez aussi de surchauffer la pi\u00e8ce, ce qui <strong>ass\u00e8che l\u2019air et accentue la pollution int\u00e9rieure<\/strong>.<\/p>\n<p>Vers une nouvelle routine pour des chambres vraiment saines<\/p>\n<p>Ce ph\u00e9nom\u00e8ne met en lumi\u00e8re des habitudes profond\u00e9ment ancr\u00e9es : la tentation du repli, de la chaleur pr\u00e9serv\u00e9e \u00e0 tout prix, au d\u00e9triment parfois de notre sant\u00e9. Face \u00e0 la <a href=\"https:\/\/sciencepost.fr\/medicament-revolutionnaire-contre-crises-asthme\/\" target=\"_blank\" rel=\"noopener\">prise de conscience grandissante<\/a> autour de la qualit\u00e9 de l\u2019air, il devient essentiel d\u2019adopter des r\u00e9flexes plus \u00e9clair\u00e9s, en phase avec <strong>les besoins r\u00e9els de notre organisme<\/strong>.<\/p>\n<p>Rien de plus simple, finalement, que de transformer son cocon en espace sain : a\u00e9rer, choisir des mat\u00e9riaux moins \u00e9missifs, garder une temp\u00e9rature mod\u00e9r\u00e9e, et \u00e9viter les sources inutiles de polluants comme les d\u00e9sodorisants ou le tabac. Un premier pas suffisant pour renouer avec des nuits apais\u00e9es\u2026 et vraiment r\u00e9paratrices.<\/p>\n<p>Changer nos habitudes d\u2019a\u00e9ration repr\u00e9sente aujourd\u2019hui un enjeu de <a href=\"https:\/\/sciencepost.fr\/la-prochaine-pandemie-nous-viendra-t-elle-du-bresil-cette-nouvelle-decouverte-qui-alerte-les-chercheurs\/\" target=\"_blank\" rel=\"noopener\">sant\u00e9 publique<\/a> souvent m\u00e9connu mais crucial, surtout dans nos villes o\u00f9 l\u2019on passe jusqu\u2019\u00e0 90 % de notre temps en int\u00e9rieur. Les chercheurs invitent chacun \u00e0 <strong>repenser ses r\u00e9flexes hivernaux<\/strong>, pour reconna\u00eetre dans l\u2019air frais du matin un alli\u00e9 plut\u00f4t qu\u2019un ennemi. Apr\u00e8s tout, m\u00eame quand le froid s\u2019invite, pourquoi ne pas ouvrir grand la fen\u00eatre pour s\u2019offrir un sommeil plus sain ?<\/p>\n","protected":false},"excerpt":{"rendered":"\u00c0 l\u2019approche de l\u2019hiver, alors que dehors la nuit tombe plus t\u00f4t et que le froid s\u2019installe, de&hellip;\n","protected":false},"author":2,"featured_media":551870,"comment_status":"","ping_status":"","sticky":false,"template":"","format":"standard","meta":{"footnotes":""},"categories":[7],"tags":[1011,27,43,40,41,39,42,44],"class_list":{"0":"post-551869","1":"post","2":"type-post","3":"status-publish","4":"format-standard","5":"has-post-thumbnail","7":"category-sciences-et-technologies","8":"tag-fr","9":"tag-france","10":"tag-science","11":"tag-science-and-technology","12":"tag-sciences","13":"tag-sciences-et-technologies","14":"tag-technologies","15":"tag-technology"},"share_on_mastodon":{"url":"https:\/\/pubeurope.com\/@fr\/115594820624355782","error":""},"_links":{"self":[{"href":"https:\/\/www.europesays.com\/fr\/wp-json\/wp\/v2\/posts\/551869","targetHints":{"allow":["GET"]}}],"collection":[{"href":"https:\/\/www.europesays.com\/fr\/wp-json\/wp\/v2\/posts"}],"about":[{"href":"https:\/\/www.europesays.com\/fr\/wp-json\/wp\/v2\/types\/post"}],"author":[{"embeddable":true,"href":"https:\/\/www.europesays.com\/fr\/wp-json\/wp\/v2\/users\/2"}],"replies":[{"embeddable":true,"href":"https:\/\/www.europesays.com\/fr\/wp-json\/wp\/v2\/comments?post=551869"}],"version-history":[{"count":0,"href":"https:\/\/www.europesays.com\/fr\/wp-json\/wp\/v2\/posts\/551869\/revisions"}],"wp:featuredmedia":[{"embeddable":true,"href":"https:\/\/www.europesays.com\/fr\/wp-json\/wp\/v2\/media\/551870"}],"wp:attachment":[{"href":"https:\/\/www.europesays.com\/fr\/wp-json\/wp\/v2\/media?parent=551869"}],"wp:term":[{"taxonomy":"category","embeddable":true,"href":"https:\/\/www.europesays.com\/fr\/wp-json\/wp\/v2\/categories?post=551869"},{"taxonomy":"post_tag","embeddable":true,"href":"https:\/\/www.europesays.com\/fr\/wp-json\/wp\/v2\/tags?post=551869"}],"curies":[{"name":"wp","href":"https:\/\/api.w.org\/{rel}","templated":true}]}}