{"id":55187,"date":"2025-04-26T20:08:08","date_gmt":"2025-04-26T20:08:08","guid":{"rendered":"https:\/\/www.europesays.com\/fr\/55187\/"},"modified":"2025-04-26T20:08:08","modified_gmt":"2025-04-26T20:08:08","slug":"aeroport-de-nantes-atlantique-sinformer-sur-les-projets-pour-reduire-les-nuisances-sonores","status":"publish","type":"post","link":"https:\/\/www.europesays.com\/fr\/55187\/","title":{"rendered":"A\u00e9roport\u00a0de Nantes Atlantique\u00a0: s\u2019informer sur les projets pour r\u00e9duire les nuisances sonores"},"content":{"rendered":"<p>Ce forum d\u2019informations est n\u00e9 de l\u2019initiative de Yannick F\u00e9tiveau, maire de <a href=\"https:\/\/nantes.maville.com\/actu\/actudet_-dans-cette-commune-du-pays-de-retz-ce-caviste-recoit-le-titre-de-maitre-_8-6761202_actu.Htm\" rel=\"nofollow noopener\" target=\"_blank\">Pont-Saint-Martin<\/a> et de Johann Boblin, maire de <a href=\"https:\/\/rennes.maville.com\/actu\/actudet_-services-du-numerique-proginov-pousse-ses-murs-a-la-chevroliere-_8-6777153_actu.Htm\" rel=\"nofollow noopener\" target=\"_blank\">La Chevroli\u00e8re<\/a>. Avec la hausse du trafic a\u00e9rien, le nouveau Plan de Pr\u00e9vention du Bruit dans l\u2019Environnement 2025-2029 met en avant les \u00e9volutions technologiques et modifications apport\u00e9es aux trajectoires d\u2019approche devant diminuer les nuisances sonores pour les populations survol\u00e9es.<\/p>\n<p>\u00c0 lire aussi\u00a0:<\/p>\n<p><a href=\"https:\/\/nantes.maville.com\/actu\/actudet_-l-aeroport-nantes-atlantique-s-envole-vers-un-nouveau-record-de-trafic-en-2025-_8-6767637_actu.Htm\" rel=\"nofollow noopener\" target=\"_blank\">L\u2019a\u00e9roport Nantes Atlantique s\u2019envole vers un nouveau record de trafic en 2025<\/a><\/p>\n<p>\u00ab\u00a0Une d\u00e9gradation de la situation au Champsi\u00f4me est \u00e0 craindre\u00a0\u00bb<\/p>\n<p>La trajectoire de d\u00e9collage par le sud va \u00eatre revue pour \u00e9viter le bourg de La Chevroli\u00e8re, aux conditions de mise en \u0153uvre devant \u00eatre travaill\u00e9es.<\/p>\n<p>\u00a0Sans envisager une \u00e9volution de la trajectoire de d\u00e9collage au nord, une d\u00e9gradation de la situation pour le millier de Martipontains r\u00e9sidant dans le village du Champsi\u00f4me est \u00e0 craindre. Les campagnes de mesures en 2019, 2022, 2023 et 2024 placent la nuisance sonore au m\u00eame niveau qu\u2019\u00e0 Rez\u00e9, tr\u00e8s impact\u00e9e\u00a0 soumet Yannick F\u00e9tiveau, qui <a href=\"https:\/\/nantes.maville.com\/actu\/actudet_-aeroport-nantes-atlantique-une-borne-pour-evaluer-les-nuisances-sonores-dans-cette-petite-commune-_8-6632516_actu.Htm\" rel=\"nofollow noopener\" target=\"_blank\">demande l\u2019installation d\u2019une station de mesure p\u00e9renne<\/a>. Les maires sont tr\u00e8s attentifs pour leurs populations face aux nuisances sonores.<\/p>\n<p>\u00ab\u00a0On souhaite trouver des solutions, sans opposer les populations\u00a0\u00bb<\/p>\n<p>\u00a0On s\u2019interroge quant \u00e0 la conciliation de hausse du trafic a\u00e9rien et r\u00e9duction du bruit\u00a0 remarquent les \u00e9diles conviant Martipontains et Chevrolins \u00e0 \u00eatre nombreux \u00e0 ce forum et se mobiliser face aux enjeux de r\u00e9am\u00e9nagement de l\u2019a\u00e9roport et r\u00e9duction des nuisances subies. \u00a0La concertation montre un manque d\u2019ambition manifeste, m\u00eame s\u2019il faut relever quelques \u00e9volutions. On souhaite trouver des solutions, sans opposer les populations.\u00a0<\/p>\n<p>Pratique<\/p>\n<p>Le mardi 29\u00a0avril \u00e0 18\u00a0h au complexe sportif Chevrolin.<\/p>\n<p>\u00a0<\/p>\n","protected":false},"excerpt":{"rendered":"Ce forum d\u2019informations est n\u00e9 de l\u2019initiative de Yannick F\u00e9tiveau, maire de Pont-Saint-Martin et de Johann Boblin, maire&hellip;\n","protected":false},"author":2,"featured_media":55188,"comment_status":"","ping_status":"","sticky":false,"template":"","format":"standard","meta":{"footnotes":""},"categories":[2818],"tags":[1111,11,663,2865,1777,674,1011,27,12620,766,12,7283,2636,4916,9114,25,3272,14975],"class_list":{"0":"post-55187","1":"post","2":"type-post","3":"status-publish","4":"format-standard","5":"has-post-thumbnail","7":"category-nantes","8":"tag-actu","9":"tag-actualites","10":"tag-aeroport","11":"tag-atlantique","12":"tag-eu","13":"tag-europe","14":"tag-fr","15":"tag-france","16":"tag-informer","17":"tag-nantes","18":"tag-news","19":"tag-nuisances","20":"tag-pays-de-la-loire","21":"tag-projets","22":"tag-reduire","23":"tag-republique-francaise","24":"tag-saint-nazaire","25":"tag-sonores"},"share_on_mastodon":{"url":"https:\/\/pubeurope.com\/@fr\/114406077547075551","error":""},"_links":{"self":[{"href":"https:\/\/www.europesays.com\/fr\/wp-json\/wp\/v2\/posts\/55187","targetHints":{"allow":["GET"]}}],"collection":[{"href":"https:\/\/www.europesays.com\/fr\/wp-json\/wp\/v2\/posts"}],"about":[{"href":"https:\/\/www.europesays.com\/fr\/wp-json\/wp\/v2\/types\/post"}],"author":[{"embeddable":true,"href":"https:\/\/www.europesays.com\/fr\/wp-json\/wp\/v2\/users\/2"}],"replies":[{"embeddable":true,"href":"https:\/\/www.europesays.com\/fr\/wp-json\/wp\/v2\/comments?post=55187"}],"version-history":[{"count":0,"href":"https:\/\/www.europesays.com\/fr\/wp-json\/wp\/v2\/posts\/55187\/revisions"}],"wp:featuredmedia":[{"embeddable":true,"href":"https:\/\/www.europesays.com\/fr\/wp-json\/wp\/v2\/media\/55188"}],"wp:attachment":[{"href":"https:\/\/www.europesays.com\/fr\/wp-json\/wp\/v2\/media?parent=55187"}],"wp:term":[{"taxonomy":"category","embeddable":true,"href":"https:\/\/www.europesays.com\/fr\/wp-json\/wp\/v2\/categories?post=55187"},{"taxonomy":"post_tag","embeddable":true,"href":"https:\/\/www.europesays.com\/fr\/wp-json\/wp\/v2\/tags?post=55187"}],"curies":[{"name":"wp","href":"https:\/\/api.w.org\/{rel}","templated":true}]}}