{"id":551875,"date":"2025-11-22T18:44:12","date_gmt":"2025-11-22T18:44:12","guid":{"rendered":"https:\/\/www.europesays.com\/fr\/551875\/"},"modified":"2025-11-22T18:44:12","modified_gmt":"2025-11-22T18:44:12","slug":"un-blinde-de-la-legion-se-retourne-sur-la-rt30-deux-militaires-blesses","status":"publish","type":"post","link":"https:\/\/www.europesays.com\/fr\/551875\/","title":{"rendered":"un blind\u00e9 de la L\u00e9gion se retourne sur la RT30, deux militaires bless\u00e9s"},"content":{"rendered":"<p>Un v\u00e9hicule de l&rsquo;avant blind\u00e9 (VAB) de la L\u00e9gion \u00e9trang\u00e8re s&rsquo;est renvers\u00e9 ce samedi 22 novembre en fin de matin\u00e9e sur la RT30, \u00e0 hauteur de Lumio en Haute-Corse. L&rsquo;accident s&rsquo;est produit vers 11 h 08 selon les pompiers de Haute-Corse. L&rsquo;engin militaire a effectu\u00e9 plusieurs tonneaux avant de terminer sa course sur le toit, au milieu de la chauss\u00e9e. Le blind\u00e9, lourdement caboss\u00e9, est en r\u00e9alit\u00e9 un v\u00e9hicule \u00e9cole.<\/p>\n<p>Deux militaires bless\u00e9s<\/p>\n<p>Deux militaires ont \u00e9t\u00e9 bless\u00e9s dans l&rsquo;accident. Le premier a \u00e9t\u00e9 pris en charge par les pompiers de Calvi, mobilisant une ambulance et le v\u00e9hicule de secours routier, avant d&rsquo;\u00eatre transport\u00e9 au centre hospitalier de Calvi en urgence relative. Le second a \u00e9t\u00e9 \u00e9vacu\u00e9 par son unit\u00e9, avec l&rsquo;appui d&rsquo;une \u00e9quipe m\u00e9dicalis\u00e9e du Samu d\u00e9p\u00each\u00e9e sur les lieux.<\/p>\n<p>La circulation a \u00e9t\u00e9 perturb\u00e9e le temps de s\u00e9curiser l&rsquo;engin sur cette route tr\u00e8s emprunt\u00e9e entre Calvi et L&rsquo;\u00cele-Rousse. Les circonstances pr\u00e9cises de l&rsquo;accident, survenu lors d&rsquo;un d\u00e9placement d&rsquo;instruction, restent pour l&rsquo;heure \u00e0 d\u00e9terminer.<\/p>\n","protected":false},"excerpt":{"rendered":"Un v\u00e9hicule de l&rsquo;avant blind\u00e9 (VAB) de la L\u00e9gion \u00e9trang\u00e8re s&rsquo;est renvers\u00e9 ce samedi 22 novembre en fin&hellip;\n","protected":false},"author":2,"featured_media":551876,"comment_status":"","ping_status":"","sticky":false,"template":"","format":"standard","meta":{"footnotes":""},"categories":[4],"tags":[17,11,7570,4070,274,1011,27,17284,66925,12,25,15784,66926,3356],"class_list":{"0":"post-551875","1":"post","2":"type-post","3":"status-publish","4":"format-standard","5":"has-post-thumbnail","7":"category-france","8":"tag-17","9":"tag-actualites","10":"tag-blinde","11":"tag-deux","12":"tag-faits-divers-justice","13":"tag-fr","14":"tag-france","15":"tag-legion","16":"tag-lumio","17":"tag-news","18":"tag-republique-francaise","19":"tag-retourne","20":"tag-rt30","21":"tag-sur"},"share_on_mastodon":{"url":"https:\/\/pubeurope.com\/@fr\/115594832399143566","error":""},"_links":{"self":[{"href":"https:\/\/www.europesays.com\/fr\/wp-json\/wp\/v2\/posts\/551875","targetHints":{"allow":["GET"]}}],"collection":[{"href":"https:\/\/www.europesays.com\/fr\/wp-json\/wp\/v2\/posts"}],"about":[{"href":"https:\/\/www.europesays.com\/fr\/wp-json\/wp\/v2\/types\/post"}],"author":[{"embeddable":true,"href":"https:\/\/www.europesays.com\/fr\/wp-json\/wp\/v2\/users\/2"}],"replies":[{"embeddable":true,"href":"https:\/\/www.europesays.com\/fr\/wp-json\/wp\/v2\/comments?post=551875"}],"version-history":[{"count":0,"href":"https:\/\/www.europesays.com\/fr\/wp-json\/wp\/v2\/posts\/551875\/revisions"}],"wp:featuredmedia":[{"embeddable":true,"href":"https:\/\/www.europesays.com\/fr\/wp-json\/wp\/v2\/media\/551876"}],"wp:attachment":[{"href":"https:\/\/www.europesays.com\/fr\/wp-json\/wp\/v2\/media?parent=551875"}],"wp:term":[{"taxonomy":"category","embeddable":true,"href":"https:\/\/www.europesays.com\/fr\/wp-json\/wp\/v2\/categories?post=551875"},{"taxonomy":"post_tag","embeddable":true,"href":"https:\/\/www.europesays.com\/fr\/wp-json\/wp\/v2\/tags?post=551875"}],"curies":[{"name":"wp","href":"https:\/\/api.w.org\/{rel}","templated":true}]}}