{"id":551877,"date":"2025-11-22T18:45:21","date_gmt":"2025-11-22T18:45:21","guid":{"rendered":"https:\/\/www.europesays.com\/fr\/551877\/"},"modified":"2025-11-22T18:45:21","modified_gmt":"2025-11-22T18:45:21","slug":"info-rtl-narcotrafic-un-des-100-detenus-les-plus-dangereux-de-france-obtient-une-permission-de-sortir","status":"publish","type":"post","link":"https:\/\/www.europesays.com\/fr\/551877\/","title":{"rendered":"INFO RTL &#8211; Narcotrafic : un des 100 d\u00e9tenus les plus dangereux de France obtient une permission de sortir"},"content":{"rendered":"<p class=\"article-p mdl\">Le d\u00e9tenu qui figure sur la liste des 100 d\u00e9tenus les plus dangereux de France \u00e9tablie par l&rsquo;administration p\u00e9nitentiaire lorsqu&rsquo;il s&rsquo;agissait de remplir la toute premi\u00e8re <strong>prison de haute s\u00e9curit\u00e9 \u00e0\u00a0Vendin-le-Vieil (Pas-de-Calais) <\/strong>vient d&rsquo;obtenir\u00a0une permission de sortir afin de trouver un travail.\u00a0<br \/>L&rsquo;homme de 52 ans est consid\u00e9r\u00e9 comme l&rsquo;un des barons du trafic de drogue de La Courneuve (Seine-Saint-Denis) \u00e0 la t\u00eate d&rsquo;un r\u00e9seaux international, il a \u00e9t\u00e9 condamn\u00e9 en 2012 \u00e0 8 ans de prison, en 2014 il s&rsquo;est \u00e9vad\u00e9 \u00e0 l&rsquo;aide d&rsquo;un commando arm\u00e9 lors d&rsquo;un examen \u00e0 l&rsquo;h\u00f4pital. Il est lib\u00e9rable en 2029 mais esp\u00e8re obtenir un am\u00e9nagement de peine.<\/p>\n<p class=\"article-p mdl\">C&rsquo;est dans ce cadre, selon les informations de RTL,\u00a0 que cette permission lui a \u00e9t\u00e9 accord\u00e9e le 21 novembre par la chambre d&rsquo;application des peines de la cour d&rsquo;appel de Douai contre l&rsquo;avis du\u00a0<a class=\"link\" href=\"https:\/\/www.rtl.fr\/actu\/justice-faits-divers\/info-rtl-mohamed-amra-condamne-a-16-jours-de-quartier-disciplinaire-pour-avoir-notamment-inonde-les-coursives-de-vendin-le-vieil-7900547276\" title=\"INFO RTL - Mohamed Amra condamn\u00e9 \u00e0 16 jours de quartier disciplinaire pour avoir notamment inond\u00e9 les coursives de la prison de Vendin-le-Vieil\" target=\"_blank\" rel=\"noopener\">chef d&rsquo;\u00e9tablissement de Vendin-Le-Vieil<\/a>, du parquet de B\u00e9thune et du<strong> parquet g\u00e9n\u00e9ral de la cour d&rsquo;appel de Douai.<\/strong><\/p>\n<p class=\"article-p mdl\">Une d\u00e9cision qui a tout de suite fait r\u00e9agir<strong> le syndicat\u00a0UFAP UNSA<\/strong> Justice qui d\u00e9nonce dans un communiqu\u00e9 \u00ab\u00a0une d\u00e9cision totalement d\u00e9connect\u00e9e des exigences, des r\u00e9alit\u00e9s et des contraintes impos\u00e9es chaque jour aux personnels p\u00e9nitentiaires\u00a0\u00bb.\u00a0<\/p>\n<p>        \u00c0 \u00e9couter<\/p>\n<p class=\"col-12 col-md-11\">\n<p>                                Entrez avec notre journaliste dans la prison de haute s\u00e9curit\u00e9 de Vendin-le-Vieil\n                        <\/p>\n<p class=\"article-p mdl\">\u00ab\u00a0<strong>On ne peut pas imposer un r\u00e9gime ultra-renforc\u00e9<\/strong>, peut-on lire, dire publiquement qu\u2019on y incarc\u00e8re les plus grands narcotrafiquants du pays et voir s\u2019appliquer des d\u00e9cisions qui contredisent cet ensemble frontalement. C\u2019est incoh\u00e9rent, dangereux et r\u00e9v\u00e9lateur d\u2019un syst\u00e8me compl\u00e8tement d\u00e9structur\u00e9, un affront \u00e0 la s\u00e9curit\u00e9\u00a0!\u00a0\u00bb.<\/p>\n<p>    La r\u00e9daction vous recommande<\/p>\n<p class=\"s-newsletter__title\">\n                L\u2019actualit\u00e9 par la r\u00e9daction de RTL dans votre bo\u00eete mail.\n            <\/p>\n<p class=\"s-newsletter__subtitle\">\n                Gr\u00e2ce \u00e0 votre compte RTL abonnez-vous \u00e0 la newsletter RTL info pour suivre toute l&rsquo;actualit\u00e9 au quotidien\n            <\/p>\n<p>\n                                    Lire la suite\n                                <\/p>\n","protected":false},"excerpt":{"rendered":"Le d\u00e9tenu qui figure sur la liste des 100 d\u00e9tenus les plus dangereux de France \u00e9tablie par l&rsquo;administration&hellip;\n","protected":false},"author":2,"featured_media":351384,"comment_status":"","ping_status":"","sticky":false,"template":"","format":"standard","meta":{"footnotes":""},"categories":[2],"tags":[11,898,1052,107,1011,27,12,899],"class_list":{"0":"post-551877","1":"post","2":"type-post","3":"status-publish","4":"format-standard","5":"has-post-thumbnail","7":"category-actualites","8":"tag-actualites","9":"tag-alerte","10":"tag-drogue","11":"tag-fil-info","12":"tag-fr","13":"tag-france","14":"tag-news","15":"tag-prisons"},"share_on_mastodon":{"url":"https:\/\/pubeurope.com\/@fr\/115594836368346106","error":""},"_links":{"self":[{"href":"https:\/\/www.europesays.com\/fr\/wp-json\/wp\/v2\/posts\/551877","targetHints":{"allow":["GET"]}}],"collection":[{"href":"https:\/\/www.europesays.com\/fr\/wp-json\/wp\/v2\/posts"}],"about":[{"href":"https:\/\/www.europesays.com\/fr\/wp-json\/wp\/v2\/types\/post"}],"author":[{"embeddable":true,"href":"https:\/\/www.europesays.com\/fr\/wp-json\/wp\/v2\/users\/2"}],"replies":[{"embeddable":true,"href":"https:\/\/www.europesays.com\/fr\/wp-json\/wp\/v2\/comments?post=551877"}],"version-history":[{"count":0,"href":"https:\/\/www.europesays.com\/fr\/wp-json\/wp\/v2\/posts\/551877\/revisions"}],"wp:featuredmedia":[{"embeddable":true,"href":"https:\/\/www.europesays.com\/fr\/wp-json\/wp\/v2\/media\/351384"}],"wp:attachment":[{"href":"https:\/\/www.europesays.com\/fr\/wp-json\/wp\/v2\/media?parent=551877"}],"wp:term":[{"taxonomy":"category","embeddable":true,"href":"https:\/\/www.europesays.com\/fr\/wp-json\/wp\/v2\/categories?post=551877"},{"taxonomy":"post_tag","embeddable":true,"href":"https:\/\/www.europesays.com\/fr\/wp-json\/wp\/v2\/tags?post=551877"}],"curies":[{"name":"wp","href":"https:\/\/api.w.org\/{rel}","templated":true}]}}