{"id":551894,"date":"2025-11-22T18:56:17","date_gmt":"2025-11-22T18:56:17","guid":{"rendered":"https:\/\/www.europesays.com\/fr\/551894\/"},"modified":"2025-11-22T18:56:17","modified_gmt":"2025-11-22T18:56:17","slug":"football-un-an-apres-lepopee-la-mos-chute-face-au-fc-rouen-en-gambardella","status":"publish","type":"post","link":"https:\/\/www.europesays.com\/fr\/551894\/","title":{"rendered":"Football. Un an apr\u00e8s l&rsquo;\u00e9pop\u00e9e, la MOS chute face au FC Rouen en Gambardella"},"content":{"rendered":"<p>                    Par<br \/>\n        <strong><br \/>\n            <a href=\"https:\/\/actu.fr\/auteur\/redaction-sportacaen\" title=\"Consulter tous les articles de R\u00e9daction Sport \u00e0 Caen\" rel=\"nofollow noopener\" target=\"_blank\">R\u00e9daction Sport \u00e0 Caen<\/a><br \/>\n                    <\/strong><\/p>\n<p>        Publi\u00e9 le<\/p>\n<p>            22 nov. 2025 \u00e0 19h46        <\/p>\n<p>Les Rouennais se sont impos\u00e9s 1\u20135 au terme d\u2019un match tendu et marqu\u00e9 par plusieurs \u00e9chauffour\u00e9es.\u00a0Le FCR ouvre le score d\u00e8s la 12e minute : Tozlu s\u2019y reprend \u00e0 deux fois pour battre Ouchene. Les visiteurs dominent les duels et se montrent les plus dangereux. La MOS r\u00e9pond par une frappe de Baghit (31e), mais la fin de premi\u00e8re p\u00e9riode est marqu\u00e9e par une altercation entre Kigni Chabaud et Konat\u00e9 (43e).\u00a0<\/p>\n<p>Les compositions d&rsquo;\u00e9quipe<\/p>\n<p>MOS\u00a0= 1.\u00a0Ouchene\u00a0\u00a9\/ 2. Vande\u00a0Weghe\u00a0\/ 3.\u00a0Heloir\u00a0\/ 4. Konat\u00e9 \/ 5.\u00a0Leprovost\u00a0\/ 6. Chardon \/ 7.\u00a0Ikongo\u00a0\/ 8.\u00a0Benamer\u00a0\/ 9.\u00a0Sbrollini\u00a0\/ 10. Lamour \/ 11.\u00a0Baghit\u00a0\/ 12. Seymour\u202f\/ 13. Hoarau \/ 14. Martinoff \/ 15.\u00a0Semabai\u00a0\/ 16.\u00a0Vrignon\u00a0 Coach\u202f: Charly\u00a0Gu\u00e9zet\u00a0<br \/>&#13;<br \/>\nAvertissements\u202f: 2. Vande\u00a0Weghe\u00a0(24&prime;) \/ 4. Konat\u00e9 (43&prime;) \/ 3.\u00a0Heloir\u00a0(66&prime;)\u00a0<br \/>&#13;<br \/>\nRemplacements\u202f: (45&prime;) 14. Martinoff pour 9.\u00a0Sbrollini\u00a0\/ (70&prime;) 15.\u00a0Semabai\u00a0pour 6. Chardon \/ (75&prime;) 13. Hoarau pour 3.\u00a0Heloir\u00a0<br \/>&#13;<br \/>\n\u00a0<br \/>&#13;<br \/>\nFC Rouen\u00a0= 1.\u00a0Mansaray\u00a0\/ 2.\u00a0Duthil\u00a0\/ 3. Dani \/ 4.\u00a0Dumesnil\u00a0\/ 5. Ribeiro Rodrigues \u00a9 \/ 6. Al\u00a0Hazem\u00a0\/ 7.\u00a0Puatany\u00a0Nkodia\u00a0\/ 8.\u00a0Tozlu\u00a0\/ 9.\u00a0Kigni\u00a0Chabaud \/ 10.\u00a0Amiche\u00a0\/ 11.\u00a0Attrouche\u00a0\/ 12.\u00a0Jahed\u00a0\/ 13.\u00a0Gauhy\u00a0Beaumard\u00a0\/ 14.\u00a0Benard\u00a0\/ 15.\u00a0Aroub\u00a0\/ 16. Magalhaes Teixeira\u00a0 Coach\u202f: Vincent\u00a0Doury\u00a0<br \/>&#13;<br \/>\nAvertissements\u202f: 9.\u00a0Kigni\u00a0Chabaud (43&prime;) \/ 7.\u00a0Puatany\u00a0Nkodia\u00a0(63&prime;)\u00a0\u00a0<br \/>&#13;<br \/>\nRemplacements\u202f: (55&prime;) 15.\u00a0Aroub\u00a0pour 9.\u00a0Kigni\u00a0Chabaud \/ (65&prime;) 13.\u00a0Gauhy\u00a0Beaumard\u00a0pour 7.\u00a0Puatany\u00a0Nkodia\u00a0\/ (88&prime;) 12.\u00a0Jahed\u00a0pour 6. Al Hazem\u00a0<\/p>\n<p class=\" wall-content\"><b>Mi-temps : 0\u20131.<\/b>\u00a0<\/p>\n<p>    <img   decoding=\"async\" loading=\"lazy\" class=\"size-large\" src=\"https:\/\/www.europesays.com\/fr\/wp-content\/uploads\/2025\/11\/568ae5a3022965a8ae5a302294e8aev-960x640.jpg\" alt=\"Il n'y aura pas d'\u00e9pop\u00e9e en Coupe Gambardella cette saison pour la MOS.\" width=\"960\" height=\"640\"\/><br \/>\n    Il n\u2019y aura pas d\u2019\u00e9pop\u00e9e en Coupe Gambardella cette saison pour la MOS. \u00a9Aline CHATEL<\/p>\n<p class=\" wall-content\">Au retour des vestiaires, une erreur de relance profite \u00e0\u00a0Attrouche\u00a0qui, d\u2019une frappe enroul\u00e9e, double la mise (55e). Rouen touche encore le montant dans la foul\u00e9e et continue de ma\u00eetriser la rencontre. La MOS aurait pu relancer le suspense \u00e0 la 69e minute, mais Martinoff manque le cadre au point de penalty\u202f!\u00a0<\/p>\n<p class=\" wall-content\">Rouen en profite pour creuser l\u2019\u00e9cart :\u00a0Gauhy\u00a0Beaumard\u00a0marque le 0\u20133 apr\u00e8s un centre d\u00e9vi\u00e9 (72e). Lamour redonne bri\u00e8vement espoir \u00e0 la MOS d\u2019un splendide corner rentrant (79e), mais\u00a0Attrouche\u00a0tue le match d\u2019un lob superbe (85e) avant de s\u2019offrir un tripl\u00e9 dans le temps additionnel (90+3).\u00a0\u00a0<\/p>\n<p>    <img   decoding=\"async\" loading=\"lazy\" class=\"size-large\" src=\"https:\/\/www.europesays.com\/fr\/wp-content\/uploads\/2025\/11\/2fd3c5a30229693e3c5a3022977e3cv-960x640.jpg\" alt=\"Il n'y aura pas d'\u00e9pop\u00e9e en Coupe Gambardella cette saison pour la MOS.\" width=\"960\" height=\"640\"\/><br \/>\n    Il n\u2019y aura pas d\u2019\u00e9pop\u00e9e en Coupe Gambardella cette saison pour la MOS. \u00a9Aline CHATEL<\/p>\n<p class=\" wall-content\"><b>Coup de sifflet final. 1-5.\u00a0<\/b>\u00a0<\/p>\n<p>Votre r\u00e9gion, votre actu !<\/p>\n<p>Recevez chaque jour les infos qui comptent pour vous.<\/p>\n<p>\t<a href=\"https:\/\/actu.fr\/newsletter\" class=\"ac-btn ac-btn--corner ac-btn--medium ac-btn--blue800\" rel=\"nofollow noopener\" target=\"_blank\">S&rsquo;incrire<\/a><\/p>\n<p class=\" wall-content\">Une nouvelle \u00e9chauffour\u00e9e \u00e9clate \u00e0 la fin du match, qui a n\u00e9cessit\u00e9 plusieurs minutes avant d\u2019\u00eatre ma\u00eetris\u00e9e.\u00a0<\/p>\n<p class=\" wall-content\">Le coach de la MOS, Charly\u00a0Gu\u00e9zet, pointe d\u2019abord le r\u00e9alisme des Rouennais :\u00a0\u00ab\u00a0On est tomb\u00e9 sur une tr\u00e8s belle \u00e9quipe de Rouen, qui nous a pos\u00e9 beaucoup de probl\u00e8mes. Ils ont \u00e9t\u00e9 beaucoup plus efficaces que nous, c\u2019est ce qui a fait la diff\u00e9rence, \u00e0 l\u2019image de l\u2019action \u00e0 3 m\u00e8tres du but qui passe \u00e0 c\u00f4t\u00e9.\u00a0\u00bb\u00a0<\/p>\n<p class=\" wall-content\">Avant de rappeler que le groupe a \u00e9volu\u00e9 depuis l\u2019an dernier\u202f:\u00a0\u00ab\u00a0Ce n\u2019est plus la m\u00eame g\u00e9n\u00e9ration, il ne reste que deux joueurs de la saison pass\u00e9e.\u00a0\u00bb<\/p>\n<p class=\" wall-content\">Cette lourde d\u00e9faite met fin au parcours de la MOS en Gambardella, juste avant le premier tour f\u00e9d\u00e9ral. Un an apr\u00e8s son \u00e9pop\u00e9e m\u00e9morable, marqu\u00e9e notamment par l\u2019\u00e9limination du PSG et une aventure jusqu\u2019en huiti\u00e8me de finale, le club caennais quitte la comp\u00e9tition pr\u00e9matur\u00e9ment.\u00a0\u00a0<\/p>\n<p class=\" wall-content\"><b>Par notre correspondant Martin RALU<\/b><\/p>\n<p class=\" wall-content\">Personnalisez votre actualit\u00e9 en ajoutant vos villes et m\u00e9dias en favori avec <a href=\"https:\/\/moncompte.actu.fr\" title=\"D\u00e9couvez Mon Actu\" rel=\"nofollow noopener\" data-trk=\"{&quot;cta&quot;:{&quot;action&quot;:&quot;https:\\\/\\\/moncompte.actu.fr&quot;,&quot;category&quot;:&quot;mon compte&quot;,&quot;from&quot;:&quot;article footer&quot;,&quot;name&quot;:&quot;Mon actu&quot;,&quot;type&quot;:&quot;cta&quot;}}\" target=\"_blank\">Mon Actu<\/a>.<\/p>\n","protected":false},"excerpt":{"rendered":"Par R\u00e9daction Sport \u00e0 Caen Publi\u00e9 le 22 nov. 2025 \u00e0 19h46 Les Rouennais se sont impos\u00e9s 1\u20135&hellip;\n","protected":false},"author":2,"featured_media":551895,"comment_status":"","ping_status":"","sticky":false,"template":"","format":"standard","meta":{"footnotes":""},"categories":[9587],"tags":[1111,11,1777,674,25068,63,1011,27,12,5161,25,9590,1745,60],"class_list":{"0":"post-551894","1":"post","2":"type-post","3":"status-publish","4":"format-standard","5":"has-post-thumbnail","7":"category-rouen","8":"tag-actu","9":"tag-actualites","10":"tag-eu","11":"tag-europe","12":"tag-foot-normandie","13":"tag-football","14":"tag-fr","15":"tag-france","16":"tag-news","17":"tag-normandie","18":"tag-republique-francaise","19":"tag-rouen","20":"tag-sport-caen","21":"tag-sports"},"share_on_mastodon":{"url":"https:\/\/pubeurope.com\/@fr\/115594880541157278","error":""},"_links":{"self":[{"href":"https:\/\/www.europesays.com\/fr\/wp-json\/wp\/v2\/posts\/551894","targetHints":{"allow":["GET"]}}],"collection":[{"href":"https:\/\/www.europesays.com\/fr\/wp-json\/wp\/v2\/posts"}],"about":[{"href":"https:\/\/www.europesays.com\/fr\/wp-json\/wp\/v2\/types\/post"}],"author":[{"embeddable":true,"href":"https:\/\/www.europesays.com\/fr\/wp-json\/wp\/v2\/users\/2"}],"replies":[{"embeddable":true,"href":"https:\/\/www.europesays.com\/fr\/wp-json\/wp\/v2\/comments?post=551894"}],"version-history":[{"count":0,"href":"https:\/\/www.europesays.com\/fr\/wp-json\/wp\/v2\/posts\/551894\/revisions"}],"wp:featuredmedia":[{"embeddable":true,"href":"https:\/\/www.europesays.com\/fr\/wp-json\/wp\/v2\/media\/551895"}],"wp:attachment":[{"href":"https:\/\/www.europesays.com\/fr\/wp-json\/wp\/v2\/media?parent=551894"}],"wp:term":[{"taxonomy":"category","embeddable":true,"href":"https:\/\/www.europesays.com\/fr\/wp-json\/wp\/v2\/categories?post=551894"},{"taxonomy":"post_tag","embeddable":true,"href":"https:\/\/www.europesays.com\/fr\/wp-json\/wp\/v2\/tags?post=551894"}],"curies":[{"name":"wp","href":"https:\/\/api.w.org\/{rel}","templated":true}]}}