{"id":551902,"date":"2025-11-22T19:07:23","date_gmt":"2025-11-22T19:07:23","guid":{"rendered":"https:\/\/www.europesays.com\/fr\/551902\/"},"modified":"2025-11-22T19:07:23","modified_gmt":"2025-11-22T19:07:23","slug":"une-trentaine-de-personnes-rassemblees-pour-lui-rendre-hommage","status":"publish","type":"post","link":"https:\/\/www.europesays.com\/fr\/551902\/","title":{"rendered":"une trentaine de personnes rassembl\u00e9es pour lui rendre hommage"},"content":{"rendered":"<p>Mehdi Kessaci, 20 ans, a \u00e9t\u00e9 assassin\u00e9 par un commando \u00e0 moto, le 13\u00a0novembre \u00e0 Marseille. La justice \u00e9tudie la piste d\u2019un crime d\u2019intimidation li\u00e9 au militantisme de son fr\u00e8re Amine Kessaci, tr\u00e8s engag\u00e9 contre le narcotrafic. <a href=\"https:\/\/www.dna.fr\/faits-divers-justice\/2025\/11\/22\/amine-kessaci-je-demande-a-la-population-de-se-lever-pour-dire-son-refus-du-narcotrafic\" target=\"_blank\" rel=\"nofollow noopener\">C\u2019est ce dernier qui a d\u2019ailleurs appel\u00e9 \u00e0 se mobiliser<\/a> \u00e0 Marseille et partout en France aujourd\u2019hui. \u00ab\u00a0Strasbourg devait en \u00eatre\u00a0!\u00a0\u00bb, s\u2019exclame Chantal Cutajar, \u00e0 l\u2019origine du rassemblement. Cette derni\u00e8re a lu les mots forts \u00e9crits par Amine Kessaci, puis une minute de silence a suivi avant qu\u2019elle ne d\u00e9pose un bouquet de fleurs \u00ab\u00a0pour lui rendre hommage\u00a0\u00bb.<\/p>\n<p>\u00ab\u00a0Je suis effar\u00e9 par le t\u00e9moignage du fr\u00e8re de la victime. Il a su rester digne malgr\u00e9 le deuil. La question du narcotrafic nous pr\u00e9occupe de plus en plus. Il y a 20 ans, nous n\u2019entendions pas parler de tout \u00e7a\u00a0\u00bb, raconte Adnan, 44 ans, venu de la Roberstau.<\/p>\n<p>  \u00abDire que la R\u00e9publique ne c\u00e8de pas\u00bb<\/p>\n<p>Derri\u00e8re lui, Marzieh, d\u2019origine iranienne, se bat pour la libert\u00e9 d\u2019exister\u00a0: \u00ab\u00a0Je trouve cela important de vivre dans un pays o\u00f9 la loi domine et non la violence. Nous avons des enfants, des petits-enfants et nous voulons qu\u2019ils vivent en paix.\u00a0\u00bb<\/p>\n<p>La maire de Strasbourg, <a href=\"https:\/\/www.dna.fr\/p\/jeanne-barseghian\" target=\"_blank\" rel=\"nofollow noopener\">Jeanne Barseghian<\/a>, est aussi dans les rangs\u00a0: \u00ab\u00a0Il est essentiel de pouvoir dire que la R\u00e9publique ne c\u00e8de pas. J\u2019exprime mon soutien \u00e0 la famille.\u00a0\u00bb<\/p>\n<p>Un probl\u00e8me de communication a quelque peu impact\u00e9 le nombre de participants \u00e0 cet hommage. Vendredi soir, il \u00e9tait question qu\u2019il soit annul\u00e9. \u00ab\u00a0La pr\u00e9fecture a autoris\u00e9 le rassemblement mais ne pouvait garantir sa s\u00e9curit\u00e9 au vu du d\u00e9lai de notre demande\u00a0\u00bb, conclut Chantal Cutajar.<\/p>\n","protected":false},"excerpt":{"rendered":"Mehdi Kessaci, 20 ans, a \u00e9t\u00e9 assassin\u00e9 par un commando \u00e0 moto, le 13\u00a0novembre \u00e0 Marseille. La justice&hellip;\n","protected":false},"author":2,"featured_media":551903,"comment_status":"","ping_status":"","sticky":false,"template":"","format":"standard","meta":{"footnotes":""},"categories":[2820],"tags":[1111,11,2389,2649,2880,1777,674,274,107,1011,27,775,12,25,640,2879],"class_list":{"0":"post-551902","1":"post","2":"type-post","3":"status-publish","4":"format-standard","5":"has-post-thumbnail","7":"category-strasbourg","8":"tag-actu","9":"tag-actualites","10":"tag-alsace","11":"tag-bas-rhin","12":"tag-edition-strasbourg","13":"tag-eu","14":"tag-europe","15":"tag-faits-divers-justice","16":"tag-fil-info","17":"tag-fr","18":"tag-france","19":"tag-grand-est","20":"tag-news","21":"tag-republique-francaise","22":"tag-strasbourg","23":"tag-strasbourg-ville"},"share_on_mastodon":{"url":"https:\/\/pubeurope.com\/@fr\/115594922856661949","error":""},"_links":{"self":[{"href":"https:\/\/www.europesays.com\/fr\/wp-json\/wp\/v2\/posts\/551902","targetHints":{"allow":["GET"]}}],"collection":[{"href":"https:\/\/www.europesays.com\/fr\/wp-json\/wp\/v2\/posts"}],"about":[{"href":"https:\/\/www.europesays.com\/fr\/wp-json\/wp\/v2\/types\/post"}],"author":[{"embeddable":true,"href":"https:\/\/www.europesays.com\/fr\/wp-json\/wp\/v2\/users\/2"}],"replies":[{"embeddable":true,"href":"https:\/\/www.europesays.com\/fr\/wp-json\/wp\/v2\/comments?post=551902"}],"version-history":[{"count":0,"href":"https:\/\/www.europesays.com\/fr\/wp-json\/wp\/v2\/posts\/551902\/revisions"}],"wp:featuredmedia":[{"embeddable":true,"href":"https:\/\/www.europesays.com\/fr\/wp-json\/wp\/v2\/media\/551903"}],"wp:attachment":[{"href":"https:\/\/www.europesays.com\/fr\/wp-json\/wp\/v2\/media?parent=551902"}],"wp:term":[{"taxonomy":"category","embeddable":true,"href":"https:\/\/www.europesays.com\/fr\/wp-json\/wp\/v2\/categories?post=551902"},{"taxonomy":"post_tag","embeddable":true,"href":"https:\/\/www.europesays.com\/fr\/wp-json\/wp\/v2\/tags?post=551902"}],"curies":[{"name":"wp","href":"https:\/\/api.w.org\/{rel}","templated":true}]}}