{"id":551910,"date":"2025-11-22T19:11:16","date_gmt":"2025-11-22T19:11:16","guid":{"rendered":"https:\/\/www.europesays.com\/fr\/551910\/"},"modified":"2025-11-22T19:11:16","modified_gmt":"2025-11-22T19:11:16","slug":"linauguration-historique-du-tramway-a-nantes-en-1984","status":"publish","type":"post","link":"https:\/\/www.europesays.com\/fr\/551910\/","title":{"rendered":"L\u2019inauguration historique du tramway \u00e0 Nantes, en 1984"},"content":{"rendered":"<p>Cette photographie a \u00e9t\u00e9 r\u00e9alis\u00e9e le 3\u00a0ao\u00fbt 1984, par Jean-Paul Furet, pour l\u2019association des Cartophiles du pays nantais qui, chaque ann\u00e9e, publient une s\u00e9rie de cartes postales. Il s\u2019agit de la premi\u00e8re sortie du tramway dans le centre-ville, sous la surveillance des techniciens.<\/p>\n<p>LIRE AUSSI : <a href=\"https:\/\/nantes.maville.com\/actu\/actudet_-l-inauguration-historique-du-tramway-a-nantes-en-1984-_52716-7076008_actu.Htm\" target=\"_blank\" rel=\"noopener\">L\u2019impact durable de l\u2019ann\u00e9e 1985 \u00e0 Nantes : la m\u00e9diath\u00e8que et le tramway<\/a> <\/p>\n<p>\u00ab\u00a0La r\u00e9alisation de la premi\u00e8re ligne de tramway moderne a engendr\u00e9 une curiosit\u00e9 in\u00e9gal\u00e9e\u00a0\u00bb, \u00e9crivent Annie Ollivier et Jo\u00ebl Pitrel dans leur ouvrage. \u00ab\u00a0Entre avril\u00a01984 et et mars\u00a01985, la Semitan accueille 120 visites collectives officielles, \u00e9manant d\u2019\u00e9lus ou de techniciens et de journalistes du monde entier. Une trentaine d\u2019agglom\u00e9rations fran\u00e7aises ont, entre\u00a01987 et\u00a02020, \u00e9tudi\u00e9 et construit une ou plusieurs lignes de tramway\u00a0\u00bb.<\/p>\n<p>\u00a0<\/p>\n","protected":false},"excerpt":{"rendered":"Cette photographie a \u00e9t\u00e9 r\u00e9alis\u00e9e le 3\u00a0ao\u00fbt 1984, par Jean-Paul Furet, pour l\u2019association des Cartophiles du pays nantais&hellip;\n","protected":false},"author":2,"featured_media":551911,"comment_status":"","ping_status":"","sticky":false,"template":"","format":"standard","meta":{"footnotes":""},"categories":[2818],"tags":[66927,1111,11,1777,674,1011,27,15287,7938,766,12,2636,25,4109],"class_list":{"0":"post-551910","1":"post","2":"type-post","3":"status-publish","4":"format-standard","5":"has-post-thumbnail","7":"category-nantes","8":"tag-66927","9":"tag-actu","10":"tag-actualites","11":"tag-eu","12":"tag-europe","13":"tag-fr","14":"tag-france","15":"tag-historique","16":"tag-inauguration","17":"tag-nantes","18":"tag-news","19":"tag-pays-de-la-loire","20":"tag-republique-francaise","21":"tag-tramway"},"share_on_mastodon":{"url":"https:\/\/pubeurope.com\/@fr\/115594938534024320","error":""},"_links":{"self":[{"href":"https:\/\/www.europesays.com\/fr\/wp-json\/wp\/v2\/posts\/551910","targetHints":{"allow":["GET"]}}],"collection":[{"href":"https:\/\/www.europesays.com\/fr\/wp-json\/wp\/v2\/posts"}],"about":[{"href":"https:\/\/www.europesays.com\/fr\/wp-json\/wp\/v2\/types\/post"}],"author":[{"embeddable":true,"href":"https:\/\/www.europesays.com\/fr\/wp-json\/wp\/v2\/users\/2"}],"replies":[{"embeddable":true,"href":"https:\/\/www.europesays.com\/fr\/wp-json\/wp\/v2\/comments?post=551910"}],"version-history":[{"count":0,"href":"https:\/\/www.europesays.com\/fr\/wp-json\/wp\/v2\/posts\/551910\/revisions"}],"wp:featuredmedia":[{"embeddable":true,"href":"https:\/\/www.europesays.com\/fr\/wp-json\/wp\/v2\/media\/551911"}],"wp:attachment":[{"href":"https:\/\/www.europesays.com\/fr\/wp-json\/wp\/v2\/media?parent=551910"}],"wp:term":[{"taxonomy":"category","embeddable":true,"href":"https:\/\/www.europesays.com\/fr\/wp-json\/wp\/v2\/categories?post=551910"},{"taxonomy":"post_tag","embeddable":true,"href":"https:\/\/www.europesays.com\/fr\/wp-json\/wp\/v2\/tags?post=551910"}],"curies":[{"name":"wp","href":"https:\/\/api.w.org\/{rel}","templated":true}]}}