{"id":551916,"date":"2025-11-22T19:14:17","date_gmt":"2025-11-22T19:14:17","guid":{"rendered":"https:\/\/www.europesays.com\/fr\/551916\/"},"modified":"2025-11-22T19:14:17","modified_gmt":"2025-11-22T19:14:17","slug":"bordeaux-reprend-la-tete-de-son-groupe-de-national-2-n2-j11-lorient-b-bordeaux-0-2","status":"publish","type":"post","link":"https:\/\/www.europesays.com\/fr\/551916\/","title":{"rendered":"Bordeaux reprend la t\u00eate de son groupe de National 2 &#8211; N2 &#8211; J11 &#8211; Lorient B-Bordeaux (0-2)"},"content":{"rendered":"<p>\t\t\t<img decoding=\"async\" loading=\"lazy\" class=\"blason blason-grand\" src=\"https:\/\/www.europesays.com\/fr\/wp-content\/uploads\/2025\/11\/1763838856_290_grande.jpg\"\/> Lorient B 0-2 Bordeaux <img decoding=\"async\" loading=\"lazy\" class=\"blason blason-grand\" src=\"https:\/\/www.europesays.com\/fr\/wp-content\/uploads\/2025\/11\/1763838857_550_grande.jpg\"\/><\/p>\n<p>Buts : Openda (25e), Etondo (72e) pour les Girondins<\/p>\n<p>Le scapulaire scalpe les Merlus.<\/p>\n<p>La r\u00e9serve du FC Lorient s\u2019est offert un match de gala ce samedi apr\u00e8s-midi en disputant son duel face \u00e0 Bordeaux sur la pelouse du Moustoir. Malheureusement, les Girondins sont venus g\u00e2cher la f\u00eate en s\u2019imposant \u00e0 11 contre 10. Ce succ\u00e8s sans forcer permet aux joueurs de Bruno Irles de prendre la t\u00eate du groupe A de National 2 en d\u00e9passant La Roche-sur-Yon \u00e0 la diff\u00e9rence de buts.<\/p>\n<p>Les quelques centaines de supporters bordelais qui ont enquill\u00e9 cinq heures de route pour encourager leur \u00e9quipe n\u2019ont pas \u00e9t\u00e9 d\u00e9\u00e7us. Parti seul face au but breton, Royce Openda parvient \u00e0 se d\u00e9faire de quatre adversaires avant de trouver la faille \u00e0 l\u2019entr\u00e9e de la surface. Cinq minutes plus tard, le Gabonais est victime d\u2019une faute du dernier d\u00e9fenseur des Merlus qui vont devoir jouer une heure avec un homme en moins. Dans le jargon des d\u00e9m\u00e9nageurs, on appelle \u00e7a un carton plein.<\/p>\n<p>Mais alors que Lorient pouvait se relancer au classement en cas de succ\u00e8s, les Bretons vont d\u00e9finitivement couler \u00e0 vingt minutes du terme. D\u00e9cid\u00e9ment dans un grand jour, Openda se montre particuli\u00e8rement altruiste en concluant une contre-attaque \u00e9clair par un service cadeau pour Lud\u00e9ric Etonde, lequel n\u2019a plus qu\u2019\u00e0 sceller le septi\u00e8me succ\u00e8s des siens en poussant le ballon au fond des filets.<\/p>\n<p>De p\u00eache \u00e9videmment, quoi de plus logique dans une ville portuaire ?<\/p>\n<p>\t\t\t\t\t\t\t\t\t\t<a class=\"lien-connexe\" href=\"https:\/\/www.sofoot.com\/breves\/les-girondins-de-bordeaux-bientot-sur-ligue-1\" rel=\"nofollow noopener\" target=\"_blank\">Les Girondins de Bordeaux bient\u00f4t sur Ligue 1+\u00a0?<\/a>\t\t\t\t\t<\/p>\n","protected":false},"excerpt":{"rendered":"Lorient B 0-2 Bordeaux Buts : Openda (25e), Etondo (72e) pour les Girondins Le scapulaire scalpe les Merlus.&hellip;\n","protected":false},"author":2,"featured_media":551917,"comment_status":"","ping_status":"","sticky":false,"template":"","format":"standard","meta":{"footnotes":""},"categories":[2817],"tags":[1111,47,11,61,1997,69,65,64,1777,674,63,1011,27,68,66,12,62,2219,70,25,67],"class_list":{"0":"post-551916","1":"post","2":"type-post","3":"status-publish","4":"format-standard","5":"has-post-thumbnail","7":"category-bordeaux","8":"tag-actu","9":"tag-actualite","10":"tag-actualites","11":"tag-actus-football","12":"tag-bordeaux","13":"tag-bundesliga","14":"tag-championnats-europeens","15":"tag-equipe-de-france","16":"tag-eu","17":"tag-europe","18":"tag-football","19":"tag-fr","20":"tag-france","21":"tag-ligua","22":"tag-ligue-1","23":"tag-news","24":"tag-news-foot","25":"tag-nouvelle-aquitaine","26":"tag-premier-league","27":"tag-republique-francaise","28":"tag-serie-a"},"share_on_mastodon":{"url":"https:\/\/pubeurope.com\/@fr\/115594951505056952","error":""},"_links":{"self":[{"href":"https:\/\/www.europesays.com\/fr\/wp-json\/wp\/v2\/posts\/551916","targetHints":{"allow":["GET"]}}],"collection":[{"href":"https:\/\/www.europesays.com\/fr\/wp-json\/wp\/v2\/posts"}],"about":[{"href":"https:\/\/www.europesays.com\/fr\/wp-json\/wp\/v2\/types\/post"}],"author":[{"embeddable":true,"href":"https:\/\/www.europesays.com\/fr\/wp-json\/wp\/v2\/users\/2"}],"replies":[{"embeddable":true,"href":"https:\/\/www.europesays.com\/fr\/wp-json\/wp\/v2\/comments?post=551916"}],"version-history":[{"count":0,"href":"https:\/\/www.europesays.com\/fr\/wp-json\/wp\/v2\/posts\/551916\/revisions"}],"wp:featuredmedia":[{"embeddable":true,"href":"https:\/\/www.europesays.com\/fr\/wp-json\/wp\/v2\/media\/551917"}],"wp:attachment":[{"href":"https:\/\/www.europesays.com\/fr\/wp-json\/wp\/v2\/media?parent=551916"}],"wp:term":[{"taxonomy":"category","embeddable":true,"href":"https:\/\/www.europesays.com\/fr\/wp-json\/wp\/v2\/categories?post=551916"},{"taxonomy":"post_tag","embeddable":true,"href":"https:\/\/www.europesays.com\/fr\/wp-json\/wp\/v2\/tags?post=551916"}],"curies":[{"name":"wp","href":"https:\/\/api.w.org\/{rel}","templated":true}]}}