{"id":551922,"date":"2025-11-22T19:18:37","date_gmt":"2025-11-22T19:18:37","guid":{"rendered":"https:\/\/www.europesays.com\/fr\/551922\/"},"modified":"2025-11-22T19:18:37","modified_gmt":"2025-11-22T19:18:37","slug":"de-lille-a-noyelles-godault-ces-faux-policiers-ecumaient-les-maisons-a-la-recherche-dor-et-de-bijoux","status":"publish","type":"post","link":"https:\/\/www.europesays.com\/fr\/551922\/","title":{"rendered":"De Lille \u00e0 Noyelles-Godault, ces faux policiers \u00e9cumaient les maisons \u00e0 la recherche d&rsquo;or et de bijoux"},"content":{"rendered":"<p>                    Par<br \/>\n        <strong><br \/>\n            <a href=\"https:\/\/actu.fr\/auteur\/nicolas-demollien\" title=\"Consulter tous les articles de Nicolas Demollien\" rel=\"nofollow noopener\" target=\"_blank\">Nicolas Demollien<\/a><br \/>\n                    <\/strong><\/p>\n<p>        Publi\u00e9 le<\/p>\n<p>            22 nov. 2025 \u00e0 17h42        <\/p>\n<p>Depuis plusieurs mois, ils <b>\u00e9cumaient<\/b> le <a href=\"https:\/\/actu.fr\/hauts-de-france\/nord_59\" rel=\"nofollow noopener\" target=\"_blank\">Nord<\/a> et le <a href=\"https:\/\/actu.fr\/hauts-de-france\/pas-de-calais_62\" rel=\"nofollow noopener\" target=\"_blank\">Pas-de-Calais<\/a> \u00e0 la <b>recherche de pi\u00e8ces d\u2019or<\/b> gr\u00e2ce \u00e0 un stratag\u00e8me bien ficel\u00e9. Mardi 18 novembre 2025, <b>quatre personnes soup\u00e7onn\u00e9es<\/b> se <b>faisant passer pour des policiers<\/b> ont \u00e9t\u00e9 interpell\u00e9es \u00e0 <a href=\"https:\/\/actu.fr\/hauts-de-france\/noyelles-godault_62624\" rel=\"nofollow noopener\" target=\"_blank\">Noyelles-Godault<\/a>. Leur <b>butin est \u00e9norme<\/b>.<\/p>\n<p>Ces faux policiers ont d\u00e9rob\u00e9 un butin de plus de800 000\u20ac dans le Nord et le Pas-de-Calais<\/p>\n<p class=\" wall-content\">\u00ab\u00a0L\u2019enqu\u00eate confi\u00e9e au SIPJ 59 (brigade de r\u00e9pression du banditisme) avait \u00e9t\u00e9 initi\u00e9e au mois de juin 2025 apr\u00e8s le rapprochement de <b>plusieurs vols commis selon un mode op\u00e9ratoire similaire<\/b>\u00ab\u00a0, r\u00e9v\u00e8le le procureur de <a href=\"https:\/\/actu.fr\/hauts-de-france\/lille_59350\" rel=\"nofollow noopener\" target=\"_blank\">Lille<\/a> Samuel Finielz.<\/p>\n<p class=\" wall-content\">L\u2019interpellation par la brigade de recherche et d\u2019intervention de quatre membres de l\u2019\u00e9quipe s\u2019est d\u00e9roul\u00e9e alors que, rev\u00eatus d\u2019effets de la <a href=\"https:\/\/actu.fr\/tag\/police\" rel=\"nofollow noopener\" target=\"_blank\">police<\/a> nationale, ils venaient de pr\u00e9texter une perquisition pour p\u00e9n\u00e9trer au domicile des victimes \u00e0 qui ils d\u00e9robaient des pi\u00e8ces d\u2019or.<\/p>\n<p class=\" wall-content\">\u00ab\u00a0Une perquisition effectu\u00e9e dans le logement <a href=\"https:\/\/actu.fr\/tag\/airbnb\" rel=\"nofollow noopener\" target=\"_blank\">Airbnb<\/a> lou\u00e9 par les quatre individus a permis la d\u00e9couverte de v\u00eatements et d\u2019\u00e9quipements de police (gilet, brassard, menottes, armes factices)\u00a0\u00bb.<\/p>\n<p class=\" wall-content\">En parall\u00e8le, trois autres individus ont \u00e9t\u00e9 interpell\u00e9s dans ce dossier, dont une conseill\u00e8re bancaire et son complice. Le <b>pr\u00e9judice total est impressionnant, avoisinant les 830 000 \u20ac<\/b>. \u00ab\u00a0Il est constitu\u00e9 de 13 lingotins de 50 g d\u2019or, 5 lingots d\u2019or d\u20191 kg, de tr\u00e8s nombreuses pi\u00e8ces d\u2019or, du num\u00e9raire et des bijoux\u00a0\u00bb, d\u00e9taille le procureur. Et de pr\u00e9ciser que des armes ont \u00e9galement \u00e9t\u00e9 d\u00e9rob\u00e9es.<\/p>\n<p class=\" wall-content\">Les vols ont \u00e9t\u00e9 commis dans <b>plusieurs communes du Nord<\/b> : <a href=\"https:\/\/actu.fr\/tag\/lomme\" rel=\"nofollow noopener\" target=\"_blank\">Lomme<\/a>, <a href=\"https:\/\/actu.fr\/hauts-de-france\/saint-andre-lez-lille_59527\" rel=\"nofollow noopener\" target=\"_blank\">Saint-Andr\u00e9-lez-Lille<\/a>, <a href=\"https:\/\/actu.fr\/hauts-de-france\/cambrai_59122\" rel=\"nofollow noopener\" target=\"_blank\">Cambrai<\/a> mais <b>\u00e9galement dans d\u2019autres d\u00e9partements<\/b> (Toulon ou encore Grandcamp-Maisy). Un d\u00e9ferrement des sept mis en cause \u00e9tait pr\u00e9vu ce samedi 22 novembre 2025.<\/p>\n<p class=\" wall-content\">Personnalisez votre actualit\u00e9 en ajoutant vos villes et m\u00e9dias en favori avec <a href=\"https:\/\/moncompte.actu.fr\" title=\"D\u00e9couvez Mon Actu\" rel=\"nofollow noopener\" data-trk=\"{&quot;cta&quot;:{&quot;action&quot;:&quot;https:\\\/\\\/moncompte.actu.fr&quot;,&quot;category&quot;:&quot;mon compte&quot;,&quot;from&quot;:&quot;article footer&quot;,&quot;name&quot;:&quot;Mon actu&quot;,&quot;type&quot;:&quot;cta&quot;}}\" target=\"_blank\">Mon Actu<\/a>.<\/p>\n","protected":false},"excerpt":{"rendered":"Par Nicolas Demollien Publi\u00e9 le 22 nov. 2025 \u00e0 17h42 Depuis plusieurs mois, ils \u00e9cumaient le Nord et&hellip;\n","protected":false},"author":2,"featured_media":551923,"comment_status":"","ping_status":"","sticky":false,"template":"","format":"standard","meta":{"footnotes":""},"categories":[2815],"tags":[1111,11,1777,674,118,1011,27,811,1307,12,1072,25],"class_list":{"0":"post-551922","1":"post","2":"type-post","3":"status-publish","4":"format-standard","5":"has-post-thumbnail","7":"category-lille","8":"tag-actu","9":"tag-actualites","10":"tag-eu","11":"tag-europe","12":"tag-faits-divers","13":"tag-fr","14":"tag-france","15":"tag-hauts-de-france","16":"tag-lille","17":"tag-news","18":"tag-police","19":"tag-republique-francaise"},"share_on_mastodon":{"url":"https:\/\/pubeurope.com\/@fr\/115594966000092153","error":""},"_links":{"self":[{"href":"https:\/\/www.europesays.com\/fr\/wp-json\/wp\/v2\/posts\/551922","targetHints":{"allow":["GET"]}}],"collection":[{"href":"https:\/\/www.europesays.com\/fr\/wp-json\/wp\/v2\/posts"}],"about":[{"href":"https:\/\/www.europesays.com\/fr\/wp-json\/wp\/v2\/types\/post"}],"author":[{"embeddable":true,"href":"https:\/\/www.europesays.com\/fr\/wp-json\/wp\/v2\/users\/2"}],"replies":[{"embeddable":true,"href":"https:\/\/www.europesays.com\/fr\/wp-json\/wp\/v2\/comments?post=551922"}],"version-history":[{"count":0,"href":"https:\/\/www.europesays.com\/fr\/wp-json\/wp\/v2\/posts\/551922\/revisions"}],"wp:featuredmedia":[{"embeddable":true,"href":"https:\/\/www.europesays.com\/fr\/wp-json\/wp\/v2\/media\/551923"}],"wp:attachment":[{"href":"https:\/\/www.europesays.com\/fr\/wp-json\/wp\/v2\/media?parent=551922"}],"wp:term":[{"taxonomy":"category","embeddable":true,"href":"https:\/\/www.europesays.com\/fr\/wp-json\/wp\/v2\/categories?post=551922"},{"taxonomy":"post_tag","embeddable":true,"href":"https:\/\/www.europesays.com\/fr\/wp-json\/wp\/v2\/tags?post=551922"}],"curies":[{"name":"wp","href":"https:\/\/api.w.org\/{rel}","templated":true}]}}