{"id":551924,"date":"2025-11-22T19:20:35","date_gmt":"2025-11-22T19:20:35","guid":{"rendered":"https:\/\/www.europesays.com\/fr\/551924\/"},"modified":"2025-11-22T19:20:35","modified_gmt":"2025-11-22T19:20:35","slug":"reunir-associations-et-entreprises-dans-le-but-de-construire-des-projets-axes-notamment-sur-la-solidarite","status":"publish","type":"post","link":"https:\/\/www.europesays.com\/fr\/551924\/","title":{"rendered":"R\u00e9unir associations et entreprises dans le but de construire des projets ax\u00e9s notamment sur la solidarit\u00e9"},"content":{"rendered":"<p>\u00ab\u00a0Faire ensemble\u00a0\u00bb, c\u2019est \u00e9galement \u00ab\u00a0faire \u00e9quipe\u00a0\u00bb. En cela, les ateliers mis en place par <a href=\"https:\/\/www.laprovence.com\/article\/economie\/4497860452125114\/portrait-lenergie-federatrice-de-marie-laure-guidi-au-coeur-de-marseille\" target=\"_blank\" rel=\"noopener\">Marseille au Pluriel<\/a> r\u00e9pondent pleinement \u00e0 ce principe de base. Le concept s\u2019inscrit tout aussi parfaitement dans la d\u00e9marche phare de cette association qui pr\u00f4ne la coh\u00e9sion. Dans ce cas pr\u00e9cis, il s\u2019agit de r\u00e9unir une association et une entreprise dans le but de coconstruire des projets ax\u00e9s en majeure partie sur la solidarit\u00e9.<\/p>\n<p>Ce premier forum du Mois de l\u2019engagement a \u00e9t\u00e9 l\u2019occasion de pr\u00e9senter certains d\u2019entre eux au cours d\u2019une table ronde anim\u00e9e par Jila Lambert. Tour \u00e0 tour, les bin\u00f4mes concern\u00e9s ont d\u00e9roul\u00e9 leur histoire commune ainsi que les initiatives et les actions qui ont d\u00e9coul\u00e9 de ces collaborations. Diverses et vari\u00e9es, elles correspondent toutes, justement, aux caract\u00e9ristiques d\u2019une ville de Marseille si multiple.<\/p>\n<p>Au sein du \u00ab\u00a0couple\u00a0\u00bb compos\u00e9 par le Groupe SOS\/CHRS Chez Simone et Adie, respectivement destin\u00e9 \u00e0 de l\u2019h\u00e9bergement d\u2019urgence de femmes majeures et \u00e0 de l\u2019accompagnement de cr\u00e9ations d\u2019entreprises, on s\u2019applique \u00e0 r\u00e9ins\u00e9rer une population f\u00e9minine dans une vie sociale dont elle s\u2019est parfois \u00e9loign\u00e9e. Cela passe, entre autres, par la confection de plats cuisin\u00e9s ense&#8230;<\/p>\n","protected":false},"excerpt":{"rendered":"\u00ab\u00a0Faire ensemble\u00a0\u00bb, c\u2019est \u00e9galement \u00ab\u00a0faire \u00e9quipe\u00a0\u00bb. En cela, les ateliers mis en place par Marseille au Pluriel r\u00e9pondent&hellip;\n","protected":false},"author":2,"featured_media":551925,"comment_status":"","ping_status":"","sticky":false,"template":"","format":"standard","meta":{"footnotes":""},"categories":[2814],"tags":[17,1111,11,4733,42263,16361,1446,154,313,1777,674,1011,27,884,12,882,16,25,45545],"class_list":{"0":"post-551924","1":"post","2":"type-post","3":"status-publish","4":"format-standard","5":"has-post-thumbnail","7":"category-marseille","8":"tag-17","9":"tag-actu","10":"tag-actualites","11":"tag-associations","12":"tag-but","13":"tag-construire","14":"tag-dans","15":"tag-des","16":"tag-entreprises","17":"tag-eu","18":"tag-europe","19":"tag-fr","20":"tag-france","21":"tag-marseille","22":"tag-news","23":"tag-provence-alpes-cote-dazur","24":"tag-region","25":"tag-republique-francaise","26":"tag-reunir"},"share_on_mastodon":{"url":"https:\/\/pubeurope.com\/@fr\/115594973863192659","error":""},"_links":{"self":[{"href":"https:\/\/www.europesays.com\/fr\/wp-json\/wp\/v2\/posts\/551924","targetHints":{"allow":["GET"]}}],"collection":[{"href":"https:\/\/www.europesays.com\/fr\/wp-json\/wp\/v2\/posts"}],"about":[{"href":"https:\/\/www.europesays.com\/fr\/wp-json\/wp\/v2\/types\/post"}],"author":[{"embeddable":true,"href":"https:\/\/www.europesays.com\/fr\/wp-json\/wp\/v2\/users\/2"}],"replies":[{"embeddable":true,"href":"https:\/\/www.europesays.com\/fr\/wp-json\/wp\/v2\/comments?post=551924"}],"version-history":[{"count":0,"href":"https:\/\/www.europesays.com\/fr\/wp-json\/wp\/v2\/posts\/551924\/revisions"}],"wp:featuredmedia":[{"embeddable":true,"href":"https:\/\/www.europesays.com\/fr\/wp-json\/wp\/v2\/media\/551925"}],"wp:attachment":[{"href":"https:\/\/www.europesays.com\/fr\/wp-json\/wp\/v2\/media?parent=551924"}],"wp:term":[{"taxonomy":"category","embeddable":true,"href":"https:\/\/www.europesays.com\/fr\/wp-json\/wp\/v2\/categories?post=551924"},{"taxonomy":"post_tag","embeddable":true,"href":"https:\/\/www.europesays.com\/fr\/wp-json\/wp\/v2\/tags?post=551924"}],"curies":[{"name":"wp","href":"https:\/\/api.w.org\/{rel}","templated":true}]}}