{"id":551928,"date":"2025-11-22T19:23:13","date_gmt":"2025-11-22T19:23:13","guid":{"rendered":"https:\/\/www.europesays.com\/fr\/551928\/"},"modified":"2025-11-22T19:23:13","modified_gmt":"2025-11-22T19:23:13","slug":"rhone-six-blesses-dans-un-accident-sur-le-peripherique-de-lyon-dimportants-ralentissements-signales","status":"publish","type":"post","link":"https:\/\/www.europesays.com\/fr\/551928\/","title":{"rendered":"Rh\u00f4ne. Six bless\u00e9s dans un accident sur le p\u00e9riph\u00e9rique de Lyon, d\u2019importants ralentissements signal\u00e9s"},"content":{"rendered":"<p>Samedi soir de gal\u00e8re sur les routes de l\u2019agglom\u00e9ration lyonnaise. Un accident s\u2019est produit sur le p\u00e9riph\u00e9rique vers 18\u00a0h\u00a015, a appris Le Progr\u00e8s. Selon nos informations, trois v\u00e9hicules sont entr\u00e9s en collision \u00e0 hauteur de Bron, dans le sens sud-nord, dans des circonstances que l\u2019enqu\u00eate devra \u00e9claircir. Sur les huit personnes pr\u00e9sentes dans les voitures, six ont \u00e9t\u00e9 bless\u00e9es. Les secours, rapidement sur place, ont \u00e9vacu\u00e9 les victimes sur les centres hospitaliers voisins. Leur \u00e9tat n\u2019inspirait toutefois pas d\u2019inqui\u00e9tude. Une quinzaine de sapeurs-pompiers avec sept engins ont \u00e9t\u00e9 d\u00e9ploy\u00e9s sur les lieux.<\/p>\n<p>  81\u00a0% de taux de congestion<\/p>\n<p>La circulation, toujours tr\u00e8s charg\u00e9e le samedi en fin de journ\u00e9e, a \u00e9t\u00e9 tr\u00e8s ralentie dans le secteur. D\u2019autant qu\u2019un autre accident est survenu \u00e0 Saint-Priest peu avant 19 heures sur l\u2019A46.<\/p>\n<p>Deux v\u00e9hicules sont impliqu\u00e9s dans le sens nord-sud et les voies de circulation sont r\u00e9tr\u00e9cies \u00e0 cet endroit.<\/p>\n<p>Ce contenu est bloqu\u00e9 car vous n&rsquo;avez pas accept\u00e9 les cookies et autres traceurs.<\/p>\n<p>En cliquant sur \u00ab J\u2019accepte \u00bb, les cookies et autres traceurs seront d\u00e9pos\u00e9s et vous pourrez visualiser les contenus  (<a href=\"\" class=\"consentModule_policy\" target=\"_blank\" title=\"Consulter la politique de protection des donn\u00e9es du fournisseur\">plus d&rsquo;informations<\/a>).<\/p>\n<p>En cliquant sur \u00ab J\u2019accepte tous les cookies \u00bb, vous autorisez des d\u00e9p\u00f4ts de cookies et autres traceurs pour le stockage de vos donn\u00e9es sur nos sites et applications \u00e0 des fins de personnalisation et de ciblage publicitaire.<\/p>\n<p class=\"consentModule_secondaryText\">Vous gardez la possibilit\u00e9 de retirer votre consentement \u00e0 tout moment en consultant notre <a href=\"https:\/\/www.leprogres.fr\/protection-des-donnees\" target=\"_blank\" title=\"Consulter notre politique de protection des donn\u00e9es\" rel=\"nofollow noopener\">politique de protection des donn\u00e9es<\/a>. <br \/>&#13;<br \/>\n            <a href=\"https:\/\/www.leprogres.fr\/faits-divers-justice\/2025\/11\/22\/javascript:Didomi.notice.show()\" class=\"consentModule_cmp\" rel=\"nofollow noopener\" target=\"_blank\">G\u00e9rer mes choix<\/a>&#13;\n        <\/p>\n<p>&#13;<br \/>\n                        J&rsquo;accepte&#13;<br \/>\n            J&rsquo;accepte tous les cookies&#13;\n        <\/p>\n<p>A 19 heures, le taux de congestion dans l\u2019agglom\u00e9ration lyonnaise atteignait d\u00e9j\u00e0 les 81\u00a0%, d\u2019apr\u00e8s l\u2019op\u00e9rateur GPS TomTom, soit 44\u00a0% de plus que la normale.<\/p>\n<p>Par ailleurs, attention si vous devez prendre la route ce samedi soir, le Rh\u00f4ne est plac\u00e9 en vigilance jaune grand froid avec un risque de neige et de verglas.<\/p>\n","protected":false},"excerpt":{"rendered":"Samedi soir de gal\u00e8re sur les routes de l\u2019agglom\u00e9ration lyonnaise. Un accident s\u2019est produit sur le p\u00e9riph\u00e9rique vers&hellip;\n","protected":false},"author":2,"featured_media":551929,"comment_status":"","ping_status":"","sticky":false,"template":"","format":"standard","meta":{"footnotes":""},"categories":[1889],"tags":[119,1111,11,2430,9492,12890,3152,1777,674,274,107,1011,27,2428,12,25,2429],"class_list":{"0":"post-551928","1":"post","2":"type-post","3":"status-publish","4":"format-standard","5":"has-post-thumbnail","7":"category-lyon","8":"tag-accident","9":"tag-actu","10":"tag-actualites","11":"tag-auvergne-rhone-alpes","12":"tag-bron","13":"tag-bron-ville","14":"tag-edition-est-lyonnais","15":"tag-eu","16":"tag-europe","17":"tag-faits-divers-justice","18":"tag-fil-info","19":"tag-fr","20":"tag-france","21":"tag-lyon","22":"tag-news","23":"tag-republique-francaise","24":"tag-rhone"},"share_on_mastodon":{"url":"https:\/\/pubeurope.com\/@fr\/115594985763487967","error":""},"_links":{"self":[{"href":"https:\/\/www.europesays.com\/fr\/wp-json\/wp\/v2\/posts\/551928","targetHints":{"allow":["GET"]}}],"collection":[{"href":"https:\/\/www.europesays.com\/fr\/wp-json\/wp\/v2\/posts"}],"about":[{"href":"https:\/\/www.europesays.com\/fr\/wp-json\/wp\/v2\/types\/post"}],"author":[{"embeddable":true,"href":"https:\/\/www.europesays.com\/fr\/wp-json\/wp\/v2\/users\/2"}],"replies":[{"embeddable":true,"href":"https:\/\/www.europesays.com\/fr\/wp-json\/wp\/v2\/comments?post=551928"}],"version-history":[{"count":0,"href":"https:\/\/www.europesays.com\/fr\/wp-json\/wp\/v2\/posts\/551928\/revisions"}],"wp:featuredmedia":[{"embeddable":true,"href":"https:\/\/www.europesays.com\/fr\/wp-json\/wp\/v2\/media\/551929"}],"wp:attachment":[{"href":"https:\/\/www.europesays.com\/fr\/wp-json\/wp\/v2\/media?parent=551928"}],"wp:term":[{"taxonomy":"category","embeddable":true,"href":"https:\/\/www.europesays.com\/fr\/wp-json\/wp\/v2\/categories?post=551928"},{"taxonomy":"post_tag","embeddable":true,"href":"https:\/\/www.europesays.com\/fr\/wp-json\/wp\/v2\/tags?post=551928"}],"curies":[{"name":"wp","href":"https:\/\/api.w.org\/{rel}","templated":true}]}}