{"id":55193,"date":"2025-04-26T20:11:32","date_gmt":"2025-04-26T20:11:32","guid":{"rendered":"https:\/\/www.europesays.com\/fr\/55193\/"},"modified":"2025-04-26T20:11:32","modified_gmt":"2025-04-26T20:11:32","slug":"n2-les-resultats-et-classement-des-girondins-2","status":"publish","type":"post","link":"https:\/\/www.europesays.com\/fr\/55193\/","title":{"rendered":"N2 : les r\u00e9sultats et classement des Girondins"},"content":{"rendered":"<p>\n    26\/04 &#8211; 20:06 | Il y a<br \/>\n    2 heures\n  <\/p>\n<p><strong>Fin de cette 27e journ\u00e9e de National 2 avec des victoires de Bordeaux, du Poir\u00e9 et aussi du Stade Briochin et des Herbiers. D\u00e9couvrez tous les autres r\u00e9sultats de la soir\u00e9e, ainsi que le classement du groupe B.<\/strong><\/p>\n<p><img decoding=\"async\" src=\"https:\/\/www.europesays.com\/fr\/wp-content\/uploads\/2025\/04\/671_f7b5b4a9ce6900b0e4b7614d7a7db853.jpg\" alt=\"N2 : les r\u00e9sultats et classement des Girondins\" class=\"img-responsive mt-3\"\/><\/p>\n<p class=\"text-center mb-3\" style=\"font-size: 14px\">\u00a9 Iconsport<\/p>\n<p style=\"text-align: justify;\"><strong>R\u00e9sultats :<\/strong><\/p>\n<p style=\"text-align: justify;\">\u00a0<\/p>\n<p style=\"text-align: justify;\">Avranches <strong>1-1<\/strong> Saint-Malo<br \/>Blois <strong>1-0<\/strong> Saint-Pryv\u00e9<br \/>Saumur <strong>0-2<\/strong> Saint-Brieuc<br \/><a href=\"https:\/\/www.webgirondins.com\/live-girondins-revivez-bordeaux-la-roche-vf-128839\" target=\"_blank\" rel=\"noopener nofollow\"><strong>Bordeaux 1-0<\/strong> La Roche Vend\u00e9e<\/a><br \/>Bourges <strong>1-2<\/strong> Les Herbiers<br \/>Dinan L\u00e9hon <strong>2-2<\/strong> Granville<br \/>Poitiers <strong>0-2<\/strong> Locmin\u00e9<br \/>Le Poir\u00e9 <strong>1-0<\/strong> Ch\u00e2teaubriant<\/p>\n<p style=\"text-align: justify;\">\u00a0<\/p>\n<p style=\"text-align: justify;\"><strong>Le classement :<\/strong><\/p>\n<p style=\"text-align: justify;\"><img decoding=\"async\" src=\"https:\/\/www.europesays.com\/fr\/wp-content\/uploads\/2025\/04\/27.PNG\" alt=\"27.PNG (57 KB)\" style=\"width:491px;max-width:100%;\"\/><\/p>\n<p style=\"text-align: justify;\">\u00a0<\/p>\n<p>\u00c0 lire aussi &gt;&gt; <strong><a href=\"https:\/\/www.webgirondins.com\/actualite-girondins-le-debrief-a-chaud-de-bordeaux-la-roche-vendee-en-direct-128863\" target=\"_blank\" rel=\"noopener nofollow\">Le D\u00e9brief \u00e0 Chaud de Bordeaux-La Roche Vend\u00e9e en direct<\/a><\/strong><\/p>\n<p>Notre podcast court \u00e0 \u00e9couter :<\/p>\n<p>\u00a0<\/p>\n<p>\u00a0<\/p>\n<p>  COMMENTAIRES<br \/>\n  ()<\/p>\n","protected":false},"excerpt":{"rendered":"26\/04 &#8211; 20:06 | Il y a 2 heures Fin de cette 27e journ\u00e9e de National 2 avec&hellip;\n","protected":false},"author":2,"featured_media":5878,"comment_status":"","ping_status":"","sticky":false,"template":"","format":"standard","meta":{"footnotes":""},"categories":[2817],"tags":[1111,11,3475,3396,1997,10431,3477,1981,1777,674,1011,27,1987,14979,3465,3238,12,2219,14978,25,1980,2858,3468],"class_list":{"0":"post-55193","1":"post","2":"type-post","3":"status-publish","4":"format-standard","5":"has-post-thumbnail","7":"category-bordeaux","8":"tag-actu","9":"tag-actualites","10":"tag-aussi","11":"tag-avec","12":"tag-bordeaux","13":"tag-briochin","14":"tag-cette","15":"tag-classement","16":"tag-eu","17":"tag-europe","18":"tag-fr","19":"tag-france","20":"tag-girondins","21":"tag-herbiers","22":"tag-journee","23":"tag-national","24":"tag-news","25":"tag-nouvelle-aquitaine","26":"tag-poire","27":"tag-republique-francaise","28":"tag-resultats","29":"tag-stade","30":"tag-victoires"},"share_on_mastodon":{"url":"https:\/\/pubeurope.com\/@fr\/114406089318738663","error":""},"_links":{"self":[{"href":"https:\/\/www.europesays.com\/fr\/wp-json\/wp\/v2\/posts\/55193","targetHints":{"allow":["GET"]}}],"collection":[{"href":"https:\/\/www.europesays.com\/fr\/wp-json\/wp\/v2\/posts"}],"about":[{"href":"https:\/\/www.europesays.com\/fr\/wp-json\/wp\/v2\/types\/post"}],"author":[{"embeddable":true,"href":"https:\/\/www.europesays.com\/fr\/wp-json\/wp\/v2\/users\/2"}],"replies":[{"embeddable":true,"href":"https:\/\/www.europesays.com\/fr\/wp-json\/wp\/v2\/comments?post=55193"}],"version-history":[{"count":0,"href":"https:\/\/www.europesays.com\/fr\/wp-json\/wp\/v2\/posts\/55193\/revisions"}],"wp:featuredmedia":[{"embeddable":true,"href":"https:\/\/www.europesays.com\/fr\/wp-json\/wp\/v2\/media\/5878"}],"wp:attachment":[{"href":"https:\/\/www.europesays.com\/fr\/wp-json\/wp\/v2\/media?parent=55193"}],"wp:term":[{"taxonomy":"category","embeddable":true,"href":"https:\/\/www.europesays.com\/fr\/wp-json\/wp\/v2\/categories?post=55193"},{"taxonomy":"post_tag","embeddable":true,"href":"https:\/\/www.europesays.com\/fr\/wp-json\/wp\/v2\/tags?post=55193"}],"curies":[{"name":"wp","href":"https:\/\/api.w.org\/{rel}","templated":true}]}}