{"id":551934,"date":"2025-11-22T19:28:15","date_gmt":"2025-11-22T19:28:15","guid":{"rendered":"https:\/\/www.europesays.com\/fr\/551934\/"},"modified":"2025-11-22T19:28:15","modified_gmt":"2025-11-22T19:28:15","slug":"des-cheveux-de-claude-francois-et-un-agenda-de-gainsbourg-vendus-aux-encheres-a-des-prix-delirants","status":"publish","type":"post","link":"https:\/\/www.europesays.com\/fr\/551934\/","title":{"rendered":"des cheveux de Claude Fran\u00e7ois et un agenda de Gainsbourg vendus aux ench\u00e8res \u00e0 des prix d\u00e9lirants"},"content":{"rendered":"<p>                    Par<br \/>\n        <strong><br \/>\n            <a href=\"https:\/\/actu.fr\/auteur\/glenn-gillet\" title=\"Consulter tous les articles de Glenn Gillet\" target=\"_blank\" rel=\"noopener\">Glenn Gillet<\/a><br \/>\n                    <\/strong><\/p>\n<p>        Publi\u00e9 le<\/p>\n<p>            22 nov. 2025 \u00e0 19h29        <\/p>\n<p>Combien seriez-vous pr\u00eat \u00e0 mettre pour obtenir une <strong>m\u00e8che de cheveux<\/strong> de votre idole\u2009? C\u2019est le dilemme auquel se sont frott\u00e9s des acheteurs r\u00e9unis ce samedi 22\u00a0novembre 2025 \u00e0 Paris, dans le cadre d\u2019une<strong> vente aux ench\u00e8res<\/strong> d\u2019objets sur le th\u00e8me \u00ab\u2009Chanson fran\u00e7aise et internationale\u2009\u00bb, o\u00f9 on a pu retrouver des lots en lien avec <a href=\"https:\/\/actu.fr\/ile-de-france\/dannemois_91195\/c-est-en-bonne-voie-l-ancien-moulin-de-claude-francois-en-essonne-bientot-rachete-par-son-fils_62784156.html\" target=\"_blank\" rel=\"noopener\">Claude Fran\u00e7ois<\/a>, <a href=\"https:\/\/actu.fr\/occitanie\/saint-girons_09261\/occitanie-ce-festival-fete-ses-20-ans-avec-un-grand-spectacle-dedie-a-l-idole-johnny-hallyday_63432431.html\" target=\"_blank\" rel=\"noopener\">Johnny Hallyday<\/a> ou encore de <a href=\"https:\/\/actu.fr\/ile-de-france\/les-lilas_93045\/dans-la-station-de-metro-serge-gainsbourg-aux-lilas-une-melodie-graphique-habille-les-couloirs-de-la-ratp_63114960.html\" target=\"_blank\" rel=\"noopener\">Serge Gainsbourg<\/a>.<\/p>\n<p>780\u00a0euros pour \u00ab\u2009quelques cheveux\u2009\u00bb de Cloclo<\/p>\n<p class=\" wall-content\">Lors de la s\u00e9ance organis\u00e9e par la maison d\u2019ench\u00e8res Coutau-B\u00e9garie avec comme expert Fabien Lec\u0153uvre, sp\u00e9cialiste de la chanson francophone, une m\u00e8che de cheveux de Cloclo et des peignes ayant appartenu \u00e0 l\u2019Idole des jeunes ont \u00e9t\u00e9 vendus au m\u00eame prix\u2009: 780\u00a0euros (frais compris).<\/p>\n<p class=\" wall-content\">Adjug\u00e9s \u00e0 un acqu\u00e9reur anonyme, les \u00ab\u2009quelques cheveux\u2009\u00bb de Claude Fran\u00e7ois avaient \u00e9t\u00e9 \u00ab\u2009r\u00e9cup\u00e9r\u00e9s sur <strong>la brosse utilis\u00e9e uniquement\u2009\u00bb pour lui<\/strong>, \u00ab\u2009par son coiffeur, en f\u00e9vrier\u00a01976\u2009\u00bb, deux ans avant sa mort accidentelle par \u00e9lectrocution, selon la maison d\u2019ench\u00e8res. Ils ont \u00e9t\u00e9 vendus \u00e0 un prix inf\u00e9rieur \u00e0 leur estimation (entre 1.000 et 1.200 euros sans les frais).<\/p>\n<p class=\" wall-content\">Les deux peignes de sc\u00e8ne de Johnny Hallyday avaient \u00e9t\u00e9 \u00ab\u2009jet\u00e9s par le rocker dans la salle, lors de ses concerts au Palais des Sports de Paris\u2009\u00bb en octobre\u00a01976. Quelques cheveux de l\u2019idole des jeunes, d\u00e9c\u00e9d\u00e9e en d\u00e9cembre\u00a02017, y \u00e9taient rest\u00e9s accroch\u00e9s. Ces peignes ont \u00e9t\u00e9 acquis pour un <strong>prix sup\u00e9rieur<\/strong> \u00e0 leur estimation (entre 250 et 300\u00a0euros).<\/p>\n<p>Un troph\u00e9e remis \u00e0 Mike Brant pour plus de 15\u2009000\u00a0euros<\/p>\n<p class=\" wall-content\">Plus de la moiti\u00e9 des quelque <strong>400 lots<\/strong> \u00e9taient des objets ayant appartenu \u00e0 Johnny Hallyday, ou ayant un rapport avec lui. Parmi eux, une veste de l\u2019arm\u00e9e qui lui avait \u00e9t\u00e9 remise pour son service militaire en 1964 est partie \u00e0 2\u2009600\u00a0euros (frais compris).<\/p>\n<p class=\" wall-content\">Dans les autres lots, un <strong>agenda trimestriel utilis\u00e9 par Serge Gainsbourg<\/strong> en 1961 a \u00e9t\u00e9 adjug\u00e9 5\u2009070\u00a0euros (frais compris), et un troph\u00e9e remis en 1974 \u00e0 Mike Brant a trouv\u00e9 acqu\u00e9reur pour 15\u2009210\u00a0euros (frais compris). Le chanteur isra\u00e9lien \u00e9tait alors hospitalis\u00e9 en Suisse apr\u00e8s sa premi\u00e8re tentative de suicide.<\/p>\n<p class=\" wall-content\">Avec AFP.<\/p>\n<p class=\" wall-content\">Personnalisez votre actualit\u00e9 en ajoutant vos villes et m\u00e9dias en favori avec <a href=\"https:\/\/moncompte.actu.fr\" title=\"D\u00e9couvez Mon Actu\" rel=\"nofollow noopener\" data-trk=\"{&quot;cta&quot;:{&quot;action&quot;:&quot;https:\\\/\\\/moncompte.actu.fr&quot;,&quot;category&quot;:&quot;mon compte&quot;,&quot;from&quot;:&quot;article footer&quot;,&quot;name&quot;:&quot;Mon actu&quot;,&quot;type&quot;:&quot;cta&quot;}}\" target=\"_blank\">Mon Actu<\/a>.<\/p>\n","protected":false},"excerpt":{"rendered":"Par Glenn Gillet Publi\u00e9 le 22 nov. 2025 \u00e0 19h29 Combien seriez-vous pr\u00eat \u00e0 mettre pour obtenir une&hellip;\n","protected":false},"author":2,"featured_media":551935,"comment_status":"","ping_status":"","sticky":false,"template":"","format":"standard","meta":{"footnotes":""},"categories":[1888],"tags":[1111,1928,11,1927,1695,1777,674,1011,27,1652,873,12,1926,626,1925,25],"class_list":{"0":"post-551934","1":"post","2":"type-post","3":"status-publish","4":"format-standard","5":"has-post-thumbnail","7":"category-paris","8":"tag-actu","9":"tag-actu-paris","10":"tag-actualites","11":"tag-actualites-paris","12":"tag-chanson","13":"tag-eu","14":"tag-europe","15":"tag-fr","16":"tag-france","17":"tag-loisirs-culture","18":"tag-musique","19":"tag-news","20":"tag-news-paris","21":"tag-paris","22":"tag-paris-news","23":"tag-republique-francaise"},"share_on_mastodon":{"url":"https:\/\/pubeurope.com\/@fr\/115595005489827758","error":""},"_links":{"self":[{"href":"https:\/\/www.europesays.com\/fr\/wp-json\/wp\/v2\/posts\/551934","targetHints":{"allow":["GET"]}}],"collection":[{"href":"https:\/\/www.europesays.com\/fr\/wp-json\/wp\/v2\/posts"}],"about":[{"href":"https:\/\/www.europesays.com\/fr\/wp-json\/wp\/v2\/types\/post"}],"author":[{"embeddable":true,"href":"https:\/\/www.europesays.com\/fr\/wp-json\/wp\/v2\/users\/2"}],"replies":[{"embeddable":true,"href":"https:\/\/www.europesays.com\/fr\/wp-json\/wp\/v2\/comments?post=551934"}],"version-history":[{"count":0,"href":"https:\/\/www.europesays.com\/fr\/wp-json\/wp\/v2\/posts\/551934\/revisions"}],"wp:featuredmedia":[{"embeddable":true,"href":"https:\/\/www.europesays.com\/fr\/wp-json\/wp\/v2\/media\/551935"}],"wp:attachment":[{"href":"https:\/\/www.europesays.com\/fr\/wp-json\/wp\/v2\/media?parent=551934"}],"wp:term":[{"taxonomy":"category","embeddable":true,"href":"https:\/\/www.europesays.com\/fr\/wp-json\/wp\/v2\/categories?post=551934"},{"taxonomy":"post_tag","embeddable":true,"href":"https:\/\/www.europesays.com\/fr\/wp-json\/wp\/v2\/tags?post=551934"}],"curies":[{"name":"wp","href":"https:\/\/api.w.org\/{rel}","templated":true}]}}