{"id":551936,"date":"2025-11-22T19:29:20","date_gmt":"2025-11-22T19:29:20","guid":{"rendered":"https:\/\/www.europesays.com\/fr\/551936\/"},"modified":"2025-11-22T19:29:20","modified_gmt":"2025-11-22T19:29:20","slug":"la-region-parisienne-en-vigilance-orange-neige-et-verglas-ce-samedi-appel-a-la-prudence-sur-les-routes-liberation","status":"publish","type":"post","link":"https:\/\/www.europesays.com\/fr\/551936\/","title":{"rendered":"La r\u00e9gion parisienne en vigilance orange neige et verglas ce samedi, appel \u00e0 la prudence sur les routes \u2013 Lib\u00e9ration"},"content":{"rendered":"<p class=\"sc-cPiKLX AiZTS text-element\">Une fois n\u2019est pas coutume, la tache orange de la carte de M\u00e9t\u00e9o France ne concerne ce samedi que la r\u00e9gion capitale. L\u2019ensemble des d\u00e9partements de l\u2019Ile de France sont plac\u00e9s en vigilance orange neige \/verglas dans la nuit de samedi \u00e0 dimanche par l\u2019agence m\u00e9t\u00e9o qui s\u2019attend \u00e0 des <a href=\"https:\/\/www.liberation.fr\/environnement\/climat\/grand-froid-giboulees-de-neige-et-verglas-vers-un-week-end-glacial-dans-une-france-en-vigilance-jaune-20251120_SPECT2HOIJD4DG5GJJXR3PAQZA\/\" target=\"_blank\" rel=\"noopener\" title=\"https:\/\/www.liberation.fr\/environnement\/climat\/grand-froid-giboulees-de-neige-et-verglas-vers-un-week-end-glacial-dans-une-france-en-vigilance-jaune-20251120_SPECT2HOIJD4DG5GJJXR3PAQZA\/\">chutes de neige <\/a>dans la soir\u00e9e pour les huit d\u00e9partements. A partir de 3 heures du matin dimanche, ce sont six d\u00e9partements du Massif central qui vont \u00e0 leur tour basculer et rejoindre l\u2019Ile-de-France. <\/p>\n<p class=\"sc-cPiKLX AiZTS text-element\">\u00abEn soir\u00e9e de samedi et cours de nuit de samedi \u00e0 dimanche, la pr\u00e9sence d\u2019air froid favorisera les pr\u00e9cipitations neigeuses\u00bb en r\u00e9gion parisienne, a indiqu\u00e9 l\u2019agence m\u00e9t\u00e9orologique dans son bulletin de 6 heures. La vigilance orange dans les 8 d\u00e9partements d\u2019Ile-de-France s\u2019applique jusqu\u2019\u00e0 dimanche matin, 8 heures.<\/p>\n<p class=\"sc-cPiKLX AiZTS text-element\">\u00abUne perturbation pluvieuse rentre par la Bretagne\u00bb, explique M\u00e9t\u00e9o France, elle \u00abva progresser lentement vers l\u2019est et [\u2026] abordera une large bande centrale du pays\u00bb.<\/p>\n<p class=\"sc-cPiKLX AiZTS text-element\">\u00abAu contact de l\u2019air plus froid, les pr\u00e9cipitations se feront sous forme de neige ou localement de pluies vergla\u00e7antes\u00bb, souligne la m\u00eame source. \u00abLa tenue au sol est attendue avec 5 \u00e0 7 cm sur la moiti\u00e9 ouest de la r\u00e9gion parisienne et 2 \u00e0 5 cm sur la moiti\u00e9 est. Pour Paris et la Petite Couronne, 1 \u00e0 2 cm de neige au sol sont attendus\u00bb, selon le site de M\u00e9t\u00e9o France, qui pr\u00e9cise que la neige devrait \u00abfondre \u00e0 partir de la mi-journ\u00e9e \u00e0 la faveur d\u2019un net redoux\u00bb.<\/p>\n<p class=\"sc-cPiKLX AiZTS text-element\">Alors que le pays est touch\u00e9 par une masse d\u2019air froid, les chutes de neige de samedi repr\u00e9sentent le premier \u00e9pisode neigeux de l\u2019hiver, d\u00e9crit comme \u00abassez bref\u00bb mais pouvant \u00abimpacter l\u2019activit\u00e9 humaine\u00bb.<\/p>\n<p class=\"sc-cPiKLX AiZTS text-element\">\u00abLes premiers \u00e9pisodes quelquefois ne sont pas pris suffisamment au s\u00e9rieux et il y a des difficult\u00e9s suite \u00e0 un manque de prudence. Nous avons donc voulu intervenir en amont pour informer\u00bb le public, a dit samedi le ministre des Transports, Philippe Tabarot, depuis le centre de crise r\u00e9unissant les services de M\u00e9t\u00e9o France, des Infrastructures, de l\u2019Aviation civile, des Routes, la Pr\u00e9fecture de police et les op\u00e9rateurs de transport.<\/p>\n<p class=\"sc-cPiKLX AiZTS text-element\">\u00abLa question principale, c\u2019est la question des routes\u00bb, a-t-il dit \u00e0 la presse. \u00abLes personnes ont compris que si leurs d\u00e9placements n\u2019\u00e9taient pas indispensables, il valait mieux les reporter. Et pour celles qui sont dans l\u2019obligation de se d\u00e9placer aujourd\u2019hui, notamment \u00e0 partir de 20 heures et jusqu\u2019\u00e0 demain 8 heures, on leur demande de s\u2019informer sur la situation du r\u00e9seau, de s\u2019\u00e9quiper et d\u2019\u00e9quiper leur v\u00e9hicule. Et puis bien s\u00fbr la prudence est le message principal que je souhaite faire passer\u00bb.<\/p>\n<p class=\"sc-cPiKLX AiZTS text-element\">La vitesse autoris\u00e9e sur toute l\u2019Ile-de-France sera r\u00e9duite de 20 km\/h pour tous les v\u00e9hicules, et les d\u00e9passements interdits sur les grands axes pour les poids lourds de plus de 3,5 tonnes et v\u00e9hicules de transport de personnes, a d\u00e9cid\u00e9 la pr\u00e9fecture de police. Selon Philippe Tabarot, 7 500 agents des Routes seront mobilis\u00e9s ce week-end sur toute la France.<\/p>\n<p class=\"sc-cPiKLX AiZTS text-element\">En revanche, selon le ministre, \u00ables trains ne seront pas particuli\u00e8rement impact\u00e9s, et les r\u00e9seaux urbains et interurbains [\u2026] sont op\u00e9r\u00e9s actuellement\u00bb. Du c\u00f4t\u00e9 des a\u00e9roports, o\u00f9 les conditions affectent la visibilit\u00e9, \u00abil y a environ une heure de retard sur les vols de Roissy, \u00e7a risque d\u2019\u00eatre le cas \u00e9galement demain (dimanche), ce sont des \u00e9pisodes qui arrivent malheureusement bien souvent tout au long de l\u2019ann\u00e9e\u00bb.<\/p>\n<p class=\"sc-cPiKLX AiZTS text-element\">A compter de 3 heures du matin ce dimanche, six nouveaux d\u00e9partements du centre et du sud du pays seront concern\u00e9s par la neige et les pluies vergla\u00e7antes : la Haute-Vienne, la Creuse, la Corr\u00e8ze, le Puy-de-D\u00f4me, le Cantal et l\u2019Aveyron. L\u2019alerte est pr\u00e9vue jusqu\u2019\u00e0 dimanche matin, 8 heures.<\/p>\n<p class=\"sc-cPiKLX AiZTS text-element\">\u00abA partir du milieu de nuit de samedi \u00e0 dimanche et jusqu\u2019en fin de nuit, des pluies vergla\u00e7antes, en faibles quantit\u00e9s, sont pr\u00e9vues sur une partie du Massif central. Elles pourront y rendre les sols particuli\u00e8rement glissants\u00bb, pr\u00e9vient M\u00e9t\u00e9o France.<\/p>\n<p class=\"sc-cPiKLX AiZTS text-element\"><b>Mise \u00e0 jour <\/b>\u00e0 15 h 20 avec l\u2019appel \u00e0 la prudence du ministre des Transports ; \u00e0 16 h 30 avec les six d\u00e9partements suppl\u00e9mentaires.<\/p>\n","protected":false},"excerpt":{"rendered":"Une fois n\u2019est pas coutume, la tache orange de la carte de M\u00e9t\u00e9o France ne concerne ce samedi&hellip;\n","protected":false},"author":2,"featured_media":551937,"comment_status":"","ping_status":"","sticky":false,"template":"","format":"standard","meta":{"footnotes":""},"categories":[1888],"tags":[1111,1928,11,1927,1777,674,1011,27,662,17410,12,1926,626,1925,25],"class_list":{"0":"post-551936","1":"post","2":"type-post","3":"status-publish","4":"format-standard","5":"has-post-thumbnail","7":"category-paris","8":"tag-actu","9":"tag-actu-paris","10":"tag-actualites","11":"tag-actualites-paris","12":"tag-eu","13":"tag-europe","14":"tag-fr","15":"tag-france","16":"tag-ile-de-france","17":"tag-intemperies-inondations-crues","18":"tag-news","19":"tag-news-paris","20":"tag-paris","21":"tag-paris-news","22":"tag-republique-francaise"},"share_on_mastodon":{"url":"https:\/\/pubeurope.com\/@fr\/115595009497212442","error":""},"_links":{"self":[{"href":"https:\/\/www.europesays.com\/fr\/wp-json\/wp\/v2\/posts\/551936","targetHints":{"allow":["GET"]}}],"collection":[{"href":"https:\/\/www.europesays.com\/fr\/wp-json\/wp\/v2\/posts"}],"about":[{"href":"https:\/\/www.europesays.com\/fr\/wp-json\/wp\/v2\/types\/post"}],"author":[{"embeddable":true,"href":"https:\/\/www.europesays.com\/fr\/wp-json\/wp\/v2\/users\/2"}],"replies":[{"embeddable":true,"href":"https:\/\/www.europesays.com\/fr\/wp-json\/wp\/v2\/comments?post=551936"}],"version-history":[{"count":0,"href":"https:\/\/www.europesays.com\/fr\/wp-json\/wp\/v2\/posts\/551936\/revisions"}],"wp:featuredmedia":[{"embeddable":true,"href":"https:\/\/www.europesays.com\/fr\/wp-json\/wp\/v2\/media\/551937"}],"wp:attachment":[{"href":"https:\/\/www.europesays.com\/fr\/wp-json\/wp\/v2\/media?parent=551936"}],"wp:term":[{"taxonomy":"category","embeddable":true,"href":"https:\/\/www.europesays.com\/fr\/wp-json\/wp\/v2\/categories?post=551936"},{"taxonomy":"post_tag","embeddable":true,"href":"https:\/\/www.europesays.com\/fr\/wp-json\/wp\/v2\/tags?post=551936"}],"curies":[{"name":"wp","href":"https:\/\/api.w.org\/{rel}","templated":true}]}}