{"id":551942,"date":"2025-11-22T19:33:21","date_gmt":"2025-11-22T19:33:21","guid":{"rendered":"https:\/\/www.europesays.com\/fr\/551942\/"},"modified":"2025-11-22T19:33:21","modified_gmt":"2025-11-22T19:33:21","slug":"la-tension-est-avec-la-russie-cest-la-russie-qui-depuis-mars-ne-veut-pas-le-cessez-le-feu-declare-emmanuel-macron","status":"publish","type":"post","link":"https:\/\/www.europesays.com\/fr\/551942\/","title":{"rendered":"\u00ab\u00a0La tension est avec la Russie [&#8230;] c&rsquo;est la Russie qui depuis mars ne veut pas le cessez-le-feu\u00a0\u00bb, d\u00e9clare Emmanuel Macron"},"content":{"rendered":"<p>\u00ab\u00a0Plan de paix\u00a0\u00bb pour l&rsquo;Ukraine : \u00ab\u00a0La tension est avec la Russie [&#8230;] c&rsquo;est la Russie qui depuis mars ne veut pas le cessez-le-feu\u00a0\u00bb, d\u00e9clare Emmanuel MacronSur le m\u00eame sujet<a href=\"https:\/\/www.bfmtv.com\/international\/asie\/russie\/video-plan-de-paix-en-ukraine-les-americains-les-ukrainiens-et-les-europeens-se-retrouvent-en-suisse-demain-pour-en-parler_VN-202511220355.html\" title=\"Plan de paix en Ukraine: les Am\u00e9ricains, les Ukrainiens et les Europ\u00e9ens se retrouvent en Suisse demain pour en parler\" rel=\"nofollow noopener\" target=\"_blank\"><img width=\"16\" height=\"9\" class=\"lozad\"  alt=\"Plan de paix en Ukraine: les Am\u00e9ricains, les Ukrainiens et les Europ\u00e9ens se retrouvent en Suisse demain pour en parler\"\/>1:25Plan de paix en Ukraine: les Am\u00e9ricains, les Ukrainiens et les Europ\u00e9ens se retrouvent en Suisse demain pour en parler<\/a><a href=\"https:\/\/www.bfmtv.com\/international\/asie\/russie\/video-plan-de-paix-pour-l-ukraine-vladimir-poutine-ne-renoncera-jamais-a-conquerir-l-ukraine-observe-bruno-tertrais-directeur-adjoint-de-la-fondation-pour-la-recherche-strategique_VN-202511220348.html\" title=\"&quot;Plan de paix&quot; pour l&#039;Ukraine:  &quot;Vladimir Poutine ne renoncera jamais \u00e0 conqu\u00e9rir l&#039;Ukraine&quot;, observe Bruno Tertrais, directeur adjoint de la Fondation pour la recherche strat\u00e9gique\" rel=\"nofollow noopener\" target=\"_blank\"><img width=\"16\" height=\"9\" class=\"lozad\"  alt=\"&quot;Plan de paix&quot; pour l'Ukraine:  &quot;Vladimir Poutine ne renoncera jamais \u00e0 conqu\u00e9rir l'Ukraine&quot;, observe Bruno Tertrais, directeur adjoint de la Fondation pour la recherche strat\u00e9gique\"\/>1:10&Prime;Plan de paix\u00a0\u00bb pour l&rsquo;Ukraine: \u00ab\u00a0Vladimir Poutine ne renoncera jamais \u00e0 conqu\u00e9rir l&rsquo;Ukraine\u00a0\u00bb, observe Bruno Tertrais, directeur adjoint de la Fondation pour la recherche strat\u00e9gique<\/a><a href=\"https:\/\/www.bfmtv.com\/international\/asie\/russie\/video-plan-de-paix-pour-l-ukraine-on-essaye-d-y-mettre-fin-d-une-facon-ou-d-une-autre-declare-donald-trump_VN-202511220340.html\" title=\"&quot;Plan de paix&quot; pour l&#039;Ukraine:  &quot;On essaye d&#039;y mettre fin d&#039;une fa\u00e7on ou d&#039;une autre&quot;, d\u00e9clare Donald Trump\" rel=\"nofollow noopener\" target=\"_blank\"><img width=\"16\" height=\"9\" class=\"lozad\"  alt=\"&quot;Plan de paix&quot; pour l'Ukraine:  &quot;On essaye d'y mettre fin d'une fa\u00e7on ou d'une autre&quot;, d\u00e9clare Donald Trump\"\/>0:28&Prime;Plan de paix\u00a0\u00bb pour l&rsquo;Ukraine: \u00ab\u00a0On essaye d&rsquo;y mettre fin d&rsquo;une fa\u00e7on ou d&rsquo;une autre\u00a0\u00bb, d\u00e9clare Donald Trump<\/a><a href=\"https:\/\/www.bfmtv.com\/international\/asie\/russie\/video-plan-de-paix-pour-l-ukraine-pour-isabelle-lasserre-ex-correspondante-a-moscou-ce-plan-prouve-que-donald-trump-a-pris-deliberement-le-parti-de-vladimir-poutine_VN-202511220339.html\" title=\"&quot;Plan de paix&quot; pour l&#039;Ukraine: pour Isabelle Lasserre, ex-correspondante \u00e0 Moscou, &quot;ce plan prouve que Donald Trump a pris d\u00e9lib\u00e9r\u00e9ment le parti de Vladimir Poutine&quot;\" rel=\"nofollow noopener\" target=\"_blank\"><img width=\"16\" height=\"9\" class=\"lozad\"  alt=\"&quot;Plan de paix&quot; pour l'Ukraine: pour Isabelle Lasserre, ex-correspondante \u00e0 Moscou, &quot;ce plan prouve que Donald Trump a pris d\u00e9lib\u00e9r\u00e9ment le parti de Vladimir Poutine&quot;\"\/>2:34&Prime;Plan de paix\u00a0\u00bb pour l&rsquo;Ukraine: pour Isabelle Lasserre, ex-correspondante \u00e0 Moscou, \u00ab\u00a0ce plan prouve que Donald Trump a pris d\u00e9lib\u00e9r\u00e9ment le parti de Vladimir Poutine\u00a0\u00bb<\/a><a href=\"https:\/\/www.bfmtv.com\/international\/asie\/russie\/video-guerre-en-ukraine-la-reaction-d-emmanuel-macron-concernant-le-plan-de-paix-de-donald-trump_VN-202511220326.html\" title=\"Guerre en Ukraine: la r\u00e9action d&#039;Emmanuel Macron concernant le &quot;plan de paix&quot; de Donald Trump\" rel=\"nofollow noopener\" target=\"_blank\"><img width=\"16\" height=\"9\" class=\"lozad\"  alt=\"Guerre en Ukraine: la r\u00e9action d'Emmanuel Macron concernant le &quot;plan de paix&quot; de Donald Trump\"\/>10:15Guerre en Ukraine: la r\u00e9action d&rsquo;Emmanuel Macron concernant le \u00ab\u00a0plan de paix\u00a0\u00bb de Donald Trump<\/a><a href=\"https:\/\/www.bfmtv.com\/international\/asie\/russie\/video-plan-de-paix-pour-l-ukraine-la-tension-est-avec-la-russie-c-est-la-russie-qui-depuis-mars-ne-veut-pas-le-cessez-le-feu-declare-emmanuel-macron_VN-202511220324.html\" title=\"&quot;Plan de paix&quot; pour l&#039;Ukraine : &quot;La tension est avec la Russie [...] c&#039;est la Russie qui depuis mars ne veut pas le cessez-le-feu&quot;, d\u00e9clare Emmanuel Macron\" rel=\"nofollow noopener\" target=\"_blank\"><img width=\"16\" height=\"9\" class=\"lozad\"  alt=\"&quot;Plan de paix&quot; pour l'Ukraine : &quot;La tension est avec la Russie [...] c'est la Russie qui depuis mars ne veut pas le cessez-le-feu&quot;, d\u00e9clare Emmanuel Macron\"\/>en lecture\u00a0\u00bbPlan de paix\u00a0\u00bb pour l&rsquo;Ukraine : \u00ab\u00a0La tension est avec la Russie [&#8230;] c&rsquo;est la Russie qui depuis mars ne veut pas le cessez-le-feu\u00a0\u00bb, d\u00e9clare Emmanuel Macron<\/a><a href=\"https:\/\/www.bfmtv.com\/international\/asie\/russie\/video-guerre-en-ukraine-toute-initiative-pour-la-paix-est-bonne-declare-emmanuel-macron_VN-202511220317.html\" title=\"Guerre en Ukraine: &quot;Toute initiative pour la paix est bonne&quot;, d\u00e9clare Emmanuel Macron\" rel=\"nofollow noopener\" target=\"_blank\"><img width=\"16\" height=\"9\" class=\"lozad\"  alt=\"Guerre en Ukraine: &quot;Toute initiative pour la paix est bonne&quot;, d\u00e9clare Emmanuel Macron\"\/>1:23Guerre en Ukraine: \u00ab\u00a0Toute initiative pour la paix est bonne\u00a0\u00bb, d\u00e9clare Emmanuel Macron<\/a><a href=\"https:\/\/www.bfmtv.com\/international\/asie\/russie\/video-guerre-en-ukraine-marco-rubio-et-steve-witkoff-seront-presents-a-geneve-pour-discuter-du-plan-de-paix-de-donald-trump_VN-202511220314.html\" title=\"Guerre en Ukraine: Marco Rubio et Steve Witkoff seront pr\u00e9sents \u00e0 Gen\u00e8ve pour discuter du plan de paix de Donald Trump\" rel=\"nofollow noopener\" target=\"_blank\"><img width=\"16\" height=\"9\" class=\"lozad\"  alt=\"Guerre en Ukraine: Marco Rubio et Steve Witkoff seront pr\u00e9sents \u00e0 Gen\u00e8ve pour discuter du plan de paix de Donald Trump\"\/>2:43Guerre en Ukraine: Marco Rubio et Steve Witkoff seront pr\u00e9sents \u00e0 Gen\u00e8ve pour discuter du plan de paix de Donald Trump<\/a><a href=\"https:\/\/www.bfmtv.com\/international\/asie\/russie\/video-plan-de-paix-pour-l-ukraine-donald-trump-met-la-pression-sur-kiev_VN-202511220305.html\" title=\"&quot;Plan de paix&quot; pour l&#039;Ukraine: Donald Trump met la pression sur Kiev\" rel=\"nofollow noopener\" target=\"_blank\"><img width=\"16\" height=\"9\" class=\"lozad\"  alt=\"&quot;Plan de paix&quot; pour l'Ukraine: Donald Trump met la pression sur Kiev\"\/>1:25&Prime;Plan de paix\u00a0\u00bb pour l&rsquo;Ukraine: Donald Trump met la pression sur Kiev<\/a><a href=\"https:\/\/www.bfmtv.com\/international\/asie\/russie\/video-guerre-en-ukraine-donald-trump-affirme-que-si-volodymyr-zelensky-n-accepte-pas-le-plan-de-paix-les-etats-unis-retireront-leur-aide-a-kiev_VN-202511220137.html\" title=\"Guerre en Ukraine: Donald Trump affirme que si Volodymyr Zelensky n&#039;accepte pas le plan de paix, les \u00c9tats-Unis retireront leur aide \u00e0 Kiev\" rel=\"nofollow noopener\" target=\"_blank\"><img width=\"16\" height=\"9\" class=\"lozad\"  alt=\"Guerre en Ukraine: Donald Trump affirme que si Volodymyr Zelensky n'accepte pas le plan de paix, les \u00c9tats-Unis retireront leur aide \u00e0 Kiev\"\/>0:51Guerre en Ukraine: Donald Trump affirme que si Volodymyr Zelensky n&rsquo;accepte pas le plan de paix, les \u00c9tats-Unis retireront leur aide \u00e0 Kiev<\/a><a href=\"https:\/\/www.bfmtv.com\/international\/asie\/russie\/video-guerre-en-ukraine-que-contient-le-plan-de-paix-propose-par-donald-trump_VN-202511220114.html\" title=\"Guerre en Ukraine: que contient le plan de paix propos\u00e9 par Donald Trump?\" rel=\"nofollow noopener\" target=\"_blank\"><img width=\"16\" height=\"9\" class=\"lozad\"  alt=\"Guerre en Ukraine: que contient le plan de paix propos\u00e9 par Donald Trump?\"\/>1:31Guerre en Ukraine: que contient le plan de paix propos\u00e9 par Donald Trump?<\/a><a href=\"https:\/\/www.bfmtv.com\/international\/asie\/russie\/video-plan-de-paix-en-ukraine-quand-on-regarde-ce-plan-rien-n-a-change-depuis-declare-alla-poedie-consultante-et-analyste-geopolitique_VN-202511210977.html\" title=\"&quot;Plan de paix&quot; en Ukraine: &quot;Quand on regarde ce plan, rien n&#039;a chang\u00e9 depuis&quot;, d\u00e9clare Alla Poedie, consultante et analyste g\u00e9opolitique\" rel=\"nofollow noopener\" target=\"_blank\"><img width=\"16\" height=\"9\" class=\"lozad\"  alt=\"&quot;Plan de paix&quot; en Ukraine: &quot;Quand on regarde ce plan, rien n'a chang\u00e9 depuis&quot;, d\u00e9clare Alla Poedie, consultante et analyste g\u00e9opolitique\"\/>1:12&Prime;Plan de paix\u00a0\u00bb en Ukraine: \u00ab\u00a0Quand on regarde ce plan, rien n&rsquo;a chang\u00e9 depuis\u00a0\u00bb, d\u00e9clare Alla Poedie, consultante et analyste g\u00e9opolitique<\/a><a href=\"https:\/\/www.bfmtv.com\/international\/asie\/russie\/video-plan-de-paix-en-ukraine-si-l-objectif-est-clair-les-moyens-pour-y-parvenir-sont-un-peu-zigzagants-observe-michel-goya-historien-militaire_VN-202511210921.html\" title=\"&quot;Plan de paix&quot; en Ukraine: &quot;Si l&#039;objectif est clair, les moyens pour y parvenir sont un peu zigzagants&quot;, observe Michel Goya, historien militaire\" rel=\"nofollow noopener\" target=\"_blank\"><img width=\"16\" height=\"9\" class=\"lozad\"  alt=\"&quot;Plan de paix&quot; en Ukraine: &quot;Si l'objectif est clair, les moyens pour y parvenir sont un peu zigzagants&quot;, observe Michel Goya, historien militaire\"\/>2:30&Prime;Plan de paix\u00a0\u00bb en Ukraine: \u00ab\u00a0Si l&rsquo;objectif est clair, les moyens pour y parvenir sont un peu zigzagants\u00a0\u00bb, observe Michel Goya, historien militaire<\/a><a href=\"https:\/\/www.bfmtv.com\/international\/asie\/russie\/video-donald-trump-juge-que-le-27-novembre-est-une-limite-adequate-pour-que-kiev-accepte-son-plan-de-paix_VN-202511210908.html\" title=\"Donald Trump juge que le 27 novembre est une limite &quot;ad\u00e9quate&quot; pour que Kiev accepte son &quot;plan de paix&quot;\" rel=\"nofollow noopener\" target=\"_blank\"><img width=\"16\" height=\"9\" class=\"lozad\"  alt=\"Donald Trump juge que le 27 novembre est une limite &quot;ad\u00e9quate&quot; pour que Kiev accepte son &quot;plan de paix&quot;\"\/>1:38Donald Trump juge que le 27 novembre est une limite \u00ab\u00a0ad\u00e9quate\u00a0\u00bb pour que Kiev accepte son \u00ab\u00a0plan de paix\u00a0\u00bb<\/a><a class=\"jumpToVideo\" target=\"_blank\"><img class=\"thumbnailPreview\"\/><\/a><\/p>\n","protected":false},"excerpt":{"rendered":"\u00ab\u00a0Plan de paix\u00a0\u00bb pour l&rsquo;Ukraine : \u00ab\u00a0La tension est avec la Russie [&#8230;] c&rsquo;est la Russie qui depuis&hellip;\n","protected":false},"author":2,"featured_media":551943,"comment_status":"","ping_status":"","sticky":false,"template":"","format":"standard","meta":{"footnotes":""},"categories":[1591],"tags":[11,1887,12,1885,1886,132],"class_list":{"0":"post-551942","1":"post","2":"type-post","3":"status-publish","4":"format-standard","5":"has-post-thumbnail","7":"category-russie","8":"tag-actualites","9":"tag-federation-de-russie","10":"tag-news","11":"tag-russia","12":"tag-russian-federation","13":"tag-russie"},"share_on_mastodon":{"url":"https:\/\/pubeurope.com\/@fr\/115595025118958543","error":""},"_links":{"self":[{"href":"https:\/\/www.europesays.com\/fr\/wp-json\/wp\/v2\/posts\/551942","targetHints":{"allow":["GET"]}}],"collection":[{"href":"https:\/\/www.europesays.com\/fr\/wp-json\/wp\/v2\/posts"}],"about":[{"href":"https:\/\/www.europesays.com\/fr\/wp-json\/wp\/v2\/types\/post"}],"author":[{"embeddable":true,"href":"https:\/\/www.europesays.com\/fr\/wp-json\/wp\/v2\/users\/2"}],"replies":[{"embeddable":true,"href":"https:\/\/www.europesays.com\/fr\/wp-json\/wp\/v2\/comments?post=551942"}],"version-history":[{"count":0,"href":"https:\/\/www.europesays.com\/fr\/wp-json\/wp\/v2\/posts\/551942\/revisions"}],"wp:featuredmedia":[{"embeddable":true,"href":"https:\/\/www.europesays.com\/fr\/wp-json\/wp\/v2\/media\/551943"}],"wp:attachment":[{"href":"https:\/\/www.europesays.com\/fr\/wp-json\/wp\/v2\/media?parent=551942"}],"wp:term":[{"taxonomy":"category","embeddable":true,"href":"https:\/\/www.europesays.com\/fr\/wp-json\/wp\/v2\/categories?post=551942"},{"taxonomy":"post_tag","embeddable":true,"href":"https:\/\/www.europesays.com\/fr\/wp-json\/wp\/v2\/tags?post=551942"}],"curies":[{"name":"wp","href":"https:\/\/api.w.org\/{rel}","templated":true}]}}