{"id":551944,"date":"2025-11-22T19:34:18","date_gmt":"2025-11-22T19:34:18","guid":{"rendered":"https:\/\/www.europesays.com\/fr\/551944\/"},"modified":"2025-11-22T19:34:18","modified_gmt":"2025-11-22T19:34:18","slug":"donald-trump-et-la-trahison-de-thanksgiving","status":"publish","type":"post","link":"https:\/\/www.europesays.com\/fr\/551944\/","title":{"rendered":"Donald Trump et la trahison de Thanksgiving"},"content":{"rendered":"<p>Aux \u00c9tats-Unis<strong>, <\/strong>le jour de Thanksgiving, qui cette ann\u00e9e est c\u00e9l\u00e9br\u00e9 le 27\u202fnovembre, est celui o\u00f9 l\u2019on prend le temps de remercier son prochain, de lui signifier sa gratitude. Est-ce par pur cynisme ou par un simple hasard du calendrier que <a href=\"https:\/\/www.google.com\/url?client=internal-element-cse&amp;cx=7224492ce357c42ad&amp;q=https:\/\/www.latribune.fr\/economie\/international\/ce-qu-il-faut-savoir-avant-la-rencontre-entre-trump-et-zelensky-1031242.html&amp;sa=U&amp;ved=2ahUKEwjZifW6s4aRAxXdRkEAHXP2IC0QFnoECAEQAg&amp;usg=AOvVaw3PEvQ2RQg4JnM7ZPFh68Rm\" target=\"_blank\" rel=\"noopener\">Donald Trump<\/a> a fix\u00e9 cette date butoir \u00e0 <a href=\"https:\/\/www.google.com\/url?client=internal-element-cse&amp;cx=7224492ce357c42ad&amp;q=https:\/\/www.latribune.fr\/article\/la-tribune-dimanche\/dans-le-monde\/2132920108283914\/ukraine-la-colere-des-militaires-face-au-scandale-de-corruption&amp;sa=U&amp;ved=2ahUKEwjz8P_Gs4aRAxVIU6QEHarbCIQQFnoECAUQAg&amp;usg=AOvVaw1qsg_kTgRBhXmqXCZil-hs\" target=\"_blank\" rel=\"noopener\">Volodymyr Zelensky<\/a> pour qu\u2019il valide le plan de paix que lui a soumis son administration\u2009?<\/p>\n<p>Concoct\u00e9 par l\u2019\u00e9missaire sp\u00e9cial de Trump, Steve Witkoff, et l\u2019homme d\u2019affaires russe Kirill Dmitriev, ce projet en 28\u202fpoints \u00e9pouse largement les positions maximalistes formul\u00e9es par le Kremlin depuis des mois. Il pr\u00e9voit, entre autres, que Kiev c\u00e8de non seulement les zones actuellement sous la coupe de Moscou mais aussi celles du <a href=\"https:\/\/www.google.com\/url?client=internal-element-cse&amp;cx=7224492ce357c42ad&amp;q=https:\/\/www.latribune.fr\/la-tribune-dimanche\/dans-le-monde\/sur-le-front-du-donbass-la-hantise-de-la-reddition-1019002.html&amp;sa=U&amp;ved=2ahUKEwjTo4D3s4aRAxWhOPsDHWc9LpoQFnoECAEQAg&amp;usg=AOvVaw18tIWT08vESog1J7jajMDT\" target=\"_blank\" rel=\"noopener\">Donbass<\/a> qui sont encore sous contr\u00f4le ukrainien.<\/p>\n","protected":false},"excerpt":{"rendered":"Aux \u00c9tats-Unis, le jour de Thanksgiving, qui cette ann\u00e9e est c\u00e9l\u00e9br\u00e9 le 27\u202fnovembre, est celui o\u00f9 l\u2019on prend&hellip;\n","protected":false},"author":2,"featured_media":551945,"comment_status":"","ping_status":"","sticky":false,"template":"","format":"standard","meta":{"footnotes":""},"categories":[1590],"tags":[17,11,15016,1777,674,3102,12,2403,5355,66929,18862,467,220],"class_list":{"0":"post-551944","1":"post","2":"type-post","3":"status-publish","4":"format-standard","5":"has-post-thumbnail","7":"category-ukraine","8":"tag-17","9":"tag-actualites","10":"tag-donald","11":"tag-eu","12":"tag-europe","13":"tag-la-tribune-dimanche","14":"tag-news","15":"tag-paix","16":"tag-plan","17":"tag-thanksgiving","18":"tag-trahison","19":"tag-trump","20":"tag-ukraine"},"share_on_mastodon":{"url":"https:\/\/pubeurope.com\/@fr\/115595028991354686","error":""},"_links":{"self":[{"href":"https:\/\/www.europesays.com\/fr\/wp-json\/wp\/v2\/posts\/551944","targetHints":{"allow":["GET"]}}],"collection":[{"href":"https:\/\/www.europesays.com\/fr\/wp-json\/wp\/v2\/posts"}],"about":[{"href":"https:\/\/www.europesays.com\/fr\/wp-json\/wp\/v2\/types\/post"}],"author":[{"embeddable":true,"href":"https:\/\/www.europesays.com\/fr\/wp-json\/wp\/v2\/users\/2"}],"replies":[{"embeddable":true,"href":"https:\/\/www.europesays.com\/fr\/wp-json\/wp\/v2\/comments?post=551944"}],"version-history":[{"count":0,"href":"https:\/\/www.europesays.com\/fr\/wp-json\/wp\/v2\/posts\/551944\/revisions"}],"wp:featuredmedia":[{"embeddable":true,"href":"https:\/\/www.europesays.com\/fr\/wp-json\/wp\/v2\/media\/551945"}],"wp:attachment":[{"href":"https:\/\/www.europesays.com\/fr\/wp-json\/wp\/v2\/media?parent=551944"}],"wp:term":[{"taxonomy":"category","embeddable":true,"href":"https:\/\/www.europesays.com\/fr\/wp-json\/wp\/v2\/categories?post=551944"},{"taxonomy":"post_tag","embeddable":true,"href":"https:\/\/www.europesays.com\/fr\/wp-json\/wp\/v2\/tags?post=551944"}],"curies":[{"name":"wp","href":"https:\/\/api.w.org\/{rel}","templated":true}]}}