{"id":551946,"date":"2025-11-22T19:35:21","date_gmt":"2025-11-22T19:35:21","guid":{"rendered":"https:\/\/www.europesays.com\/fr\/551946\/"},"modified":"2025-11-22T19:35:21","modified_gmt":"2025-11-22T19:35:21","slug":"pourquoi-marjorie-taylor-greene-ex-fidele-de-trump-demissionne-du-congres","status":"publish","type":"post","link":"https:\/\/www.europesays.com\/fr\/551946\/","title":{"rendered":"Pourquoi Marjorie Taylor-Greene, ex-fid\u00e8le de Trump, d\u00e9missionne du Congr\u00e8s"},"content":{"rendered":"<p>Les habitants de G\u00e9orgie disaient d&rsquo;elle en\u00a02020\u00a0qu&rsquo;elle\u00a0\u00e9tait \u00ab\u00a0<a class=\"Link\" href=\"https:\/\/www.lepoint.fr\/monde\/marjorie-taylor-greene-la-complotiste-qanon-en-route-vers-le-congres-01-11-2020-2398974_24.php\" title=\"\" data-gtm=\"click:capsule\" data-capsule=\"Lien\" target=\"_blank\" rel=\"noopener\">Trump en femme<\/a>\u00a0\u00bb tant elle se montrait loyale envers le pr\u00e9sident am\u00e9ricain. Vendredi soir, dans une vid\u00e9o de plus de\u00a010\u00a0minutes sur Twitter, Marjorie Taylor-Greene a annonc\u00e9 qu&rsquo;elle quitterait son si\u00e8ge \u00e0 la Chambre des repr\u00e9sentants, le 5\u00a0janvier 2026. \u00ab\u00a0J&rsquo;ai toujours repr\u00e9sent\u00e9 l&rsquo;homme et la femme am\u00e9ricains de la rue, en tant que membre de la Chambre, raison pour laquelle j&rsquo;ai toujours \u00e9t\u00e9 m\u00e9pris\u00e9e \u00e0 Washington DC et je ne m&rsquo;y suis jamais sentie \u00e0 ma place\u00a0\u00bb, dit-elle.\u00a0Sur quatre pages, elle d\u00e9nonce la dette qui cro\u00eet, le pouvoir des lobbys \u00e0 Washington, la mort des PME aval\u00e9es par les \u00ab\u00a0grandes corporations\u00a0\u00bb, les emplois am\u00e9ricains vol\u00e9s par les \u00e9trangers \u00ab\u00a0clandestins ou l\u00e9gaux\u00a0\u00bb, le d\u00e9clin du pouvoir d&rsquo;achat et la&#8230;<\/p>\n<p>Toute l\u2019actualit\u00e9 \u00e0 1\u20ac le premier mois<\/p>\n<p><a href=\"https:\/\/abo.lepoint.fr\/?provenance=21EDI020098\" class=\"btn\" title=\"S&#039;abonner\" data-gtm=\"click:abo|display:abo\" data-campaign=\"paywall_maison\" target=\"_blank\" rel=\"noopener\">S&rsquo;abonner<\/a><\/p>\n<p>ou<\/p>\n","protected":false},"excerpt":{"rendered":"Les habitants de G\u00e9orgie disaient d&rsquo;elle en\u00a02020\u00a0qu&rsquo;elle\u00a0\u00e9tait \u00ab\u00a0Trump en femme\u00a0\u00bb tant elle se montrait loyale envers le pr\u00e9sident&hellip;\n","protected":false},"author":2,"featured_media":551947,"comment_status":"","ping_status":"","sticky":false,"template":"","format":"standard","meta":{"footnotes":""},"categories":[1589],"tags":[11,75,73,1866,66930,12,1864,1865,1863,308],"class_list":{"0":"post-551946","1":"post","2":"type-post","3":"status-publish","4":"format-standard","5":"has-post-thumbnail","7":"category-etats-unis","8":"tag-actualites","9":"tag-donald-trump","10":"tag-etats-unis","11":"tag-etats-unis-damerique","12":"tag-marjorie-taylor-greene","13":"tag-news","14":"tag-united-states","15":"tag-united-states-of-america","16":"tag-us","17":"tag-usa"},"share_on_mastodon":{"url":"https:\/\/pubeurope.com\/@fr\/115595032935531264","error":""},"_links":{"self":[{"href":"https:\/\/www.europesays.com\/fr\/wp-json\/wp\/v2\/posts\/551946","targetHints":{"allow":["GET"]}}],"collection":[{"href":"https:\/\/www.europesays.com\/fr\/wp-json\/wp\/v2\/posts"}],"about":[{"href":"https:\/\/www.europesays.com\/fr\/wp-json\/wp\/v2\/types\/post"}],"author":[{"embeddable":true,"href":"https:\/\/www.europesays.com\/fr\/wp-json\/wp\/v2\/users\/2"}],"replies":[{"embeddable":true,"href":"https:\/\/www.europesays.com\/fr\/wp-json\/wp\/v2\/comments?post=551946"}],"version-history":[{"count":0,"href":"https:\/\/www.europesays.com\/fr\/wp-json\/wp\/v2\/posts\/551946\/revisions"}],"wp:featuredmedia":[{"embeddable":true,"href":"https:\/\/www.europesays.com\/fr\/wp-json\/wp\/v2\/media\/551947"}],"wp:attachment":[{"href":"https:\/\/www.europesays.com\/fr\/wp-json\/wp\/v2\/media?parent=551946"}],"wp:term":[{"taxonomy":"category","embeddable":true,"href":"https:\/\/www.europesays.com\/fr\/wp-json\/wp\/v2\/categories?post=551946"},{"taxonomy":"post_tag","embeddable":true,"href":"https:\/\/www.europesays.com\/fr\/wp-json\/wp\/v2\/tags?post=551946"}],"curies":[{"name":"wp","href":"https:\/\/api.w.org\/{rel}","templated":true}]}}