{"id":551950,"date":"2025-11-22T19:38:30","date_gmt":"2025-11-22T19:38:30","guid":{"rendered":"https:\/\/www.europesays.com\/fr\/551950\/"},"modified":"2025-11-22T19:38:30","modified_gmt":"2025-11-22T19:38:30","slug":"coupe-davis-lespagne-en-finale-apres-son-succes-sur-lallemagne-sports","status":"publish","type":"post","link":"https:\/\/www.europesays.com\/fr\/551950\/","title":{"rendered":"Coupe Davis : L&rsquo;Espagne en finale apr\u00e8s son succ\u00e8s sur l&rsquo;Allemagne : Sports"},"content":{"rendered":"<p class=\"date\">\n                                                            Mathieu Warnier, Media365, publi\u00e9 le samedi 22 novembre 2025 \u00e0 20h00\n                                                    <\/p>\n<p>Au bout du double d\u00e9cisif remport\u00e9 par Marcel Granollers et Pedro Martinez, l&rsquo;Espagne a eu le dernier mot face \u00e0 l&rsquo;Allemagne d&rsquo;Alexander Zverev (2-1) et affrontera l&rsquo;Italie ce dimanche en finale de la Coupe Davis.<\/p>\n<p>M\u00eame sans Carlos Alcaraz, l&rsquo;Espagne sera au rendez-vous. Au terme d&rsquo;une journ\u00e9e crispante, les joueurs du capitaine David Ferrer ont su avoir le dernier mot contre l&rsquo;Allemagne et va disputer sa premi\u00e8re finale de Coupe Davis depuis son succ\u00e8s en 2019. Une rencontre que Pablo Carre\u00f1o-Busta a lanc\u00e9 sur de bonnes bases face \u00e0 Jan-Lennard Struff. La premi\u00e8re manche a tout d&rsquo;abord vu les deux joueurs s&rsquo;\u00e9changer un break avant de maintenir un statu-quo. Alors que tout indiquait qu&rsquo;un jeu d\u00e9cisif \u00e9tait possible, l&rsquo;Allemand a craqu\u00e9 au moment de servir pour rester dans le set. La premi\u00e8re occasion de conclure a \u00e9t\u00e9 la bonne pour l&rsquo;Espagnol.<\/p>\n<p>Dos au mur, Jan-Lennard Struff a mis d&rsquo;entr\u00e9e Pablo Carre\u00f1o-Busta sous pression mais il a manqu\u00e9 de tranchant pour prendre l&rsquo;avantage sur la balle de break obtenue d\u00e8s le premier jeu. Un scenario qui s&rsquo;est reproduit lors du cinqui\u00e8me jeu. Apr\u00e8s avoir fait le dos rond, le 89eme mondial a hauss\u00e9 le ton quand son adversaire a engag\u00e9 pour rester dans le match. Il a ainsi obtenu trois balles de match sans parvenir \u00e0 les convertir. La d\u00e9cision s&rsquo;est alors faite au jeu d\u00e9cisif. Remportant six des sept premiers points, Jan-Lennard Struff \u00e9tait en parfaite position pour prolonger le suspense mais il a alors craqu\u00e9. S&rsquo;arrogeant les sept points suivants, Pablo Carre\u00f1o-Busta a offert le premier point \u00e0 l&rsquo;Espagne (6-4, 7-6 en 1h46&prime;).<\/p>\n<p>Zverev a redonn\u00e9 espoir \u00e0 l&rsquo;Allemagne<\/p>\n<p>Un r\u00e9sultat qui n&rsquo;a pas donn\u00e9 le droit \u00e0 l&rsquo;erreur \u00e0 Alexander Zverev au moment d&rsquo;entrer sur le court pour affronter Jaume Munar. Le num\u00e9ro 3 mondial a tr\u00e8s vite fait respecter la hi\u00e9rarchie avec un break pr\u00e9coce lui permettant de mener trois jeux \u00e0 un. Sauf que le 36eme mondial a fait preuve de caract\u00e8re pour effacer son retard, recollant imm\u00e9diatement \u00e0 trois jeux partout. A partir de l\u00e0, les deux joueurs se sont neutralis\u00e9s et un jeu d\u00e9cisif a \u00e9t\u00e9 imp\u00e9ratif pour faire la d\u00e9cision. Si les trois premiers points ont \u00e9t\u00e9 conclus en faveur de celui qui servait, Alexander Zverev a hauss\u00e9 le ton. Remportant au total sept des huit derniers \u00e9changes, c&rsquo;est \u00e0 la premi\u00e8re balle de set qu&rsquo;il a vir\u00e9 en t\u00eate dans ce deuxi\u00e8me match.<\/p>\n<p>La deuxi\u00e8me manche a d\u00e9marr\u00e9 avec un scenario miroir de celui de la pr\u00e9c\u00e9dente. En effet, c&rsquo;est Jaume Munar qui a \u00e9t\u00e9 le premier \u00e0 taper du poing sur la table. L&rsquo;Espagnol a pris le service de l&rsquo;Allemand pour mener trois jeux \u00e0 rien. Sauf qu&rsquo;Alexander Zverev a su sortir de sa torpeur pour effacer le retard \u00e0 peine conc\u00e9d\u00e9. D\u00e8s lors, aucun des deux joueurs n&rsquo;a pu \u00eatre mis en difficult\u00e9 sur son engagement avec seulement deux jeux conclus apr\u00e8s une \u00e9galit\u00e9. L\u00e0-encore, un jeu d\u00e9cisif a permis de d\u00e9partager l&rsquo;Allemand et l&rsquo;Espagnol. D&rsquo;entr\u00e9e, le num\u00e9ro 3 mondial a pris la main pour mener quatre jeux \u00e0 un. Les \u00e9changes remport\u00e9s par le serveur se sont alors multipli\u00e9s et c&rsquo;est \u00e0 la troisi\u00e8me balle de match, la premi\u00e8re sur son engagement, qu&rsquo;Alexander Zverev a maintenu l&rsquo;Allemagne en vie (7-6, 7-6 en 2h02&prime;).<\/p>\n<p>Granollers et Martinez envoient l&rsquo;Espagne en finale<\/p>\n<p>Le double a alors \u00e9t\u00e9 n\u00e9cessaire pour d\u00e9signer le finaliste de cette \u00e9dition 2025 de la Coupe Davis. Marcel Granollers et Pedro Martinez ont d\u00e9marr\u00e9 tambour battant avec deux breaks d&rsquo;entr\u00e9e pour mener quatre jeux \u00e0 rien. Kevin Krawietz et Tim Puetz ont essay\u00e9 tardivement de r\u00e9agir mais leurs deux balles de d\u00e9break n&rsquo;ont pas \u00e9t\u00e9 converties. La premi\u00e8re balle de set a alors \u00e9t\u00e9 la bonne pour les Espagnols, rapprochant leur \u00e9quipe de la finale. L&rsquo;entame de la deuxi\u00e8me manche a vu les deux paires se neutraliser mais tout a bascul\u00e9 au terme du quatri\u00e8me jeu. Gr\u00e2ce \u00e0 un break blanc, les Allemands ont pris les devants au tableau d&rsquo;affichage pour ne plus les l\u00e2cher.<\/p>\n<p>Un service remport\u00e9 blanc leur a alors permis de relancer le suspense en poussant les Espagnols dans un troisi\u00e8me set de tous les dangers. Une explication finale qui a tout d&rsquo;abord vu les deux \u00e9quipes se tenir t\u00eate mais un quatri\u00e8me jeu remport\u00e9 blanc par Marcel Granollers et Pedro Martinez sur le service de Kevin Krawietz et Tim Puetz a permis \u00e0 l&rsquo;Espagne de faire la course en t\u00eate. Au moment de servir pour le match, les Ib\u00e9riques ont trembl\u00e9 avec une balle de d\u00e9break pour les Allemands mais ils ont su l&rsquo;\u00e9carter. La premi\u00e8re balle de match a alors \u00e9t\u00e9 la bonne (6-2, 3-6, 6-3 en 1h47&prime;) et permet \u00e0 l&rsquo;Espagne de rejoindre l&rsquo;Italie en finale de la Coupe Davis.<\/p>\n","protected":false},"excerpt":{"rendered":"Mathieu Warnier, Media365, publi\u00e9 le samedi 22 novembre 2025 \u00e0 20h00 Au bout du double d\u00e9cisif remport\u00e9 par&hellip;\n","protected":false},"author":2,"featured_media":551951,"comment_status":"","ping_status":"","sticky":false,"template":"","format":"standard","meta":{"footnotes":""},"categories":[1587],"tags":[11,672,1804,1805,1803,1777,674,1801,12,1802],"class_list":{"0":"post-551950","1":"post","2":"type-post","3":"status-publish","4":"format-standard","5":"has-post-thumbnail","7":"category-allemagne","8":"tag-actualites","9":"tag-allemagne","10":"tag-bundesrepublik-deutschland","11":"tag-de","12":"tag-deutschland","13":"tag-eu","14":"tag-europe","15":"tag-germany","16":"tag-news","17":"tag-republique-federale-dallemagne"},"share_on_mastodon":{"url":"https:\/\/pubeurope.com\/@fr\/115595044631954863","error":""},"_links":{"self":[{"href":"https:\/\/www.europesays.com\/fr\/wp-json\/wp\/v2\/posts\/551950","targetHints":{"allow":["GET"]}}],"collection":[{"href":"https:\/\/www.europesays.com\/fr\/wp-json\/wp\/v2\/posts"}],"about":[{"href":"https:\/\/www.europesays.com\/fr\/wp-json\/wp\/v2\/types\/post"}],"author":[{"embeddable":true,"href":"https:\/\/www.europesays.com\/fr\/wp-json\/wp\/v2\/users\/2"}],"replies":[{"embeddable":true,"href":"https:\/\/www.europesays.com\/fr\/wp-json\/wp\/v2\/comments?post=551950"}],"version-history":[{"count":0,"href":"https:\/\/www.europesays.com\/fr\/wp-json\/wp\/v2\/posts\/551950\/revisions"}],"wp:featuredmedia":[{"embeddable":true,"href":"https:\/\/www.europesays.com\/fr\/wp-json\/wp\/v2\/media\/551951"}],"wp:attachment":[{"href":"https:\/\/www.europesays.com\/fr\/wp-json\/wp\/v2\/media?parent=551950"}],"wp:term":[{"taxonomy":"category","embeddable":true,"href":"https:\/\/www.europesays.com\/fr\/wp-json\/wp\/v2\/categories?post=551950"},{"taxonomy":"post_tag","embeddable":true,"href":"https:\/\/www.europesays.com\/fr\/wp-json\/wp\/v2\/tags?post=551950"}],"curies":[{"name":"wp","href":"https:\/\/api.w.org\/{rel}","templated":true}]}}