{"id":551952,"date":"2025-11-22T19:40:18","date_gmt":"2025-11-22T19:40:18","guid":{"rendered":"https:\/\/www.europesays.com\/fr\/551952\/"},"modified":"2025-11-22T19:40:18","modified_gmt":"2025-11-22T19:40:18","slug":"le-chef-detat-major-des-armees-justifie-ses-propos-sur-la-menace-de-guerre-en-europe-liberation","status":"publish","type":"post","link":"https:\/\/www.europesays.com\/fr\/551952\/","title":{"rendered":"le chef d\u2019Etat-major des arm\u00e9es justifie ses propos sur la menace de guerre en Europe \u2013 Lib\u00e9ration"},"content":{"rendered":"<p class=\"sc-cPiKLX AiZTS text-element\">\u00abLa France doit accepter de perdre des enfants\u00bb. Pour la premi\u00e8re fois, le chef d\u2019Etat-major des arm\u00e9es s\u2019est exprim\u00e9 au sujet de <a href=\"https:\/\/www.liberation.fr\/international\/europe\/accepter-de-perdre-ses-enfants-le-monde-se-rearme-la-france-regarde-ailleurs-20251120_6NTRK5ALHNCWVNWUEDICWLAIFI\/\" target=\"_blank\" rel=\"nofollow noopener\" title=\"https:\/\/www.liberation.fr\/international\/europe\/accepter-de-perdre-ses-enfants-le-monde-se-rearme-la-france-regarde-ailleurs-20251120_6NTRK5ALHNCWVNWUEDICWLAIFI\/\">la phrase pol\u00e9mique<\/a> qu\u2019il a prononc\u00e9e devant les maires de France, mardi 18 novembre. \u00abJe mesure \u00e0 quel point certains ont pu \u00eatre inqui\u00e9t\u00e9s\u00bb mais \u00able r\u00f4le de cette intervention\u00bb \u00e9tait \u00abd\u2019alerter et de se pr\u00e9parer\u00bb, a-t-il expliqu\u00e9 sur France 5, dans l\u2019\u00e9mission C \u00e0 vous, car \u00able contexte se d\u00e9grade rapidement, il me paraissait important de partager avec les maires ce constat\u00bb.<\/p>\n<p class=\"sc-cPiKLX AiZTS text-element\">\u00abOn a la chance de vivre en paix depuis des ann\u00e9es, il faut comprendre malheureusement les risques et les dangers qui se profilent \u00e0 l\u2019horizon\u00bb, a-t-il ajout\u00e9. \u00abL\u2019analyse du danger pr\u00e9sent\u00e9e par la Russie\u00bb, \u00abc\u2019est quelque chose que tous nos alli\u00e9s en Europe partagent\u00bb et \u00abqui a \u00e9t\u00e9 \u00e9tabli dans un document\u00bb, a rappel\u00e9 le g\u00e9n\u00e9ral Mandon en r\u00e9f\u00e9rence \u00e0 la Revue nationale strat\u00e9gique de 2025, feuille de route des autorit\u00e9s.<\/p>\n<p class=\"sc-cPiKLX AiZTS text-element\">Selon ce document, la France doit \u00abse pr\u00e9parer \u00e0 l\u2019hypoth\u00e8se d\u2019un engagement majeur de haute intensit\u00e9 dans le voisinage de l\u2019Europe \u00e0 horizon 2027-2030, parall\u00e8le \u00e0 une hausse massive des attaques hybrides sur son territoire\u00bb.<\/p>\n<p class=\"sc-cPiKLX sc-crhfPb ka-DgwP kxwMat\">Le billet de Thomas Legrand<\/p>\n<p class=\"sc-cPiKLX AiZTS text-element\">Adoptant un ton calme et d\u2019apparence sereine malgr\u00e9 cette premi\u00e8re prise de parole \u00e0 la t\u00e9l\u00e9vision depuis mardi (\u00abje n\u2019ai pas l\u2019habitude des m\u00e9dias\u00bb), le g\u00e9n\u00e9ral a tenu n\u00e9anmoins \u00e0 rassurer. \u00abLes arm\u00e9es fran\u00e7aises sont une r\u00e9f\u00e9rence en Europe [\u2026] Elles sont tr\u00e8s fortes, et notre pays a toujours su faire face aux d\u00e9fis.\u00bb Les arm\u00e9es fran\u00e7aises sont compos\u00e9es de personnes jeunes de \u00ab18 \u00e0 30 ans\u00bb, a ajout\u00e9 Fabien Mandon, interrog\u00e9 sur ce qu\u2019il voulait dire en affirmant que la France devait \u00abaccepter de perdre ses enfants\u00bb. \u00abDes femmes et des hommes qui sont courageux, qui ont compris la situation dans laquelle on se trouvait, qui avaient envie de s\u2019engager, qui savent que cet engagement comporte des risques\u00bb.<\/p>\n<p class=\"sc-cPiKLX AiZTS text-element\">Mardi, devant le congr\u00e8s des maires de France, le g\u00e9n\u00e9ral avait jug\u00e9 n\u00e9cessaire que le pays restaure sa \u00abforce d\u2019\u00e2me pour accepter de nous faire mal pour prot\u00e9ger ce que l\u2019on est\u00bb et soit pr\u00eat \u00e0 \u00abaccepter de perdre ses enfants\u00bb, dans un contexte international de plus en plus tendu.<\/p>\n<p class=\"sc-cPiKLX AiZTS text-element\">Plusieurs personnalit\u00e9s politiques ont vertement critiqu\u00e9 ces d\u00e9clarations, reprochant au haut grad\u00e9 <a href=\"https:\/\/www.liberation.fr\/politique\/accepter-de-perdre-nos-enfants-les-propos-du-chef-des-armees-font-bondir-au-sein-de-la-classe-politique-20251120_XU37DA34K5CUFDDLUKOC27VWNY\/\" target=\"_blank\" rel=\"nofollow noopener\" title=\"https:\/\/www.liberation.fr\/politique\/accepter-de-perdre-nos-enfants-les-propos-du-chef-des-armees-font-bondir-au-sein-de-la-classe-politique-20251120_XU37DA34K5CUFDDLUKOC27VWNY\/\">un discours \u00abva-t-en guerre\u00bb<\/a>. Mais celui-ci a re\u00e7u ce samedi le soutien d\u2019Emmanuel Macron. Le chef d\u2019\u00e9tat-major des arm\u00e9es a \u00abtoute ma confiance\u00bb, a affirm\u00e9 le chef de l\u2019Etat lors d\u2019une conf\u00e9rence de presse au sommet du G20 \u00e0 a Johannesburg, en Afrique du Sud. Sa phrase a \u00e9t\u00e9 \u00abd\u00e9tourn\u00e9e\u00bb pour \u00abfaire peur\u00bb, a-t-il ajout\u00e9.<\/p>\n<p class=\"sc-cPiKLX AiZTS text-element\">\u00abLa France doit continuer d\u2019\u00eatre une nation forte, avec une arm\u00e9e forte, mais avec aussi une capacit\u00e9 de sursaut collective\u00bb, a ajout\u00e9 le pr\u00e9sident, en appelant \u00e0 \u00eatre \u00abconscient sur ces risques g\u00e9opolitiques et de nous tenir ensemble\u00bb.<\/p>\n","protected":false},"excerpt":{"rendered":"\u00abLa France doit accepter de perdre des enfants\u00bb. Pour la premi\u00e8re fois, le chef d\u2019Etat-major des arm\u00e9es s\u2019est&hellip;\n","protected":false},"author":2,"featured_media":551953,"comment_status":"","ping_status":"","sticky":false,"template":"","format":"standard","meta":{"footnotes":""},"categories":[1586],"tags":[11,1777,674,1011,27,12,25,132,297],"class_list":{"0":"post-551952","1":"post","2":"type-post","3":"status-publish","4":"format-standard","5":"has-post-thumbnail","7":"category-europe","8":"tag-actualites","9":"tag-eu","10":"tag-europe","11":"tag-fr","12":"tag-france","13":"tag-news","14":"tag-republique-francaise","15":"tag-russie","16":"tag-ukraine-la-crise"},"share_on_mastodon":{"url":"https:\/\/pubeurope.com\/@fr\/115595052702245652","error":""},"_links":{"self":[{"href":"https:\/\/www.europesays.com\/fr\/wp-json\/wp\/v2\/posts\/551952","targetHints":{"allow":["GET"]}}],"collection":[{"href":"https:\/\/www.europesays.com\/fr\/wp-json\/wp\/v2\/posts"}],"about":[{"href":"https:\/\/www.europesays.com\/fr\/wp-json\/wp\/v2\/types\/post"}],"author":[{"embeddable":true,"href":"https:\/\/www.europesays.com\/fr\/wp-json\/wp\/v2\/users\/2"}],"replies":[{"embeddable":true,"href":"https:\/\/www.europesays.com\/fr\/wp-json\/wp\/v2\/comments?post=551952"}],"version-history":[{"count":0,"href":"https:\/\/www.europesays.com\/fr\/wp-json\/wp\/v2\/posts\/551952\/revisions"}],"wp:featuredmedia":[{"embeddable":true,"href":"https:\/\/www.europesays.com\/fr\/wp-json\/wp\/v2\/media\/551953"}],"wp:attachment":[{"href":"https:\/\/www.europesays.com\/fr\/wp-json\/wp\/v2\/media?parent=551952"}],"wp:term":[{"taxonomy":"category","embeddable":true,"href":"https:\/\/www.europesays.com\/fr\/wp-json\/wp\/v2\/categories?post=551952"},{"taxonomy":"post_tag","embeddable":true,"href":"https:\/\/www.europesays.com\/fr\/wp-json\/wp\/v2\/tags?post=551952"}],"curies":[{"name":"wp","href":"https:\/\/api.w.org\/{rel}","templated":true}]}}