{"id":551954,"date":"2025-11-22T19:41:14","date_gmt":"2025-11-22T19:41:14","guid":{"rendered":"https:\/\/www.europesays.com\/fr\/551954\/"},"modified":"2025-11-22T19:41:14","modified_gmt":"2025-11-22T19:41:14","slug":"le-g20-boycotte-par-donald-trump-adopte-une-declaration-voici-les-quatre-points-essentiels","status":"publish","type":"post","link":"https:\/\/www.europesays.com\/fr\/551954\/","title":{"rendered":"Le G20\u00a0boycott\u00e9 par Donald Trump adopte une d\u00e9claration, voici les quatre points essentiels"},"content":{"rendered":"<p>        <img decoding=\"async\" loading=\"lazy\" src=\"https:\/\/www.europesays.com\/fr\/wp-content\/uploads\/2025\/11\/77fcb49_upload-1-24jsfokpsuey-afp-20251122-84ua24g-v1-highres-safricag20summit.jpg\"  width=\"728\" height=\"409\" alt=\"Joao Lourenco (Union africaine), Mark Carney (Canada), Emmanuel Macron, Fredrich Merz (Allemagne) et Narendra Modi (Inde) lors du G20\u00a0\u00e0 Johannesburg ce 22\u00a0novembre. \"\/>  <\/p>\n<p>GIANLUIGI GUERCIA \/ AFP<\/p>\n<p>Joao Lourenco (Union africaine), Mark Carney (Canada), Emmanuel Macron, Fredrich Merz (Allemagne) et Narendra Modi (Inde) lors du G20\u00a0\u00e0 Johannesburg ce 22\u00a0novembre. <\/p>\n<p class=\"asset asset-text\">La capacit\u00e9 du <a href=\"https:\/\/www.huffingtonpost.fr\/international\/article\/le-discours-pessimiste-d-emmanuel-macron-sur-le-g20-nous-avons-beaucoup-de-mal_257418.html\" rel=\"nofollow noopener\" target=\"_blank\">G20<\/a> \u00e0 r\u00e9gler les crises internationales est menac\u00e9e par les divisions et les rivalit\u00e9s g\u00e9opolitiques, ont mis en garde <a href=\"https:\/\/www.huffingtonpost.fr\/politique\/video\/perdre-nos-enfants-macron-renouvelle-sa-confiance-a-mandon-apres-sa-sortie-au-congres-des-maires_257427.html\" rel=\"nofollow noopener\" target=\"_blank\">Emmanuel Macron<\/a> et plusieurs dirigeants ce samedi 22\u00a0novembre, au premier jour de leur sommet \u00e0 Johannesburg boycott\u00e9 par <a href=\"https:\/\/www.huffingtonpost.fr\/international\/video\/etats-unis-la-rencontre-trump-mamdani-ne-s-est-pas-passee-comme-on-aurait-pu-l-imaginer_257403.html\" rel=\"nofollow noopener\" target=\"_blank\">Donald Trump<\/a> et bouscul\u00e9 par son plan sur l\u2019Ukraine.<\/p>\n<p class=\"asset asset-text\">Malgr\u00e9 les doutes sur la vitalit\u00e9 de cette organisation qui regroupe 19 pays plus l\u2019Union europ\u00e9enne et l\u2019Union africaine (soit 85\u00a0% du PIB mondial et environ deux tiers de la population), une d\u00e9claration d\u2019intentions a \u00e9t\u00e9 rendue public dans la journ\u00e9e.<\/p>\n<p class=\"asset asset-text\"><strong>Voici les principaux points \u00e0 en retenir.<\/strong><\/p>\n<p>    Minerais strat\u00e9giques    <\/p>\n<p class=\"asset asset-text\">Les restrictions impos\u00e9es par P\u00e9kin sur ses exportations de terres rares ont mis en lumi\u00e8re la d\u00e9pendance de nombreux pays envers ces mati\u00e8res premi\u00e8res et d\u2019autres minerais dits strat\u00e9giques\u00a0: ils sont indispensables \u00e0 la transition \u00e9nerg\u00e9tique, dans les batteries des voitures \u00e9lectriques ou les \u00e9oliennes, mais aussi pour de nombreux produits \u00e9lectroniques, \u00e0 commencer par les puces qui font fonctionner l\u2019intelligence artificielle.<\/p>\n<p class=\"asset asset-text\">\u00c0 l\u2019heure o\u00f9 nombre de pays redoublent d\u2019effort pour s\u00e9curiser leur approvisionnement, les dirigeants du G20 disent vouloir mieux le prot\u00e9ger des chocs, notamment g\u00e9opolitiques ou commerciaux.<\/p>\n<p class=\"asset asset-text\">\u00ab\u00a0Nous cherchons \u00e0 garantir que la cha\u00eene de valeur des minerais strat\u00e9giques puisse mieux r\u00e9sister aux perturbations, qu\u2019elles soient dues aux tensions g\u00e9opolitiques, \u00e0 des mesures commerciales unilat\u00e9rales incompatibles avec les r\u00e8gles de l\u2019OMC, \u00e0 des pand\u00e9mies ou \u00e0 des catastrophes naturelles\u00a0\u00bb, \u00e9crivent-ils.<\/p>\n<p class=\"asset asset-text\">La d\u00e9claration soutient aussi une exploitation accrue de ces minerais strat\u00e9giques, en particulier dans les pays en d\u00e9veloppement. Le secteur doit \u00eatre un moteur de d\u00e9veloppement et cr\u00e9er de la valeur pour ces pays, et pas se r\u00e9sumer \u00e0 l\u2019exportation de \u00ab\u00a0mat\u00e9riaux bruts\u00a0\u00bb.<\/p>\n<p class=\"asset asset-text\">Les minerais strat\u00e9giques, parmi lesquels on retrouve par exemple le lithium, le cobalt ou le cuivre, sont pr\u00e9sents en abondance sur le continent africain, o\u00f9 se r\u00e9unissait pour la premi\u00e8re fois le G20.<\/p>\n<p>                     Paix juste et durable    <\/p>\n<p class=\"asset asset-text\">Les dirigeants du G20 r\u00e9agissent aux grands conflits en cours dans le monde en r\u00e9clamant \u00ab\u00a0une paix juste, compl\u00e8te et durable\u00a0\u00bb en Ukraine, mais aussi au Soudan, en R\u00e9publique d\u00e9mocratique du Congo et dans \u00ab\u00a0les territoires occup\u00e9s palestiniens\u00a0\u00bb.<\/p>\n<p class=\"asset asset-text\">Ils appellent aussi les pays \u00e0 \u00ab\u00a0s\u2019abstenir de la menace ou de l\u2019usage de la force pour gagner des territoires\u00a0\u00bb au d\u00e9triment de la souverainet\u00e9 ou de l\u2019ind\u00e9pendance politique d\u2019un autre \u00c9tat.<\/p>\n<p class=\"asset asset-text\">S\u2019il s\u2019agit de <a href=\"https:\/\/www.huffingtonpost.fr\/international\/article\/guerre-en-ukraine-zelensky-prepare-des-consultations-avec-les-etats-unis-sur-un-futur-accord-de-paix_257415.html\" rel=\"nofollow noopener\" target=\"_blank\">la seule r\u00e9f\u00e9rence \u00e0 l\u2019Ukraine<\/a> dans ce texte de 30 pages, le plan am\u00e9ricain pour le pays a bouscul\u00e9 l\u2019agenda du sommet\u00a0: les dirigeants occidentaux, en particulier europ\u00e9ens, ont multipli\u00e9 les consultations \u00e0 ce sujet en marge du sommet.<\/p>\n<p>                     In\u00e9galit\u00e9s    <\/p>\n<p class=\"asset asset-text\">L\u2019Afrique du Sud a fait de la lutte contre les in\u00e9galit\u00e9s une des priorit\u00e9s de son G20 et pr\u00f4nait la cr\u00e9ation d\u2019un panel international sur le sujet. La d\u00e9claration n\u2019en fait pas mention. Elle souligne toutefois l\u2019\u00ab\u00a0imp\u00e9ratif\u00a0\u00bb de s\u2019attaquer aux \u00ab\u00a0disparit\u00e9s de richesse et de d\u00e9veloppement, tant au sein des pays qu\u2019entre eux\u00a0\u00bb.<\/p>\n<p class=\"asset asset-text\">Les dirigeants ont \u00e9galement appel\u00e9 \u00e0 la r\u00e9forme du syst\u00e8me financier international afin d\u2019aider les pays \u00e0 faibles revenus \u00e0 faire face au remboursement de leur dette. Ce dernier entrave leur capacit\u00e9 d\u2019investissement dans les infrastructures, la sant\u00e9 et l\u2019\u00e9ducation.<\/p>\n<p class=\"asset asset-text\">La d\u00e9claration r\u00e9clame plus de transparence de la part des cr\u00e9anciers, y compris ceux du priv\u00e9, et dit soutenir les efforts pour instaurer des taxes mondiales minimales. Mais ils n\u2019ont pas repris l\u2019engagement de Rio en 2024 \u00e0 coop\u00e9rer pour taxer \u00ab\u00a0effectivement\u00a0\u00bb les personnes tr\u00e8s fortun\u00e9es.<\/p>\n<p>                     Climat    <\/p>\n<p class=\"asset asset-text\">Adopt\u00e9e le jour m\u00eame de <a href=\"https:\/\/www.huffingtonpost.fr\/environnement\/article\/cop30-ce-que-l-on-sait-de-l-accord-assez-plat-qui-dessine-une-defaite-pour-les-europeens-au-bresil_257422.html\" rel=\"nofollow noopener\" target=\"_blank\">la conclusion des n\u00e9gociations climatiques de la COP30<\/a> au Br\u00e9sil, la d\u00e9claration reconna\u00eet la n\u00e9cessit\u00e9 d\u2019augmenter \u00ab\u00a0rapidement et substantiellement\u00a0\u00bb les financements climatiques, pour passer \u00ab\u00a0de milliards \u00e0 des milliers de milliards \u00e0 l\u2019\u00e9chelle mondiale et provenant de toutes les sources\u00a0\u00bb.<\/p>\n<p class=\"asset asset-text\">Elle met l\u2019accent sur les in\u00e9galit\u00e9s en mati\u00e8re d\u2019acc\u00e8s \u00e0 l\u2019\u00e9nergie, en particulier en Afrique, et appelle \u00e0 accro\u00eetre, s\u00e9curiser et diversifier les investissements vers des sources d\u2019\u00e9nergie durables.<\/p>\n<p class=\"asset asset-text\">Les dirigeants indiquent qu\u2019ils appuieront le d\u00e9veloppement de syst\u00e8mes d\u2019alerte pr\u00e9coces pour les populations les plus expos\u00e9es aux catastrophes li\u00e9es au climat.<\/p>\n","protected":false},"excerpt":{"rendered":"GIANLUIGI GUERCIA \/ AFP Joao Lourenco (Union africaine), Mark Carney (Canada), Emmanuel Macron, Fredrich Merz (Allemagne) et Narendra&hellip;\n","protected":false},"author":2,"featured_media":551955,"comment_status":"","ping_status":"","sticky":false,"template":"","format":"standard","meta":{"footnotes":""},"categories":[1586],"tags":[11,75,1777,674,1779,1011,27,50368,14,12,25,1778,364],"class_list":{"0":"post-551954","1":"post","2":"type-post","3":"status-publish","4":"format-standard","5":"has-post-thumbnail","7":"category-europe","8":"tag-actualites","9":"tag-donald-trump","10":"tag-eu","11":"tag-europe","12":"tag-european-union","13":"tag-fr","14":"tag-france","15":"tag-g20","16":"tag-international","17":"tag-news","18":"tag-republique-francaise","19":"tag-ue","20":"tag-union-europeenne"},"share_on_mastodon":{"url":"https:\/\/pubeurope.com\/@fr\/115595057166080132","error":""},"_links":{"self":[{"href":"https:\/\/www.europesays.com\/fr\/wp-json\/wp\/v2\/posts\/551954","targetHints":{"allow":["GET"]}}],"collection":[{"href":"https:\/\/www.europesays.com\/fr\/wp-json\/wp\/v2\/posts"}],"about":[{"href":"https:\/\/www.europesays.com\/fr\/wp-json\/wp\/v2\/types\/post"}],"author":[{"embeddable":true,"href":"https:\/\/www.europesays.com\/fr\/wp-json\/wp\/v2\/users\/2"}],"replies":[{"embeddable":true,"href":"https:\/\/www.europesays.com\/fr\/wp-json\/wp\/v2\/comments?post=551954"}],"version-history":[{"count":0,"href":"https:\/\/www.europesays.com\/fr\/wp-json\/wp\/v2\/posts\/551954\/revisions"}],"wp:featuredmedia":[{"embeddable":true,"href":"https:\/\/www.europesays.com\/fr\/wp-json\/wp\/v2\/media\/551955"}],"wp:attachment":[{"href":"https:\/\/www.europesays.com\/fr\/wp-json\/wp\/v2\/media?parent=551954"}],"wp:term":[{"taxonomy":"category","embeddable":true,"href":"https:\/\/www.europesays.com\/fr\/wp-json\/wp\/v2\/categories?post=551954"},{"taxonomy":"post_tag","embeddable":true,"href":"https:\/\/www.europesays.com\/fr\/wp-json\/wp\/v2\/tags?post=551954"}],"curies":[{"name":"wp","href":"https:\/\/api.w.org\/{rel}","templated":true}]}}