{"id":551959,"date":"2025-11-22T19:44:23","date_gmt":"2025-11-22T19:44:23","guid":{"rendered":"https:\/\/www.europesays.com\/fr\/551959\/"},"modified":"2025-11-22T19:44:23","modified_gmt":"2025-11-22T19:44:23","slug":"direct-ligue-1-suivez-psg-le-havre-en-integralite-sur-ici-paris-ile-de-france","status":"publish","type":"post","link":"https:\/\/www.europesays.com\/fr\/551959\/","title":{"rendered":"DIRECT &#8211; Ligue 1 : suivez PSG &#8211; Le Havre en int\u00e9gralit\u00e9 sur ICI Paris \u00cele-de-France"},"content":{"rendered":"<p> <img decoding=\"async\" src=\"https:\/\/www.europesays.com\/fr\/wp-content\/uploads\/2025\/11\/1763840663_521_1200x680\" alt=\"illustration agrandir l'image\" style=\"--_image-preview:url('data:image\/jpeg;base64,\/9j\/2wBDACgcHiMeGSgjISMtKygwPGRBPDc3PHtYXUlkkYCZlo+AjIqgtObDoKrarYqMyP\/L2u71\/\/\/\/m8H\/\/\/\/6\/+b9\/\/j\/2wBDASstLTw1PHZBQXb4pYyl+Pj4+Pj4+Pj4+Pj4+Pj4+Pj4+Pj4+Pj4+Pj4+Pj4+Pj4+Pj4+Pj4+Pj4+Pj4+Pj4+Pj\/wAARCAAXACoDASIAAhEBAxEB\/8QAFwABAQEBAAAAAAAAAAAAAAAAAAIBBf\/EABYQAQEBAAAAAAAAAAAAAAAAAAABEf\/EABUBAQEAAAAAAAAAAAAAAAAAAAAB\/8QAFBEBAAAAAAAAAAAAAAAAAAAAAP\/aAAwDAQACEQMRAD8A5cVIyRUgGGKwwVFhisMBki5AEbhQRWMAH\/\/Z');\" loading=\"eager\" fetchpriority=\"high\" class=\"svelte-1cksh76 rounded\" onload=\"this.__e=event\" onerror=\"this.__e=event\"\/> Gon\u00e7alo Ramos attaquant PSG \u00a9 Maxppp &#8211; YOAN VALAT     <\/p>\n<p class=\"g-ici-body-regular-3 info svelte-r4l8dg\">Publi\u00e9 le samedi 22 novembre 2025 \u00e0 20:30 <\/p>\n<ul class=\"SocialNetworks svelte-oam7rq\">\n<li class=\"svelte-oam7rq\"><\/li>\n<li class=\"svelte-oam7rq\"><\/li>\n<li class=\"svelte-oam7rq\"><\/li>\n<li class=\"svelte-oam7rq\"><\/li>\n<li class=\"svelte-oam7rq\"><\/li>\n<\/ul>\n<p class=\"standfirst g-ici-body-bold-1 svelte-huxgbw\">Reprise de la ligue 1 pour le Paris Saint-Germain qui affronte ce samedi \u00e0 21h05 l&rsquo;\u00e9quipe du Havre. Un match de la 13e journ\u00e9e qui lance une s\u00e9rie de sept matchs en un mois pour le PSG. Cette rencontre est \u00e0 vivre en int\u00e9gralit\u00e9 sur ICI Paris \u00cele-de-France. Coup d&rsquo;envoi \u00e0 21h05.  <\/p>\n<p>Dans sa course au titre de champion de France, le PSG serait bien inspir\u00e9 de ne pas rater sa reprise de championnat. Apr\u00e8s 14 jours de tr\u00eave internationale, le PSG accueille l&rsquo;\u00e9quipe du Havre. Des Normands qui pr\u00e9sentent le plus petit budget de Ligue 1 et qui sont pourtant 12e de L1. L&rsquo;\u00e9quipe de Didier Digard est sacr\u00e9ment accrocheuse et Luis Enrique et ses hommes feraient bien de s&rsquo;en m\u00e9fier. Ce match est \u00e0 suivre en int\u00e9gralit\u00e9 sur notre antenne avec Pia Clemens et Bruno Salomon qui vous donnent rdv d\u00e8s 20h30 pour un coup d&rsquo;envoi \u00e0 21h05.<\/p>\n<p>loading<\/p>\n<p>loading<\/p>\n<ul class=\"SocialNetworks svelte-oam7rq\">\n<li class=\"svelte-oam7rq\"><\/li>\n<li class=\"svelte-oam7rq\"><\/li>\n<li class=\"svelte-oam7rq\"><\/li>\n<li class=\"svelte-oam7rq\"><\/li>\n<li class=\"svelte-oam7rq\"><\/li>\n<\/ul>\n","protected":false},"excerpt":{"rendered":"Gon\u00e7alo Ramos attaquant PSG \u00a9 Maxppp &#8211; YOAN VALAT Publi\u00e9 le samedi 22 novembre 2025 \u00e0 20:30 Reprise&hellip;\n","protected":false},"author":2,"featured_media":551960,"comment_status":"","ping_status":"","sticky":false,"template":"","format":"standard","meta":{"footnotes":""},"categories":[4],"tags":[11,1011,27,12,25],"class_list":{"0":"post-551959","1":"post","2":"type-post","3":"status-publish","4":"format-standard","5":"has-post-thumbnail","7":"category-france","8":"tag-actualites","9":"tag-fr","10":"tag-france","11":"tag-news","12":"tag-republique-francaise"},"share_on_mastodon":{"url":"https:\/\/pubeurope.com\/@fr\/115595069460688438","error":""},"_links":{"self":[{"href":"https:\/\/www.europesays.com\/fr\/wp-json\/wp\/v2\/posts\/551959","targetHints":{"allow":["GET"]}}],"collection":[{"href":"https:\/\/www.europesays.com\/fr\/wp-json\/wp\/v2\/posts"}],"about":[{"href":"https:\/\/www.europesays.com\/fr\/wp-json\/wp\/v2\/types\/post"}],"author":[{"embeddable":true,"href":"https:\/\/www.europesays.com\/fr\/wp-json\/wp\/v2\/users\/2"}],"replies":[{"embeddable":true,"href":"https:\/\/www.europesays.com\/fr\/wp-json\/wp\/v2\/comments?post=551959"}],"version-history":[{"count":0,"href":"https:\/\/www.europesays.com\/fr\/wp-json\/wp\/v2\/posts\/551959\/revisions"}],"wp:featuredmedia":[{"embeddable":true,"href":"https:\/\/www.europesays.com\/fr\/wp-json\/wp\/v2\/media\/551960"}],"wp:attachment":[{"href":"https:\/\/www.europesays.com\/fr\/wp-json\/wp\/v2\/media?parent=551959"}],"wp:term":[{"taxonomy":"category","embeddable":true,"href":"https:\/\/www.europesays.com\/fr\/wp-json\/wp\/v2\/categories?post=551959"},{"taxonomy":"post_tag","embeddable":true,"href":"https:\/\/www.europesays.com\/fr\/wp-json\/wp\/v2\/tags?post=551959"}],"curies":[{"name":"wp","href":"https:\/\/api.w.org\/{rel}","templated":true}]}}