{"id":551965,"date":"2025-11-22T19:48:19","date_gmt":"2025-11-22T19:48:19","guid":{"rendered":"https:\/\/www.europesays.com\/fr\/551965\/"},"modified":"2025-11-22T19:48:19","modified_gmt":"2025-11-22T19:48:19","slug":"lespagne-elimine-lallemagne-au-double-decisif-et-rejoint-litalie-en-finale-de-la-coupe-davis-lequipe","status":"publish","type":"post","link":"https:\/\/www.europesays.com\/fr\/551965\/","title":{"rendered":"L&#039;Espagne \u00e9limine l&#039;Allemagne au double d\u00e9cisif et rejoint l&#039;Italie en finale de la Coupe Davis &#8211; L&#039;\u00c9quipe"},"content":{"rendered":"<ol>\n<li><a href=\"https:\/\/news.google.com\/rss\/articles\/CBMi3AFBVV95cUxNTVVRbXpXcFdVU3hBN3JwXzFNN3FFVWM1RHFGREpMOUpqblpqbkhGSzBBRmp1cG56bExUdDJDb1QxNW5pcTU5ZE51dEFXTXIweHlaVldqZy1LdTF2WmFlRm5EVzdjNTA2VDF3WkxMbGFDUWt1UldmWHdjTUtGSzBrS25xMllfREx3Mm9ub0o2VTR3dTRqalhoLURWSnVXekxsUkdKUjl2eWI3SGRXUFFuZnQ2eGhsaEM3VVlyQW15aFcxbll6SHdzRlFkT3dRQk5oLUttN0Y5OFpIbmZW?oc=5\" target=\"_blank\" rel=\"nofollow noopener\">L&rsquo;Espagne \u00e9limine l&rsquo;Allemagne au double d\u00e9cisif et rejoint l&rsquo;Italie en finale de la Coupe Davis<\/a>&nbsp;&nbsp;L&rsquo;\u00c9quipe<\/li>\n<li><a href=\"https:\/\/news.google.com\/rss\/articles\/CBMi7gFBVV95cUxNYThaMjZHdmlEZ1dPai1XUjVXSUcwOVpsOERpUlc2Nk53ZDhnSGl1WElMVGNPUTBXS2ZhOXc2aHA0ZzZCSm91Umh6Y2NScEE1bkJEVWhyRHhiUmZfOXlGc2xJS3laeDIwamM0UFVIMERMdG5YaHE4SGVXX0d0eGt6RndYaVREYzJQUkIxOUNTUVRxa3lRMnA5bzM5eXZ1aUdScHZVTUhVR1VJazlYd0d2RzE0WnJjaFd6MWczcXllb05SM2V0WkFYakZnZFRxeXktekZ0bExQLVg2N3NtRndHY1VFdlpLTEZ5WXZ2dXFR?oc=5\" target=\"_blank\" rel=\"nofollow noopener\">Ni Alcaraz ni Sinner, et alors ? L&rsquo;Espagne d\u00e9fiera l&rsquo;Italie en finale<\/a>&nbsp;&nbsp;Eurosport<\/li>\n<li><a href=\"https:\/\/news.google.com\/rss\/articles\/CBMiwgFBVV95cUxQQ2JacDd6SnRMQmkyV0s0azNhT0xOMGE1NDZMLV9wUTRkQ19VZ2JtZzBjbVdWejY1T054YVBHZlFXQnVmVFV4OW91bnFUYWZaNFFCcTdHZXFhRWJ0dDdOaHpwQlJlZzJFa0JCSGg2UTB1UmZPSndFaVBRT2kyQW1SY0VwWm5vSTVHY2FkZG1nVVZpbm9XU2pIQkoyZjVubElkNklRdjBScXJsTHlROVZ6c3J5S3hJNVF4UTY1VXBMY2tzUdIBwAFBVV95cUxPb05tbXdHdGZkbHAxU0NjbVhVMzZiZnV5S3ZyOUJ6cDRaUFFkbFdrY2pEYXpnRDdYWDl5QXlocmJaa0p5UXEtMTlzZzk1ZUdSM2NLNl9Dd2RlMmFOZjQ2a2VWVFhtS0JXLXRScWR6bE9hbTgyTVBnbGZXa081M1pzZUN3aFBmeG9wMElWM3dINWVZYUl4ZjRWLTVyTjhubl9Ycl9kRV95ZXp6cHZsWXpoZXBzSW9jYmRISFZsUUl6R3g?oc=5\" target=\"_blank\" rel=\"nofollow noopener\">Coupe Davis : L&rsquo;Espagne en finale apr\u00e8s son succ\u00e8s sur l&rsquo;Allemagne : Sports &#8211; Orange<\/a>&nbsp;&nbsp;Sports &#8211; Orange<\/li>\n<li><a href=\"https:\/\/news.google.com\/rss\/articles\/CBMirwFBVV95cUxOQ0E3dTRYUEN5b3FSUlJid09GNlVTODNtODd5OWFVczhuazRGXzVaVmZUZGVQb0JHa3RmTTl2ZEk4Y0tPQzlVeXYyODl6Q0xhX2pTU3NIRW9IQXBXZVc2cm9pYkROWi1RTlp1a19mdTl0UDlKdFpZeUYwSFdxeTZqR0VocFdjb3BFYVV5RUhFYlQ3RVlZZXd3N3lmVXdPcXZNQmtjcWVhX3VoN05rZmxJ?oc=5\" target=\"_blank\" rel=\"nofollow noopener\">Coupe Davis: Zverev force l&rsquo;Espagne au double d\u00e9cisif en demi-finales<\/a>&nbsp;&nbsp;RFI<\/li>\n<li><a href=\"https:\/\/news.google.com\/rss\/articles\/CBMisgFBVV95cUxQMmFWRnUzQW1SZVJYYzdKMzNXQzJ0blNXaEd6N1RaZzJkRTdrb0pwUnN2YVJPWXFCRmc0TF9sT215NGJmT1UwLWgxcllYZ0xJMzZ4ajM0LVFsUGRyR0FfTVdhdUZqNUFjdTNaanVpU19SNm5BSW85MVVYVUZSY1dmZkp6MUpXRHI1Yk1iM3p1LTZXSXBadzhtYTZZTWZjSXlidzdDM3hwS1BxeHI5QWpaNndB?oc=5\" target=\"_blank\" rel=\"nofollow noopener\">Coupe Davis &gt; Carlos Alcaraz comme un fou apr\u00e8s la qualification de l&rsquo;Espagne en finale<\/a>&nbsp;&nbsp;We Love Tennis<\/li>\n<\/ol>\n","protected":false},"excerpt":{"rendered":"L&rsquo;Espagne \u00e9limine l&rsquo;Allemagne au double d\u00e9cisif et rejoint l&rsquo;Italie en finale de la Coupe Davis&nbsp;&nbsp;L&rsquo;\u00c9quipe Ni Alcaraz ni&hellip;\n","protected":false},"author":2,"featured_media":551966,"comment_status":"","ping_status":"","sticky":false,"template":"","format":"standard","meta":{"footnotes":""},"categories":[1415],"tags":[1011,27,60,1467],"class_list":{"0":"post-551965","1":"post","2":"type-post","3":"status-publish","4":"format-standard","5":"has-post-thumbnail","7":"category-tennis","8":"tag-fr","9":"tag-france","10":"tag-sports","11":"tag-tennis"},"share_on_mastodon":{"url":"https:\/\/pubeurope.com\/@fr\/115595084013078814","error":""},"_links":{"self":[{"href":"https:\/\/www.europesays.com\/fr\/wp-json\/wp\/v2\/posts\/551965","targetHints":{"allow":["GET"]}}],"collection":[{"href":"https:\/\/www.europesays.com\/fr\/wp-json\/wp\/v2\/posts"}],"about":[{"href":"https:\/\/www.europesays.com\/fr\/wp-json\/wp\/v2\/types\/post"}],"author":[{"embeddable":true,"href":"https:\/\/www.europesays.com\/fr\/wp-json\/wp\/v2\/users\/2"}],"replies":[{"embeddable":true,"href":"https:\/\/www.europesays.com\/fr\/wp-json\/wp\/v2\/comments?post=551965"}],"version-history":[{"count":0,"href":"https:\/\/www.europesays.com\/fr\/wp-json\/wp\/v2\/posts\/551965\/revisions"}],"wp:featuredmedia":[{"embeddable":true,"href":"https:\/\/www.europesays.com\/fr\/wp-json\/wp\/v2\/media\/551966"}],"wp:attachment":[{"href":"https:\/\/www.europesays.com\/fr\/wp-json\/wp\/v2\/media?parent=551965"}],"wp:term":[{"taxonomy":"category","embeddable":true,"href":"https:\/\/www.europesays.com\/fr\/wp-json\/wp\/v2\/categories?post=551965"},{"taxonomy":"post_tag","embeddable":true,"href":"https:\/\/www.europesays.com\/fr\/wp-json\/wp\/v2\/tags?post=551965"}],"curies":[{"name":"wp","href":"https:\/\/api.w.org\/{rel}","templated":true}]}}