{"id":551969,"date":"2025-11-22T19:54:22","date_gmt":"2025-11-22T19:54:22","guid":{"rendered":"https:\/\/www.europesays.com\/fr\/551969\/"},"modified":"2025-11-22T19:54:22","modified_gmt":"2025-11-22T19:54:22","slug":"psg-une-composition-pleine-de-surprises-pour-defier-le-havre","status":"publish","type":"post","link":"https:\/\/www.europesays.com\/fr\/551969\/","title":{"rendered":"PSG : Une composition pleine de surprises pour d\u00e9fier Le Havre"},"content":{"rendered":"<p data-testid=\"article-teaser\">Luis Enrique a encore brouill\u00e9 les pistes. \u00c0 quatre jours du choc contre Tottenham, le coach parisien prend tout le monde \u00e0 contre-pied avec une composition radicalement remani\u00e9e face au Havre.<\/p>\n<p>Le Parc des Princes s&rsquo;attendait \u00e0 voir ses stars pour ce retour de tr\u00eave internationale, mais Luis Enrique avait visiblement la t\u00eate \u00e0 Londres. Avec la r\u00e9ception cruciale de Tottenham en Ligue des Champions mercredi prochain, le technicien asturien a d\u00e9cid\u00e9 de trancher dans le vif. La feuille de match officielle, qui vient de tomber, confirme une gestion d&rsquo;effectif drastique. La colonne vert\u00e9brale habituelle du Paris Saint-Germain est mise sous cloche. Pas de Marquinhos, <a href=\"https:\/\/www.leparisien.fr\/sports\/football\/psg\/cest-fou-et-incroyable-marquinhos-un-500e-match-des-ce-samedi-contre-le-havre-21-11-2025-RGIU5ALBFFCXZOTETYKAJEMIJ4.php\" target=\"_self\" rel=\"noopener\">qui devra encore attendre pour f\u00eater sa 500e apparition sous le maillot rouge et bleu<\/a>, ni de Willian Pacho ou de Khvicha Kvaratskhelia au coup d&rsquo;envoi.<\/p>\n<p>Une d\u00e9fense exp\u00e9rimentale et un milieu rajeuni<\/p>\n<p>C&rsquo;est derri\u00e8re que le chantier est le plus spectaculaire. Pour prot\u00e9ger Lucas Chevalier, confirm\u00e9 dans les cages, Enrique lance une charni\u00e8re in\u00e9dite compos\u00e9e d&rsquo;Illia Zabarnyi et de Lucas Beraldo. Les internationaux sud-am\u00e9ricains ayant beaucoup jou\u00e9 durant la tr\u00eave sont logiquement pr\u00e9serv\u00e9s. Sur les c\u00f4t\u00e9s, le bricolage continue par la force des choses : en l&rsquo;absence d&rsquo;Hakimi, c&rsquo;est Warren Za\u00efre-Emery qui descend d&rsquo;un cran pour occuper le poste de lat\u00e9ral droit, tandis que Lucas Hernandez encha\u00eene \u00e0 gauche, Nuno Mendes \u00e9tant jug\u00e9 trop juste pour d\u00e9buter.<\/p>\n<p>L&rsquo;entrejeu n&rsquo;\u00e9chappe pas \u00e0 cette vague de rotation. Si Vitinha est bien l\u00e0 et h\u00e9rite du brassard de capitaine en l&rsquo;absence de Marquinhos, il sera \u00e9paul\u00e9 par son compatriote Jo\u00e3o Neves. Mais la petite surprise vient de la titularisation du jeune Senny Mayulu. Le \u00ab\u00a0titi\u00a0\u00bb est pr\u00e9f\u00e9r\u00e9 \u00e0 Fabian Ruiz, sans doute \u00e9mouss\u00e9 par ses obligations avec la Roja. C&rsquo;est un milieu technique et mobile, mais qui manque forc\u00e9ment d&rsquo;automatismes \u00e0 ce niveau de comp\u00e9tition.<\/p>\n<p><img class=\"fco-image__image\" alt=\"Paris Saint-Germain v FC Bayern M\u00fcnchen - UEFA Champions League 2025\/26 League Phase MD4\"   loading=\"lazy\" decoding=\"async\" fetchpriority=\"auto\" width=\"4000\" height=\"2667\" src=\"https:\/\/www.europesays.com\/fr\/wp-content\/uploads\/2025\/11\/GettyImages-2246807472.jpg\" style=\"aspect-ratio:4000 \/ 2667;width:100%;height:100%\"\/>Getty Images<\/p>\n<p>L&rsquo;attaque aussi fait peau neuve<\/p>\n<p>Devant, l&rsquo;animation offensive change totalement de visage. Ousmane Demb\u00e9l\u00e9 \u00e9tant toujours convalescent et Kvaratskhelia laiss\u00e9 au repos apr\u00e8s ses matchs avec la G\u00e9orgie, Luis Enrique relance Kang-in Lee sur l&rsquo;aile droite. De l&rsquo;autre c\u00f4t\u00e9, Bradley Barcola retrouve une place de titulaire apr\u00e8s avoir d\u00e9but\u00e9 sur le banc \u00e0 Lyon. Enfin, la pointe de l&rsquo;attaque est confi\u00e9e \u00e0 Gon\u00e7alo Ramos. Le Portugais joue gros ce soir : il doit prouver qu&rsquo;il peut \u00eatre plus qu&rsquo;une simple alternative dans la rotation parisienne.<\/p>\n<p>Ce onze a le m\u00e9rite de la fra\u00eecheur, mais il comporte une part de risque \u00e9vidente face \u00e0 un bloc havrais qui ne viendra pas en victime expiatoire. Luis Enrique assume ses choix : la priorit\u00e9 est clairement donn\u00e9e \u00e0 l&rsquo;Europe. Aux \u00ab\u00a0coiffeurs\u00a0\u00bb de montrer ce soir qu&rsquo;ils ont le niveau pour bousculer la hi\u00e9rarchie et offrir une victoire tranquille \u00e0 un Paris d\u00e9j\u00e0 tourn\u00e9 vers l&rsquo;Angleterre.<\/p>\n","protected":false},"excerpt":{"rendered":"Luis Enrique a encore brouill\u00e9 les pistes. \u00c0 quatre jours du choc contre Tottenham, le coach parisien prend&hellip;\n","protected":false},"author":2,"featured_media":551970,"comment_status":"","ping_status":"","sticky":false,"template":"","format":"standard","meta":{"footnotes":""},"categories":[1410],"tags":[63,1011,27,5162,66,921,91,11630,60],"class_list":{"0":"post-551969","1":"post","2":"type-post","3":"status-publish","4":"format-standard","5":"has-post-thumbnail","7":"category-football","8":"tag-football","9":"tag-fr","10":"tag-france","11":"tag-le-havre","12":"tag-ligue-1","13":"tag-luis-enrique","14":"tag-paris-saint-germain","15":"tag-paris-saint-germain-vs-le-havre","16":"tag-sports"},"share_on_mastodon":{"url":"","error":""},"_links":{"self":[{"href":"https:\/\/www.europesays.com\/fr\/wp-json\/wp\/v2\/posts\/551969","targetHints":{"allow":["GET"]}}],"collection":[{"href":"https:\/\/www.europesays.com\/fr\/wp-json\/wp\/v2\/posts"}],"about":[{"href":"https:\/\/www.europesays.com\/fr\/wp-json\/wp\/v2\/types\/post"}],"author":[{"embeddable":true,"href":"https:\/\/www.europesays.com\/fr\/wp-json\/wp\/v2\/users\/2"}],"replies":[{"embeddable":true,"href":"https:\/\/www.europesays.com\/fr\/wp-json\/wp\/v2\/comments?post=551969"}],"version-history":[{"count":0,"href":"https:\/\/www.europesays.com\/fr\/wp-json\/wp\/v2\/posts\/551969\/revisions"}],"wp:featuredmedia":[{"embeddable":true,"href":"https:\/\/www.europesays.com\/fr\/wp-json\/wp\/v2\/media\/551970"}],"wp:attachment":[{"href":"https:\/\/www.europesays.com\/fr\/wp-json\/wp\/v2\/media?parent=551969"}],"wp:term":[{"taxonomy":"category","embeddable":true,"href":"https:\/\/www.europesays.com\/fr\/wp-json\/wp\/v2\/categories?post=551969"},{"taxonomy":"post_tag","embeddable":true,"href":"https:\/\/www.europesays.com\/fr\/wp-json\/wp\/v2\/tags?post=551969"}],"curies":[{"name":"wp","href":"https:\/\/api.w.org\/{rel}","templated":true}]}}