{"id":551974,"date":"2025-11-22T19:58:25","date_gmt":"2025-11-22T19:58:25","guid":{"rendered":"https:\/\/www.europesays.com\/fr\/551974\/"},"modified":"2025-11-22T19:58:25","modified_gmt":"2025-11-22T19:58:25","slug":"tv-psg-le-havre-a-quelle-heure-et-sur-quelle-chaine","status":"publish","type":"post","link":"https:\/\/www.europesays.com\/fr\/551974\/","title":{"rendered":"TV : PSG &#8211; Le Havre, \u00e0 quelle heure et sur quelle cha\u00eene ?"},"content":{"rendered":"<p><b>Leader du championnat apr\u00e8s 12 journ\u00e9es, le Paris Saint-Germain cherchera \u00e0 conforter sa place \u00e0 l\u2019issue de son match face au Havre.<\/b><\/p>\n<p>Quelle heure pour PSG &#8211; Le Havre ?Deux semaines apr\u00e8s son beau succ\u00e8s \u00e0 Lyon, le club de la capitale fran\u00e7aise veut poursuivre sa bonne dynamique face au Havre. Cette rencontre entre le <a href=\"https:\/\/www.foot01.com\/paris\" title=\"PSG\" target=\"_blank\" rel=\"noopener\">PSG<\/a> et le HAC se disputera ce <b>samedi 22 novembre \u00e0 21h05 <\/b>au Parc des Princes. L\u2019arbitre sera Mathieu Vernice.Sur quelle cha\u00eene suivre PSG &#8211; Le Havre ?Importante pour les deux \u00e9quipes, cette rencontre entre Paris et <a href=\"https:\/\/www.foot01.com\/le-havre\" title=\"Le Havre\" target=\"_blank\" rel=\"noopener\">Le Havre<\/a> sera diffus\u00e9e sur l\u2019antenne de <b>Ligue 1+<\/b>.Les compos probables de PSG &#8211; Le Havre :Apr\u00e8s une tr\u00eave internationale o\u00f9 les joueurs parisiens ont \u00e9volu\u00e9 avec leur s\u00e9lection, cette rencontre face au Havre sera un bon test pour le <a href=\"https:\/\/www.foot01.com\/paris\" target=\"_self\" rel=\"noopener\">PSG<\/a> avant de retrouver la Ligue des Champions contre Tottenham la semaine prochaine. Seul leader du championnat devant Marseille et Lens avant cette 13e journ\u00e9e, le PSG d\u00e9fiera Le Havre pour poursuivre sa bonne s\u00e9rie en L1. M\u00eame si pour ce match, Luis Enrique sera priv\u00e9 de Demb\u00e9l\u00e9, Dou\u00e9, Hakimi ou Mendes.<\/p>\n<p><b>La compo probable du PSG : <\/b>Chevalier &#8211; Za\u00efre Emery, Beraldo, Lucas Hernandez &#8211; Ruiz, Vitinha, Neves &#8211; Kvaratskhelia, Mayulu, Barcola.<\/p>\n<p>Suite \u00e0 un d\u00e9but de saison compliqu\u00e9, Le Havre reste sur une belle s\u00e9rie de r\u00e9sultats avec deux victoires et deux nuls lors des quatre derni\u00e8res journ\u00e9es. Install\u00e9 dans le ventre mou du classement, le club normand dispose de quatre points d\u2019avance sur le premier rel\u00e9gable, Nantes. Autant dire que ce match au Parc sera un bonus sans pression. Lors de cette rencontre, Didier Digard aura un groupe plus ou moins complet \u00e0 sa disposition.<\/p>\n<p><b>La compo probable du Havre : <\/b>Diaw &#8211; Nego, Sangant\u00e9, Lloris, Zouaoui &#8211; Tour\u00e9, Seko, Kechta &#8211; Ndiaye, Mambimbi, Soumar\u00e9.<\/p>\n<p><img decoding=\"async\" class=\"w-6 h-6\" src=\"https:\/\/www.europesays.com\/fr\/wp-content\/uploads\/2025\/09\/301.png\" alt=\"\"\/>Ligue 122 novembre 2025 \u00e0 21:05<\/p>\n","protected":false},"excerpt":{"rendered":"Leader du championnat apr\u00e8s 12 journ\u00e9es, le Paris Saint-Germain cherchera \u00e0 conforter sa place \u00e0 l\u2019issue de son&hellip;\n","protected":false},"author":2,"featured_media":551975,"comment_status":"","ping_status":"","sticky":false,"template":"","format":"standard","meta":{"footnotes":""},"categories":[1356],"tags":[58,59,1011,27,5162,66,93,252,1364],"class_list":{"0":"post-551974","1":"post","2":"type-post","3":"status-publish","4":"format-standard","5":"has-post-thumbnail","7":"category-television","8":"tag-divertissement","9":"tag-entertainment","10":"tag-fr","11":"tag-france","12":"tag-le-havre","13":"tag-ligue-1","14":"tag-psg","15":"tag-television","16":"tag-tv"},"share_on_mastodon":{"url":"https:\/\/pubeurope.com\/@fr\/115595125327679817","error":""},"_links":{"self":[{"href":"https:\/\/www.europesays.com\/fr\/wp-json\/wp\/v2\/posts\/551974","targetHints":{"allow":["GET"]}}],"collection":[{"href":"https:\/\/www.europesays.com\/fr\/wp-json\/wp\/v2\/posts"}],"about":[{"href":"https:\/\/www.europesays.com\/fr\/wp-json\/wp\/v2\/types\/post"}],"author":[{"embeddable":true,"href":"https:\/\/www.europesays.com\/fr\/wp-json\/wp\/v2\/users\/2"}],"replies":[{"embeddable":true,"href":"https:\/\/www.europesays.com\/fr\/wp-json\/wp\/v2\/comments?post=551974"}],"version-history":[{"count":0,"href":"https:\/\/www.europesays.com\/fr\/wp-json\/wp\/v2\/posts\/551974\/revisions"}],"wp:featuredmedia":[{"embeddable":true,"href":"https:\/\/www.europesays.com\/fr\/wp-json\/wp\/v2\/media\/551975"}],"wp:attachment":[{"href":"https:\/\/www.europesays.com\/fr\/wp-json\/wp\/v2\/media?parent=551974"}],"wp:term":[{"taxonomy":"category","embeddable":true,"href":"https:\/\/www.europesays.com\/fr\/wp-json\/wp\/v2\/categories?post=551974"},{"taxonomy":"post_tag","embeddable":true,"href":"https:\/\/www.europesays.com\/fr\/wp-json\/wp\/v2\/tags?post=551974"}],"curies":[{"name":"wp","href":"https:\/\/api.w.org\/{rel}","templated":true}]}}