{"id":55198,"date":"2025-04-26T20:15:11","date_gmt":"2025-04-26T20:15:11","guid":{"rendered":"https:\/\/www.europesays.com\/fr\/55198\/"},"modified":"2025-04-26T20:15:11","modified_gmt":"2025-04-26T20:15:11","slug":"angers-sco-neufs-absents-avant-daffronter-lille-sport","status":"publish","type":"post","link":"https:\/\/www.europesays.com\/fr\/55198\/","title":{"rendered":"Angers-SCO\u00a0: neufs absents avant d\u2019affronter Lille . Sport"},"content":{"rendered":"<p>Si El Melali, g\u00ean\u00e9 par une douleur \u00e0 la cuisse cette semaine, est bien pr\u00e9sent dans les vingt joueurs convoqu\u00e9s, Haris Belkebla, Jean-Eudes Aholou, Pierrick Capelle ou encore Emmanuel Biumla ne font pas leur retour. Les jeunes Caumont, Moussaoui et Prosper int\u00e8grent ainsi le groupe. Apr\u00e8s avoir particip\u00e9 normalement \u00e0 la s\u00e9ance de ce samedi, Ibrahima Niane est \u00e9galement absent.<\/p>\n<p>Le groupe angevin<\/p>\n<p>Fofana, Zinga &#8211; Arcus, Bamba, Lefort, Hanin, Raolisoa, Camara, Ekomi\u00e9, Courcoul &#8211; Belkhdim, Ould Khaled, Caumont, El Melali, Moussaoui, Fehrat, Abdelli (cap), Allevinah &#8211; Prosper, Lepaul.<\/p>\n<p>Absents\u00a0: Hountondji, Biumla, Belkebla, Aholou, Capelle, Dieng, Kalumba, Ch\u00e9rif (bless\u00e9s), Hunou (choix), Niane (non communiqu\u00e9).<\/p>\n<p>\u00a0<\/p>\n","protected":false},"excerpt":{"rendered":"Si El Melali, g\u00ean\u00e9 par une douleur \u00e0 la cuisse cette semaine, est bien pr\u00e9sent dans les vingt&hellip;\n","protected":false},"author":2,"featured_media":55199,"comment_status":"","ping_status":"","sticky":false,"template":"","format":"standard","meta":{"footnotes":""},"categories":[2815],"tags":[1111,11,1438,3809,1465,1777,674,63,1011,27,1792,811,1922,1307,12,25,479,517,1470],"class_list":{"0":"post-55198","1":"post","2":"type-post","3":"status-publish","4":"format-standard","5":"has-post-thumbnail","7":"category-lille","8":"tag-actu","9":"tag-actualites","10":"tag-angers","11":"tag-ball","12":"tag-basket","13":"tag-eu","14":"tag-europe","15":"tag-football","16":"tag-fr","17":"tag-france","18":"tag-handball","19":"tag-hauts-de-france","20":"tag-info","21":"tag-lille","22":"tag-news","23":"tag-republique-francaise","24":"tag-rugby","25":"tag-sport","26":"tag-volley"},"share_on_mastodon":{"url":"https:\/\/pubeurope.com\/@fr\/114406104937360857","error":""},"_links":{"self":[{"href":"https:\/\/www.europesays.com\/fr\/wp-json\/wp\/v2\/posts\/55198","targetHints":{"allow":["GET"]}}],"collection":[{"href":"https:\/\/www.europesays.com\/fr\/wp-json\/wp\/v2\/posts"}],"about":[{"href":"https:\/\/www.europesays.com\/fr\/wp-json\/wp\/v2\/types\/post"}],"author":[{"embeddable":true,"href":"https:\/\/www.europesays.com\/fr\/wp-json\/wp\/v2\/users\/2"}],"replies":[{"embeddable":true,"href":"https:\/\/www.europesays.com\/fr\/wp-json\/wp\/v2\/comments?post=55198"}],"version-history":[{"count":0,"href":"https:\/\/www.europesays.com\/fr\/wp-json\/wp\/v2\/posts\/55198\/revisions"}],"wp:featuredmedia":[{"embeddable":true,"href":"https:\/\/www.europesays.com\/fr\/wp-json\/wp\/v2\/media\/55199"}],"wp:attachment":[{"href":"https:\/\/www.europesays.com\/fr\/wp-json\/wp\/v2\/media?parent=55198"}],"wp:term":[{"taxonomy":"category","embeddable":true,"href":"https:\/\/www.europesays.com\/fr\/wp-json\/wp\/v2\/categories?post=55198"},{"taxonomy":"post_tag","embeddable":true,"href":"https:\/\/www.europesays.com\/fr\/wp-json\/wp\/v2\/tags?post=55198"}],"curies":[{"name":"wp","href":"https:\/\/api.w.org\/{rel}","templated":true}]}}