{"id":551986,"date":"2025-11-22T20:06:16","date_gmt":"2025-11-22T20:06:16","guid":{"rendered":"https:\/\/www.europesays.com\/fr\/551986\/"},"modified":"2025-11-22T20:06:16","modified_gmt":"2025-11-22T20:06:16","slug":"le-creuset-et-pantone-devoilent-deux-cocottes-en-fonte-collector","status":"publish","type":"post","link":"https:\/\/www.europesays.com\/fr\/551986\/","title":{"rendered":"Le Creuset et Pantone d\u00e9voilent deux cocottes en fonte collector"},"content":{"rendered":"<p>Un duo que les amateurs de design culinaire attendaient sans le<br \/>\nsavoir. Pour c\u00e9l\u00e9brer une ann\u00e9e pas comme les autres, Le Creuset<br \/>\ns\u2019allie \u00e0 Pantone et remet la couleur au centre de la table. La<br \/>\nfonte \u00e9maill\u00e9e s\u2019habille d\u2019un \u00e9clat familier et d\u2019une lueur<br \/>\nin\u00e9dite, dans un dialogue pens\u00e9 pour attirer autant l\u2019\u0153il des<br \/>\ncuisiniers que celui des collectionneurs. Le r\u00e9sultat intrigue<br \/>\nd\u00e9j\u00e0.<\/p>\n<p>En 2025, la teinte Flame, signature de la maison, f\u00eate ses 100<br \/>\nans. L\u2019accord avec Pantone consacre cet h\u00e9ritage en codifiant \u00e0 la<br \/>\nfois Flame et sa cousine scintillante, Flamme Dor\u00e9e, dans la<br \/>\nbiblioth\u00e8que de couleurs Pantone. Deux <strong>cocottes en<br \/>\nfonte<\/strong> deviennent les ambassadrices de ce duo : l\u2019iconique<br \/>\nen <strong>Flame<\/strong>, et une version anniversaire en<br \/>\n<strong>Flamme Dor\u00e9e<\/strong>. La suite vaut le d\u00e9tour.<\/p>\n<p>Le Creuset Pantone : l\u2019ic\u00f4ne Flame et une histoire de fonte en<br \/>\nfusion<\/p>\n<p>Tout commence \u00e0 l\u2019usine, face au spectacle du m\u00e9tal en fusion.<br \/>\nL\u2019 \u00ab\u00a0urban legend\u00a0\u00bb interne rapport\u00e9e par la marque \u00e9voque ces<br \/>\ncoul\u00e9es orang\u00e9es qui auraient inspir\u00e9 la <strong>premi\u00e8re teinte<br \/>\nFlame<\/strong> au moment de sa cr\u00e9ation en 1925. Depuis, cette<br \/>\ncouleur a travers\u00e9 les d\u00e9cennies et s\u2019est impos\u00e9e comme une<br \/>\nsignature forte de la cuisine domestique. En l\u2019inscrivant au<br \/>\n<a href=\"https:\/\/www.lejournaldelamaison.fr\/le-journal-de-la-maison\/actus-deco\/la-couleur-pantone-2025-vient-detre-devoilee-et-elle-va-bousculer-toutes-les-tendances-cette-annee-500118.html\" target=\"_blank\" rel=\"noopener\"><br \/>\nnuancier Pantone,<\/a> Le Creuset fige cette nuance pour les<br \/>\ncr\u00e9atifs comme pour les passionn\u00e9s de beaux objets.<\/p>\n<p>Dans les int\u00e9rieurs d\u2019aujourdhui, Flame agit comme un accent<br \/>\nassum\u00e9. \u00ab\u00a0C\u00a0\u00bbest devenu un coussin d\u00e9coratif pour une cuisine\u00a0\u00bb,<br \/>\nexplique Christopher Scinto, directeur marketing de <strong>Le<br \/>\nCreuset<\/strong>, cit\u00e9 par Martha Stewart. \u00ab\u00a0Cela devient<br \/>\nsimplement un signe de ponctuation.\u00a0\u00bb Le message est clair :<br \/>\nfonctionnelle d\u2019abord, la cocotte devient aussi un rep\u00e8re visuel<br \/>\nqui structure l\u2019espace.<\/p>\n<p>Flamme Dor\u00e9e et Flame : deux cocottes en fonte qui attisent<br \/>\nl\u2019envie<\/p>\n<p>La collaboration <strong>Le Creuset Pantone<\/strong> se<br \/>\nmat\u00e9rialise dans un duo tr\u00e8s attendu. C\u00f4t\u00e9 ic\u00f4ne, la <a href=\"https:\/\/www.lejournaldelamaison.fr\/le-journal-de-la-maison\/piece-par-piece\/cuisine-salle-a-manger-le-journal-de-la-maison\/cuisine\/lidl-cocotte-fonte-mythique-sensation-tables-526135.html\" target=\"_blank\" rel=\"noopener\"><br \/>\ncocotte<\/a> en Flame reprend le d\u00e9grad\u00e9 orange rougeoyant qui a<br \/>\nfait sa l\u00e9gende. C\u00f4t\u00e9 \u00e9dition anniversaire, Flamme Dor\u00e9e apporte un<br \/>\nfini \u00e9tincelant, clin d\u2019\u0153il \u00e0 l\u2019\u00e9tincelle originelle. Les deux<br \/>\nversions se d\u00e9clinent sur les pi\u00e8ces phare de la marque, dont la<br \/>\n<strong>cocotte en fonte<\/strong> Signature.<\/p>\n<p>Pour Pantone, l\u2019enjeu d\u00e9passe la simple tendance. \u00ab\u00a0C&rsquo;est plus<br \/>\nqu&rsquo;une couleur, c&rsquo;est vraiment un rep\u00e8re \u00e9motionnel pour tant de<br \/>\npersonnes\u00a0\u00bb, dit Laurie Pressman, vice pr\u00e9sidente du Pantone Color<br \/>\nInstitute. \u00ab\u00a0Pour moi, c&rsquo;est de la joie dans une cuisine.\u00a0\u00bb \u00ab\u00a0Pantone<br \/>\net Le Creuset c\u00e9l\u00e8brent la couleur et sa capacit\u00e9 \u00e0 transmettre une<br \/>\n\u00e9motion, et \u00e0 fa\u00e7onner les exp\u00e9riences\u00a0\u00bb, ajoute-t-elle. Cette<br \/>\nreconnaissance officile renforce l\u2019aura d\u2019objets d\u00e9j\u00e0<br \/>\nembl\u00e9matiques.<\/p>\n<p>Quelle cocotte en fonte choisir ?<\/p>\n<p>Dans <a href=\"https:\/\/www.lejournaldelamaison.fr\/maison\/la-couleur-tendance-2026-qui-transforme-votre-cuisine-decouvrez-limpact-du-vert-sauge-et-autres-teintes-sur-votre-espace-et-votre-appetit-527719.html\" target=\"_blank\" rel=\"noopener\"><br \/>\nune cuisine claire,<\/a> Flame pose un contraste franc et<br \/>\nchaleureux. Laisser la cocotte sur une \u00e9tag\u00e8re ouverte suffit<br \/>\nsouvent \u00e0 cr\u00e9er un point focal, fid\u00e8le \u00e0 son r\u00f4le d\u2019accent d\u00e9co.<br \/>\nFlamme Dor\u00e9e, plus festive, attire naturellement le regard sous un<br \/>\n\u00e9clairage doux. Deux signatures diff\u00e9rentes, une m\u00eame promesse de<br \/>\npr\u00e9sence graphique.<\/p>\n<p>C\u00f4t\u00e9 collection, plusieurs signaux jouent en leur faveur :<\/p>\n<ul>\n<li>Flame c\u00e9l\u00e8bre 100 ans d\u2019histoire en 2025.<\/li>\n<li>Flame et Flamme Dor\u00e9e sont codifi\u00e9es dans la biblioth\u00e8que de<br \/>\ncouleurs Pantone.<\/li>\n<li>La cocotte agit comme un accent visuel fort dans la cuisine,<br \/>\nselon Christopher Scinto.<\/li>\n<li>La couleur est v\u00e9cue comme un rep\u00e8re \u00e9motionnel et \u00ab\u00a0de la joie<br \/>\ndans une cuisine\u00a0\u00bb, selon Laurie Pressman.<\/li>\n<\/ul>\n","protected":false},"excerpt":{"rendered":"Un duo que les amateurs de design culinaire attendaient sans le savoir. Pour c\u00e9l\u00e9brer une ann\u00e9e pas comme&hellip;\n","protected":false},"author":2,"featured_media":551987,"comment_status":"","ping_status":"","sticky":false,"template":"","format":"standard","meta":{"footnotes":""},"categories":[7],"tags":[1011,27,43,40,41,39,42,44],"class_list":{"0":"post-551986","1":"post","2":"type-post","3":"status-publish","4":"format-standard","5":"has-post-thumbnail","7":"category-sciences-et-technologies","8":"tag-fr","9":"tag-france","10":"tag-science","11":"tag-science-and-technology","12":"tag-sciences","13":"tag-sciences-et-technologies","14":"tag-technologies","15":"tag-technology"},"share_on_mastodon":{"url":"https:\/\/pubeurope.com\/@fr\/115595156399998990","error":""},"_links":{"self":[{"href":"https:\/\/www.europesays.com\/fr\/wp-json\/wp\/v2\/posts\/551986","targetHints":{"allow":["GET"]}}],"collection":[{"href":"https:\/\/www.europesays.com\/fr\/wp-json\/wp\/v2\/posts"}],"about":[{"href":"https:\/\/www.europesays.com\/fr\/wp-json\/wp\/v2\/types\/post"}],"author":[{"embeddable":true,"href":"https:\/\/www.europesays.com\/fr\/wp-json\/wp\/v2\/users\/2"}],"replies":[{"embeddable":true,"href":"https:\/\/www.europesays.com\/fr\/wp-json\/wp\/v2\/comments?post=551986"}],"version-history":[{"count":0,"href":"https:\/\/www.europesays.com\/fr\/wp-json\/wp\/v2\/posts\/551986\/revisions"}],"wp:featuredmedia":[{"embeddable":true,"href":"https:\/\/www.europesays.com\/fr\/wp-json\/wp\/v2\/media\/551987"}],"wp:attachment":[{"href":"https:\/\/www.europesays.com\/fr\/wp-json\/wp\/v2\/media?parent=551986"}],"wp:term":[{"taxonomy":"category","embeddable":true,"href":"https:\/\/www.europesays.com\/fr\/wp-json\/wp\/v2\/categories?post=551986"},{"taxonomy":"post_tag","embeddable":true,"href":"https:\/\/www.europesays.com\/fr\/wp-json\/wp\/v2\/tags?post=551986"}],"curies":[{"name":"wp","href":"https:\/\/api.w.org\/{rel}","templated":true}]}}