{"id":551992,"date":"2025-11-22T20:10:19","date_gmt":"2025-11-22T20:10:19","guid":{"rendered":"https:\/\/www.europesays.com\/fr\/551992\/"},"modified":"2025-11-22T20:10:19","modified_gmt":"2025-11-22T20:10:19","slug":"a-marseille-un-rassemblement-denvergure-pour-mehdi-kessaci","status":"publish","type":"post","link":"https:\/\/www.europesays.com\/fr\/551992\/","title":{"rendered":"\u00e0 Marseille, un rassemblement d\u2019envergure pour Mehdi Kessaci"},"content":{"rendered":"<p>\n    <strong>REPORTAGE<\/strong> &#8211; Plus de 6000 personnes et des \u00e9lus de tous bords politiques se sont recueillis sur les lieux de l\u2019assassinat du jeune homme pour lui rendre hommage. Son fr\u00e8re, Amine, a promis qu\u2019il ne se \u00abtairait pas\u00bb face au narcobanditisme.<\/p>\n<p class=\"fig-paragraph\">\u00abAu nom de ma famille d\u00e9chir\u00e9e, je veux vous remercier d\u2019\u00eatre mobilis\u00e9s. Mon fr\u00e8re \u00e9tait innocent, il avait la vie devant lui. Mehdi, Mehdi, Mehdi mon fr\u00e8re, je suis inconsolable\u00bb. Les mots d\u2019<a href=\"http:\/\/www.lefigaro.fr\/marseille\/il-etait-menace-amine-kessaci-un-militant-contre-le-narcotrafic-sous-pression-a-marseille-20251114\" data-fig-type=\"NewsFlash\" data-gtm-custom-categorie=\"navigation\" data-gtm-custom-action=\"crossclick\" data-gtm-custom-label=\"Contextuel\" data-gtm-event=\"customEventSPE\" data-fig-domain=\"LEFIGARO\" target=\"_blank\" rel=\"noopener\">Amine Kessaci<\/a>\u00a0r\u00e9sonnent dans le ciel de Marseille. Entour\u00e9 de nombreux hommes du RAID, le jeune militant a adress\u00e9 des paroles \u00e9mouvantes \u00e0 son fr\u00e8re via une lettre, ce samedi apr\u00e8s-midi.<\/p>\n<p class=\"fig-paragraph\">\u00abJe demande la justice pour Mehdi. Je ne me tairai pas. Depuis des ann\u00e9es, nous alertons car nous savons que le silence tue. Nous avons besoin de policier et de s\u00e9curit\u00e9. Nous avons besoin de justice sociale. Le narcotrafic contr\u00f4le, le narcotrafic corrompt, le narcotrafic tue. Personne ne peut dire qu\u2019il ne savait pas\u00bb, a-t-il \u00e9crit et fait lire par ses proches devant plus de 6000 personnes, lors d\u2019un rassemblement d\u2019envergure en hommage \u00e0 son fr\u00e8re, et contre le narcobanditisme.<\/p>\n<p class=\"fig-paragraph\">La manifestation s\u2019est tenue le long du rond-point o\u00f9 Mehdi Kessaci, 20 ans, avait \u00e9t\u00e9\u00a0<a href=\"http:\/\/www.lefigaro.fr\/marseille\/des-methodes-dignes-de-la-mafia-a-marseille-une-ligne-rouge-franchie-apres-l-assassinat-du-frere-d-amine-kessaci-20251114\" data-fig-type=\"NewsFlash\" data-gtm-custom-categorie=\"navigation\" data-gtm-custom-action=\"crossclick\" data-gtm-custom-label=\"Contextuel\" data-gtm-event=\"customEventSPE\" data-fig-domain=\"LEFIGARO\" target=\"_blank\" rel=\"noopener\">froidement abattu par deux tueurs \u00e0 moto<\/a>. Un crime<\/p>\n<p class=\"fig-premium-paywall__infos\">\n        Cet article est r\u00e9serv\u00e9 aux abonn\u00e9s.        Il vous reste 79% \u00e0 d\u00e9couvrir.\n    <\/p>\n<p>                <img  data- alt=\"Le Figaro\" class=\"fig-img--complete fig-img\"\/><\/p>\n<p class=\"fig-premium-paywall__title\">Black Friday<\/p>\n<p class=\"fig-premium-paywall__subtitle\">-70% sur l&rsquo;abonnement num\u00e9rique<\/p>\n<p class=\"fig-premium-paywall__connect\">\n                D\u00e9j\u00e0 abonn\u00e9\u00a0?                <a class=\"fig-premium-paywall__connect-link\" href=\"https:\/\/connect.lefigaro.fr\/login?client=horizon_web&amp;type=main&amp;redirect_uri=https%3A%2F%2Fwww.lefigaro.fr%2Fmarseille%2Fle-narcotrafic-controle-corrompt-et-tue-a-marseille-un-rassemblement-d-envergure-pour-mehdi-kessaci-20251122\" data-js-gtm=\"{&quot;customCategorie&quot;: &quot;conversion&quot;, &quot;customAction&quot;: &quot;before_Landing_Connexion_paywall_auto&quot;, &quot;customLabel&quot;: &quot;bGVmaWdhcm8uZnJfXzFmMGM3OWFhLWI1ZmUtNjM4YS04NWQ2LWZiN2U1NTcxMDczYl9fTmV3c0ZsYXNo_\u00abLe narcotrafic contr\u00f4le, corrompt et tue\u00bb\u00a0: \u00e0 Marseille, un rassemblement d\u2019envergure pour Mehdi Kessaci_136&quot;, &quot;customIDSPE&quot;: &quot;bGVmaWdhcm8uZnJfXzFmMGM3OWFhLWI1ZmUtNjM4YS04NWQ2LWZiN2U1NTcxMDczYl9fTmV3c0ZsYXNo&quot;, &quot;event&quot;: &quot;customEventSPE&quot;}\" target=\"_blank\" rel=\"noopener\"><br \/>\n                    Connectez-vous<br \/>\n                <\/a>\n            <\/p>\n","protected":false},"excerpt":{"rendered":"REPORTAGE &#8211; Plus de 6000 personnes et des \u00e9lus de tous bords politiques se sont recueillis sur les&hellip;\n","protected":false},"author":2,"featured_media":551993,"comment_status":"","ping_status":"","sticky":false,"template":"","format":"standard","meta":{"footnotes":""},"categories":[4],"tags":[11,1011,27,4879,8721,12,25],"class_list":{"0":"post-551992","1":"post","2":"type-post","3":"status-publish","4":"format-standard","5":"has-post-thumbnail","7":"category-france","8":"tag-actualites","9":"tag-fr","10":"tag-france","11":"tag-hommage","12":"tag-narcotrafic","13":"tag-news","14":"tag-republique-francaise"},"share_on_mastodon":{"url":"https:\/\/pubeurope.com\/@fr\/115595170505939766","error":""},"_links":{"self":[{"href":"https:\/\/www.europesays.com\/fr\/wp-json\/wp\/v2\/posts\/551992","targetHints":{"allow":["GET"]}}],"collection":[{"href":"https:\/\/www.europesays.com\/fr\/wp-json\/wp\/v2\/posts"}],"about":[{"href":"https:\/\/www.europesays.com\/fr\/wp-json\/wp\/v2\/types\/post"}],"author":[{"embeddable":true,"href":"https:\/\/www.europesays.com\/fr\/wp-json\/wp\/v2\/users\/2"}],"replies":[{"embeddable":true,"href":"https:\/\/www.europesays.com\/fr\/wp-json\/wp\/v2\/comments?post=551992"}],"version-history":[{"count":0,"href":"https:\/\/www.europesays.com\/fr\/wp-json\/wp\/v2\/posts\/551992\/revisions"}],"wp:featuredmedia":[{"embeddable":true,"href":"https:\/\/www.europesays.com\/fr\/wp-json\/wp\/v2\/media\/551993"}],"wp:attachment":[{"href":"https:\/\/www.europesays.com\/fr\/wp-json\/wp\/v2\/media?parent=551992"}],"wp:term":[{"taxonomy":"category","embeddable":true,"href":"https:\/\/www.europesays.com\/fr\/wp-json\/wp\/v2\/categories?post=551992"},{"taxonomy":"post_tag","embeddable":true,"href":"https:\/\/www.europesays.com\/fr\/wp-json\/wp\/v2\/tags?post=551992"}],"curies":[{"name":"wp","href":"https:\/\/api.w.org\/{rel}","templated":true}]}}