{"id":55200,"date":"2025-04-26T20:16:19","date_gmt":"2025-04-26T20:16:19","guid":{"rendered":"https:\/\/www.europesays.com\/fr\/55200\/"},"modified":"2025-04-26T20:16:19","modified_gmt":"2025-04-26T20:16:19","slug":"youssoupha-rejoint-laffiche-de-la-fiesta-des-suds","status":"publish","type":"post","link":"https:\/\/www.europesays.com\/fr\/55200\/","title":{"rendered":"Youssoupha rejoint l\u2019affiche de la Fiesta des Suds"},"content":{"rendered":"\n<p>La Fiesta des Suds 2025 s\u2019annonce. L\u2019incontournable festival marseillais retrouvera l\u2019Esplanade du J4 &#8211;\u00a0Gis\u00e8le Halimi, au pied du Mucem, les 9, 10 et 11\u00a0octobre prochains, et la programmation de cette 34e\u00a0\u00e9dition a \u00e9t\u00e9 d\u00e9voil\u00e9e ce jeudi. Du lourd \u00e9tait d\u00e9j\u00e0 annonc\u00e9 avec Morcheeba, Keziah Jones et Kassav\u2019, \u00ab\u00a0la l\u00e9gende du zouk caniculaire\u00a0\u00bb, qui constitueront cette ann\u00e9e le brelan d\u2019as d\u2019un rendez-vous \u00ab\u00a0r\u00e9solument ouvert sur le monde et sensible aux musiques plan\u00e9taires\u00a0\u00bb.<\/p>\n<p>Parmi les nouveaux venus figure Youssoupha. Le rappeur fran\u00e7ais sera programm\u00e9 sur la deuxi\u00e8me soir\u00e9e. Lui qui conna\u00eet bien Marseille vient de sortir son dernier album Amour Supr\u00eame. Les reggae boys californiens de Groundation, Joe Yorke, Dabeull Maestro, La Valentina ou Tshegue, et sa musique d\u2019inspiration punk rock chant\u00e9e en lingala, compl\u00e8tent le tableau. Comme il est de tradition, la Fiesta se vivra \u00e9galement en mode diurne le dimanche 12\u00a0octobre, avec une journ\u00e9e festive et familiale en acc\u00e8s libre, des concerts, des ateliers et animations&#8230;<\/p>\n<p>*9\/10 : Morcheeba, Dabeull Maestro, Enchant\u00e9e Julia, Uzi Freyja, Bia Ferreira. 10\/10 : Keziah Jones, Youssoupha, Tshegue, La Chica, A\u00efta mon amour, La Valentina. 11\/10 : Kassav\u2019, Groundation, Joe Yorke, Blaiz Fayah, Bamby, Alo Wala. Infos : Fiestadessuds.com<\/p>\n","protected":false},"excerpt":{"rendered":"La Fiesta des Suds 2025 s\u2019annonce. L\u2019incontournable festival marseillais retrouvera l\u2019Esplanade du J4 &#8211;\u00a0Gis\u00e8le Halimi, au pied du&hellip;\n","protected":false},"author":2,"featured_media":55201,"comment_status":"","ping_status":"","sticky":false,"template":"","format":"standard","meta":{"footnotes":""},"categories":[2814],"tags":[1111,11,1777,674,1011,27,14980,884,12,882,25],"class_list":{"0":"post-55200","1":"post","2":"type-post","3":"status-publish","4":"format-standard","5":"has-post-thumbnail","7":"category-marseille","8":"tag-actu","9":"tag-actualites","10":"tag-eu","11":"tag-europe","12":"tag-fr","13":"tag-france","14":"tag-kassav","15":"tag-marseille","16":"tag-news","17":"tag-provence-alpes-cote-dazur","18":"tag-republique-francaise"},"share_on_mastodon":{"url":"https:\/\/pubeurope.com\/@fr\/114406108974837007","error":""},"_links":{"self":[{"href":"https:\/\/www.europesays.com\/fr\/wp-json\/wp\/v2\/posts\/55200","targetHints":{"allow":["GET"]}}],"collection":[{"href":"https:\/\/www.europesays.com\/fr\/wp-json\/wp\/v2\/posts"}],"about":[{"href":"https:\/\/www.europesays.com\/fr\/wp-json\/wp\/v2\/types\/post"}],"author":[{"embeddable":true,"href":"https:\/\/www.europesays.com\/fr\/wp-json\/wp\/v2\/users\/2"}],"replies":[{"embeddable":true,"href":"https:\/\/www.europesays.com\/fr\/wp-json\/wp\/v2\/comments?post=55200"}],"version-history":[{"count":0,"href":"https:\/\/www.europesays.com\/fr\/wp-json\/wp\/v2\/posts\/55200\/revisions"}],"wp:featuredmedia":[{"embeddable":true,"href":"https:\/\/www.europesays.com\/fr\/wp-json\/wp\/v2\/media\/55201"}],"wp:attachment":[{"href":"https:\/\/www.europesays.com\/fr\/wp-json\/wp\/v2\/media?parent=55200"}],"wp:term":[{"taxonomy":"category","embeddable":true,"href":"https:\/\/www.europesays.com\/fr\/wp-json\/wp\/v2\/categories?post=55200"},{"taxonomy":"post_tag","embeddable":true,"href":"https:\/\/www.europesays.com\/fr\/wp-json\/wp\/v2\/tags?post=55200"}],"curies":[{"name":"wp","href":"https:\/\/api.w.org\/{rel}","templated":true}]}}