{"id":552025,"date":"2025-11-22T20:36:23","date_gmt":"2025-11-22T20:36:23","guid":{"rendered":"https:\/\/www.europesays.com\/fr\/552025\/"},"modified":"2025-11-22T20:36:23","modified_gmt":"2025-11-22T20:36:23","slug":"a-nice-christian-estrosi-lance-officiellement-sa-campagne-lors-dune-grande-reunion-publique","status":"publish","type":"post","link":"https:\/\/www.europesays.com\/fr\/552025\/","title":{"rendered":"\u00e0 Nice, Christian Estrosi lance officiellement sa campagne lors d\u2019une grande r\u00e9union publique"},"content":{"rendered":"<p>\n    Le maire de Nice Christian Estrosi a lanc\u00e9 sa course pour un quatri\u00e8me mandat cons\u00e9cutif lors de laquelle il devra cette fois affronter \u00c9ric Ciotti, son ancien prot\u00e9g\u00e9 devenu son grand rival.<\/p>\n<p class=\"fig-paragraph\">Christian Estrosi a assur\u00e9 qu\u2019il avait \u00abbouff\u00e9 du lion\u00bb, mais c\u2019est lors d\u2019une grande r\u00e9union publique ronronnante qu\u2019il a lanc\u00e9 officiellement sa\u00a0<a href=\"http:\/\/www.lefigaro.fr\/politique\/invisibilisee-par-le-budget-et-l-instabilite-la-campagne-fantome-des-municipales-20251109\" data-fig-type=\"Article\" data-gtm-custom-categorie=\"navigation\" data-gtm-custom-action=\"crossclick\" data-gtm-custom-label=\"Contextuel\" data-gtm-event=\"customEventSPE\" data-fig-domain=\"LEFIGARO\" target=\"_blank\" rel=\"noopener\">campagne des municipales<\/a>, samedi matin, \u00e0 Nice (Alpes-Maritimes). Le maire Horizons, qui vise un quatri\u00e8me mandat cons\u00e9cutif, a quand m\u00eame r\u00e9uni des milliers de personnes pour son raout au\u00a0<a href=\"http:\/\/www.lefigaro.fr\/nice\/nice-accouche-de-son-nouveau-centre-de-congres-sur-le-port-en-vue-du-sommet-onusien-sur-l-ocean-20250218\" data-fig-type=\"NewsFlash\" data-gtm-custom-categorie=\"navigation\" data-gtm-custom-action=\"crossclick\" data-gtm-custom-label=\"Contextuel\" data-gtm-event=\"customEventSPE\" data-fig-domain=\"LEFIGARO\" target=\"_blank\" rel=\"noopener\">nouveau centre des congr\u00e8s du port<\/a>, juste en face de la permanence du rival\u00a0<a href=\"http:\/\/www.lefigaro.fr\/elections\/municipales\/municipales-2026-eric-ciotti-officialise-sa-candidature-a-nice-20250827\" data-fig-type=\"NewsFlash\" data-gtm-custom-categorie=\"navigation\" data-gtm-custom-action=\"crossclick\" data-gtm-custom-label=\"Contextuel\" data-gtm-event=\"customEventSPE\" data-fig-domain=\"LEFIGARO\" target=\"_blank\" rel=\"noopener\">\u00c9ric Ciotti (UDR)<\/a>.<\/p>\n<p class=\"fig-paragraph\">Des images d\u2019archives du d\u00e9put\u00e9-candidat adulant Christian Estrosi ont d\u2019ailleurs \u00e9t\u00e9 diffus\u00e9es en amont. Les deux hommes, longtemps ins\u00e9parables, se livrent d\u00e9sormais \u00e0 un affrontement qui envenime toutes les Alpes-Maritimes. Mais Christian Estrosi n\u2019a pas une seule fois prononc\u00e9 son nom, le renvoyant au \u00abcandidat de l\u2019extr\u00eame droite\u00bb depuis\u00a0<a href=\"http:\/\/www.lefigaro.fr\/nice\/la-ville-de-nice-peut-elle-basculer-dans-le-giron-du-rn-avec-eric-ciotti-20241006\" data-fig-type=\"NewsFlash\" data-gtm-custom-categorie=\"navigation\" data-gtm-custom-action=\"crossclick\" data-gtm-custom-label=\"Contextuel\" data-gtm-event=\"customEventSPE\" data-fig-domain=\"LEFIGARO\" target=\"_blank\" rel=\"noopener\">son alliance avec le RN<\/a>.<\/p>\n<p class=\"fig-paragraph\">Il a encore \u00e9t\u00e9 question d\u2019un lion pour griffer l\u2019ex-patron de LR, r\u00e9f\u00e9rence \u00e0\u00a0<a href=\"http:\/\/www.lefigaro.fr\/nice\/nice-art-l-oeuvre-de-ben-va-remplacer-le-lion-d-orlinski-20251120\" data-fig-type=\"NewsFlash\" data-gtm-custom-categorie=\"navigation\" data-gtm-custom-action=\"crossclick\" data-gtm-custom-label=\"Contextuel\" data-gtm-event=\"customEventSPE\" data-fig-domain=\"LEFIGARO\" target=\"_blank\" rel=\"noopener\">une \u0153uvre controvers\u00e9e<\/a>\u00a0qui \u00e9tait install\u00e9e sur une place du centre-ville. \u00abUn homme politique n\u2019a pas \u00e0 juger la culture, \u00e7a\u2026<\/p>\n<p class=\"fig-premium-paywall__infos\">\n        Cet article est r\u00e9serv\u00e9 aux abonn\u00e9s.        Il vous reste 66% \u00e0 d\u00e9couvrir.\n    <\/p>\n<p>                <img  data- alt=\"Le Figaro\" class=\"fig-img--complete fig-img\"\/><\/p>\n<p class=\"fig-premium-paywall__title\">Black Friday<\/p>\n<p class=\"fig-premium-paywall__subtitle\">-70% sur l&rsquo;abonnement num\u00e9rique<\/p>\n<p class=\"fig-premium-paywall__connect\">\n                D\u00e9j\u00e0 abonn\u00e9\u00a0?                <a class=\"fig-premium-paywall__connect-link\" href=\"https:\/\/connect.lefigaro.fr\/login?client=horizon_web&amp;type=main&amp;redirect_uri=https%3A%2F%2Fwww.lefigaro.fr%2Fnice%2Fmunicipales-2026-a-nice-christian-estrosi-lance-officiellement-sa-campagne-lors-d-une-grande-reunion-publique-20251122\" data-js-gtm=\"{&quot;customCategorie&quot;: &quot;conversion&quot;, &quot;customAction&quot;: &quot;before_Landing_Connexion_paywall_auto&quot;, &quot;customLabel&quot;: &quot;bGVmaWdhcm8uZnJfXzFmMGM3YTczLTk4ZGItNmNjMC05M2VkLTZkY2E0Y2Y2ZTFlMV9fTmV3c0ZsYXNo_Municipales 2026\u00a0: \u00e0 Nice, Christian Estrosi lance officiellement sa campagne lors d\u2019une grande r\u00e9union publique_201&quot;, &quot;customIDSPE&quot;: &quot;bGVmaWdhcm8uZnJfXzFmMGM3YTczLTk4ZGItNmNjMC05M2VkLTZkY2E0Y2Y2ZTFlMV9fTmV3c0ZsYXNo&quot;, &quot;event&quot;: &quot;customEventSPE&quot;}\" target=\"_blank\" rel=\"noopener\"><br \/>\n                    Connectez-vous<br \/>\n                <\/a>\n            <\/p>\n","protected":false},"excerpt":{"rendered":"Le maire de Nice Christian Estrosi a lanc\u00e9 sa course pour un quatri\u00e8me mandat cons\u00e9cutif lors de laquelle&hellip;\n","protected":false},"author":2,"featured_media":552026,"comment_status":"","ping_status":"","sticky":false,"template":"","format":"standard","meta":{"footnotes":""},"categories":[2819],"tags":[1111,11,2397,6537,1777,674,1011,27,3554,12,2401,882,25],"class_list":{"0":"post-552025","1":"post","2":"type-post","3":"status-publish","4":"format-standard","5":"has-post-thumbnail","7":"category-nice","8":"tag-actu","9":"tag-actualites","10":"tag-christian-estrosi","11":"tag-eric-ciotti","12":"tag-eu","13":"tag-europe","14":"tag-fr","15":"tag-france","16":"tag-municipales","17":"tag-news","18":"tag-nice","19":"tag-provence-alpes-cote-dazur","20":"tag-republique-francaise"},"share_on_mastodon":{"url":"https:\/\/pubeurope.com\/@fr\/115595272754879530","error":""},"_links":{"self":[{"href":"https:\/\/www.europesays.com\/fr\/wp-json\/wp\/v2\/posts\/552025","targetHints":{"allow":["GET"]}}],"collection":[{"href":"https:\/\/www.europesays.com\/fr\/wp-json\/wp\/v2\/posts"}],"about":[{"href":"https:\/\/www.europesays.com\/fr\/wp-json\/wp\/v2\/types\/post"}],"author":[{"embeddable":true,"href":"https:\/\/www.europesays.com\/fr\/wp-json\/wp\/v2\/users\/2"}],"replies":[{"embeddable":true,"href":"https:\/\/www.europesays.com\/fr\/wp-json\/wp\/v2\/comments?post=552025"}],"version-history":[{"count":0,"href":"https:\/\/www.europesays.com\/fr\/wp-json\/wp\/v2\/posts\/552025\/revisions"}],"wp:featuredmedia":[{"embeddable":true,"href":"https:\/\/www.europesays.com\/fr\/wp-json\/wp\/v2\/media\/552026"}],"wp:attachment":[{"href":"https:\/\/www.europesays.com\/fr\/wp-json\/wp\/v2\/media?parent=552025"}],"wp:term":[{"taxonomy":"category","embeddable":true,"href":"https:\/\/www.europesays.com\/fr\/wp-json\/wp\/v2\/categories?post=552025"},{"taxonomy":"post_tag","embeddable":true,"href":"https:\/\/www.europesays.com\/fr\/wp-json\/wp\/v2\/tags?post=552025"}],"curies":[{"name":"wp","href":"https:\/\/api.w.org\/{rel}","templated":true}]}}