{"id":552041,"date":"2025-11-22T20:51:38","date_gmt":"2025-11-22T20:51:38","guid":{"rendered":"https:\/\/www.europesays.com\/fr\/552041\/"},"modified":"2025-11-22T20:51:38","modified_gmt":"2025-11-22T20:51:38","slug":"le-marche-de-noel-de-lillustration-revient-a-marseille-du-06-12-2025-au-07-12-2025-marseille-2","status":"publish","type":"post","link":"https:\/\/www.europesays.com\/fr\/552041\/","title":{"rendered":"Le March\u00e9 de No\u00ebl de l&rsquo;Illustration revient \u00e0 Marseille &#8211; Du 06\/12\/2025 au 07\/12\/2025 &#8211; Marseille"},"content":{"rendered":"<p data-start=\"458\" data-end=\"859\">\u00c0 Marseille, No\u00ebl commence sous le signe de la cr\u00e9ativit\u00e9 ! Le festival BIM donne rendez-vous aux amoureux de BD, d\u2019illustration, d\u2019objets graphiques et de belles id\u00e9es pour deux jours de d\u00e9couvertes, de rencontres et d\u2019achats engag\u00e9s. Pour cette \u00e9dition 2025, <strong>le March\u00e9 de No\u00ebl de l\u2019Illustration <\/strong>investit le Quartier G\u00e9n\u00e9ral, transform\u00e9 pour l\u2019occasion en grande fabrique artistique ouverte \u00e0 tous.<\/p>\n<p>&#13;<br \/>\nUn march\u00e9 d\u00e9di\u00e9 \u00e0 la cr\u00e9ation graphique&#13;<\/p>\n<p data-start=\"921\" data-end=\"1093\">Envie de sortir des sentiers battus pour vos cadeaux de No\u00ebl ?<br data-start=\"983\" data-end=\"986\"\/> Le march\u00e9 r\u00e9unit le meilleur de la sc\u00e8ne graphique marseillaise et propose une large s\u00e9lection d\u2019\u0153uvres :<\/p>\n<p>&#13;<\/p>\n<p style=\"margin-left: 30px;\" data-start=\"1096\" data-end=\"1112\">BD et fanzines<\/p>\n<p>&#13;<\/p>\n<p style=\"margin-left: 30px;\" data-start=\"1115\" data-end=\"1136\">affiches originales<\/p>\n<p>&#13;<\/p>\n<p style=\"margin-left: 30px;\" data-start=\"1139\" data-end=\"1154\">tirages d\u2019art<\/p>\n<p>&#13;<\/p>\n<p style=\"margin-left: 30px;\" data-start=\"1157\" data-end=\"1192\">cr\u00e9ations artisanales et d\u00e9cal\u00e9es<\/p>\n<p>&#13;<\/p>\n<p style=\"margin-left: 30px;\" data-start=\"1195\" data-end=\"1224\">objets sensibles et engag\u00e9s<\/p>\n<p>&#13;<\/p>\n<p style=\"margin-left: 30px;\" data-start=\"1227\" data-end=\"1272\">id\u00e9es cadeaux uniques, locales et inspir\u00e9es<\/p>\n<p>&#13;<\/p>\n<p data-start=\"1274\" data-end=\"1371\">Un rendez-vous parfait pour soutenir les artistes et d\u00e9nicher des pr\u00e9sents introuvables ailleurs.<\/p>\n<p>&#13;<br \/>\nUne trentaine d\u2019artistes et collectifs pr\u00e9sents&#13;<\/p>\n<p data-start=\"1434\" data-end=\"2101\">Cette \u00e9dition accueillera notamment :<br data-start=\"1471\" data-end=\"1474\"\/> Bandits d&rsquo;honneur, L&rsquo;Atelier des H\u00e9ro\u00efnes, Sandra Poirot-Ch\u00e9rif, Charlotte Des Ligneris, Voil\u00e0 Voil\u00e0, Juliette Iturralde, Mineolux, Beno\u00eet Guillaume, Catherine Chardonnay, Gala Vanson, Nathalie Desforges, Renaud Perrin, Le Trait, Quentin Vintousky, Ad\u00e8le Mesones, Caroline Sury, \u00c9tienne Savoye, Corbak Press, Mona Granjon, Double Serpent, Le Dernier Cri, Les Machines, Le Singe Batteur, Pauline Cuny, Charlotte Pargue, Lucia Calfapietra, Lucile Camus, Emmanuelle de Rosa, Caroline Ortega, Laurent Santi, Didier Gianela, Estelle Ch\u00e9rel\u2026<br data-start=\"2009\" data-end=\"2012\"\/> Une s\u00e9lection d\u2019artistes tr\u00e8s engag\u00e9s, chacun avec son univers et sa signature graphique.<\/p>\n<p>&#13;<br \/>\nDes animations tout le week-end&#13;<\/p>\n<p data-start=\"2148\" data-end=\"2211\">Le march\u00e9 sera \u00e9galement rythm\u00e9 par de nombreux temps forts :<\/p>\n<p>&#13;<\/p>\n<p data-start=\"2214\" data-end=\"2251\">&#8211; ateliers et animations tous publics<\/p>\n<p>&#13;<\/p>\n<p data-start=\"2254\" data-end=\"2284\">&#8211; rencontres avec des artistes<\/p>\n<p>&#13;<\/p>\n<p data-start=\"2287\" data-end=\"2325\">&#8211; surprises graphiques et performances<\/p>\n<p>&#13;<\/p>\n<p data-start=\"2328\" data-end=\"2358\">&#8211; buvette conviviale sur place<\/p>\n<p>&#13;<br \/>\n\u00a0Un concert le samedi&#13;<\/p>\n<p data-start=\"2407\" data-end=\"2436\"><strong data-start=\"2407\" data-end=\"2434\">Samedi 6 d\u00e9cembre \u00e0 19h<\/strong><\/p>\n<p>&#13;<\/p>\n<blockquote data-start=\"2437\" data-end=\"2570\"><p>&#13;<\/p>\n<p data-start=\"2439\" data-end=\"2570\"><strong>Concert de la super-m\u00e9ga Chorale Rock SONKOLORS<\/strong><br data-start=\"2488\" data-end=\"2491\"\/> Ambiance garantie pour prolonger la journ\u00e9e dans l\u2019\u00e9nergie et la bonne humeur !<\/p>\n<p>&#13;\n<\/p><\/blockquote>\n<p>&#13;<br \/>\nUne tombola solidaire&#13;<\/p>\n<p data-start=\"2608\" data-end=\"2850\">Une grande tombola sera organis\u00e9e au profit du <strong data-start=\"2655\" data-end=\"2662\">GR1<\/strong>, lieu de solidarit\u00e9 et d\u2019h\u00e9bergement port\u00e9 par Yes We Camp, et des <strong data-start=\"2730\" data-end=\"2754\">mineur\u00b7e\u00b7s isol\u00e9\u00b7e\u00b7s<\/strong>.<br data-start=\"2755\" data-end=\"2758\"\/> L\u2019occasion de soutenir une cause importante tout en essayant de remporter des lots cr\u00e9atifs.<\/p>\n<p>&#13;<\/p>\n<p data-start=\"2608\" data-end=\"2850\">\u00a0<\/p>\n<p>&#13;<\/p>\n<p data-start=\"2608\" data-end=\"2850\"><strong>Samedi 6 et dimanche 7 d\u00e9cembre 2025 \u2013 de 10h \u00e0 19h (et jusqu\u2019\u00e0 21h le samedi)<\/strong><br \/>Quartier G\u00e9n\u00e9ral \u2013 28 all\u00e9e Gambetta, Marseille 1er<br \/>M\u00e9tro R\u00e9form\u00e9s<br \/>Entr\u00e9e libre<\/p>\n<p>&#13;<\/p>\n<p data-start=\"2608\" data-end=\"2850\"><a href=\"https:\/\/www.facebook.com\/events\/25014807991502143\/\" target=\"_blank\" rel=\"noopener\">Plus d&rsquo;infos<\/a><\/p>\n","protected":false},"excerpt":{"rendered":"\u00c0 Marseille, No\u00ebl commence sous le signe de la cr\u00e9ativit\u00e9 ! Le festival BIM donne rendez-vous aux amoureux&hellip;\n","protected":false},"author":2,"featured_media":551807,"comment_status":"","ping_status":"","sticky":false,"template":"","format":"standard","meta":{"footnotes":""},"categories":[2814],"tags":[1111,11,1777,674,1011,27,884,12,882,25],"class_list":{"0":"post-552041","1":"post","2":"type-post","3":"status-publish","4":"format-standard","5":"has-post-thumbnail","7":"category-marseille","8":"tag-actu","9":"tag-actualites","10":"tag-eu","11":"tag-europe","12":"tag-fr","13":"tag-france","14":"tag-marseille","15":"tag-news","16":"tag-provence-alpes-cote-dazur","17":"tag-republique-francaise"},"share_on_mastodon":{"url":"https:\/\/pubeurope.com\/@fr\/115595331714748588","error":""},"_links":{"self":[{"href":"https:\/\/www.europesays.com\/fr\/wp-json\/wp\/v2\/posts\/552041","targetHints":{"allow":["GET"]}}],"collection":[{"href":"https:\/\/www.europesays.com\/fr\/wp-json\/wp\/v2\/posts"}],"about":[{"href":"https:\/\/www.europesays.com\/fr\/wp-json\/wp\/v2\/types\/post"}],"author":[{"embeddable":true,"href":"https:\/\/www.europesays.com\/fr\/wp-json\/wp\/v2\/users\/2"}],"replies":[{"embeddable":true,"href":"https:\/\/www.europesays.com\/fr\/wp-json\/wp\/v2\/comments?post=552041"}],"version-history":[{"count":0,"href":"https:\/\/www.europesays.com\/fr\/wp-json\/wp\/v2\/posts\/552041\/revisions"}],"wp:featuredmedia":[{"embeddable":true,"href":"https:\/\/www.europesays.com\/fr\/wp-json\/wp\/v2\/media\/551807"}],"wp:attachment":[{"href":"https:\/\/www.europesays.com\/fr\/wp-json\/wp\/v2\/media?parent=552041"}],"wp:term":[{"taxonomy":"category","embeddable":true,"href":"https:\/\/www.europesays.com\/fr\/wp-json\/wp\/v2\/categories?post=552041"},{"taxonomy":"post_tag","embeddable":true,"href":"https:\/\/www.europesays.com\/fr\/wp-json\/wp\/v2\/tags?post=552041"}],"curies":[{"name":"wp","href":"https:\/\/api.w.org\/{rel}","templated":true}]}}