{"id":552042,"date":"2025-11-22T20:53:13","date_gmt":"2025-11-22T20:53:13","guid":{"rendered":"https:\/\/www.europesays.com\/fr\/552042\/"},"modified":"2025-11-22T20:53:13","modified_gmt":"2025-11-22T20:53:13","slug":"amine-kessaci-est-la-seule-personne-qui-minspire-vraiment-a-marseille-lengagement-de-la-soeur-de-socayna","status":"publish","type":"post","link":"https:\/\/www.europesays.com\/fr\/552042\/","title":{"rendered":"\u00ab\u00a0Amine Kessaci est la seule personne qui m\u2019inspire vraiment \u00bb\u00a0: \u00e0 Marseille, l\u2019engagement de la s\u0153ur de Socayna"},"content":{"rendered":"<p class=\"paragraph text_align_left lp-f-body-02\">Autour du rond-point Claudie d\u2019Arcy, les corps se serrent contre le vent glacial. Au milieu de la foule venue rendre <a href=\"https:\/\/www.leparisien.fr\/faits-divers\/plus-de-6-000-personnes-reunies-discours-poignants-lhommage-a-mehdi-kessaci-a-marseille-en-images-22-11-2025-B6ARZI3CSNGTBBVFGUSXNMJPIA.php\" target=\"_blank\" rel=\"noreferrer noopener\">hommage \u00e0 Mehdi Kessaci<\/a>, 20 ans, le<a href=\"https:\/\/www.leparisien.fr\/faits-divers\/absolument-terrifiant-lassassinat-du-frere-damine-kessaci-nouveau-cap-dans-la-derive-mafieuse-a-marseille-14-11-2025-YJYZETJJBRGM7KGKHBOFV4JCOE.php\" target=\"_blank\" rel=\"noreferrer noopener\"> fr\u00e8re du militant \u00e9cologiste Amine Kessaci, abattu le 13 novembre<\/a> \u00e0 Marseille (Bouches-du-Rh\u00f4ne), une adolescente tient t\u00eate au vacarme ambiant sans \u00e9lever la voix. Sabrina, 16 ans, lyc\u00e9enne. Le visage calme. \u00c0 ses c\u00f4t\u00e9s, <a href=\"https:\/\/www.leparisien.fr\/faits-divers\/la-mort-de-socayna-a-fait-lactualite-et-puis-plus-rien-un-an-apres-le-drame-sa-mere-reclame-justice-09-09-2024-E52SX4GWSFAWDHAXDAPELDIFXA.php\" target=\"_blank\" rel=\"noreferrer noopener\">sa m\u00e8re, Le\u00efla<\/a>, digne et pudique, \u00e9tait consciente que venir ici serait une \u00e9preuve. Il aura suffi de quelques questions de journalistes pour raviver une plaie encore b\u00e9ante : la perte de sa fille, <a href=\"https:\/\/www.leparisien.fr\/faits-divers\/socayna-tuee-a-marseille-une-mort-si-revoltante-13-09-2023-JSE3EKJ26NHI7D72OELUXVVBRU.php\" target=\"_blank\" rel=\"noreferrer noopener\">Socayna, 24 ans, tu\u00e9e en 2023 d\u2019une balle perdue<\/a> alors qu\u2019elle r\u00e9visait dans sa chambre, dans le quartier marseillais de Saint-Thys.<\/p>\n<p class=\"paragraph text_align_left lp-f-body-02\">Sabrina ne pleure pas. Elle ne pleure presque jamais. C\u2019est une force s\u00e8che, solide, \u00ab celle qui m\u2019emp\u00eache de rejoindre Socayna \u00bb, r\u00e9p\u00e8te souvent sa maman. Si la jeune fille est pr\u00e9sente, ce samedi 22 novembre, c\u2019est parce que \u00ab c\u2019est important \u00bb.<\/p>\n","protected":false},"excerpt":{"rendered":"Autour du rond-point Claudie d\u2019Arcy, les corps se serrent contre le vent glacial. Au milieu de la foule&hellip;\n","protected":false},"author":2,"featured_media":552043,"comment_status":"","ping_status":"","sticky":false,"template":"","format":"standard","meta":{"footnotes":""},"categories":[2814],"tags":[1111,11,459,1777,674,118,1011,27,884,12,882,25],"class_list":{"0":"post-552042","1":"post","2":"type-post","3":"status-publish","4":"format-standard","5":"has-post-thumbnail","7":"category-marseille","8":"tag-actu","9":"tag-actualites","10":"tag-departements-horsidfo","11":"tag-eu","12":"tag-europe","13":"tag-faits-divers","14":"tag-fr","15":"tag-france","16":"tag-marseille","17":"tag-news","18":"tag-provence-alpes-cote-dazur","19":"tag-republique-francaise"},"share_on_mastodon":{"url":"https:\/\/pubeurope.com\/@fr\/115595339697578646","error":""},"_links":{"self":[{"href":"https:\/\/www.europesays.com\/fr\/wp-json\/wp\/v2\/posts\/552042","targetHints":{"allow":["GET"]}}],"collection":[{"href":"https:\/\/www.europesays.com\/fr\/wp-json\/wp\/v2\/posts"}],"about":[{"href":"https:\/\/www.europesays.com\/fr\/wp-json\/wp\/v2\/types\/post"}],"author":[{"embeddable":true,"href":"https:\/\/www.europesays.com\/fr\/wp-json\/wp\/v2\/users\/2"}],"replies":[{"embeddable":true,"href":"https:\/\/www.europesays.com\/fr\/wp-json\/wp\/v2\/comments?post=552042"}],"version-history":[{"count":0,"href":"https:\/\/www.europesays.com\/fr\/wp-json\/wp\/v2\/posts\/552042\/revisions"}],"wp:featuredmedia":[{"embeddable":true,"href":"https:\/\/www.europesays.com\/fr\/wp-json\/wp\/v2\/media\/552043"}],"wp:attachment":[{"href":"https:\/\/www.europesays.com\/fr\/wp-json\/wp\/v2\/media?parent=552042"}],"wp:term":[{"taxonomy":"category","embeddable":true,"href":"https:\/\/www.europesays.com\/fr\/wp-json\/wp\/v2\/categories?post=552042"},{"taxonomy":"post_tag","embeddable":true,"href":"https:\/\/www.europesays.com\/fr\/wp-json\/wp\/v2\/tags?post=552042"}],"curies":[{"name":"wp","href":"https:\/\/api.w.org\/{rel}","templated":true}]}}