{"id":552044,"date":"2025-11-22T20:54:21","date_gmt":"2025-11-22T20:54:21","guid":{"rendered":"https:\/\/www.europesays.com\/fr\/552044\/"},"modified":"2025-11-22T20:54:21","modified_gmt":"2025-11-22T20:54:21","slug":"rhone-la-reglementation-sur-les-armes-blanches-evolue","status":"publish","type":"post","link":"https:\/\/www.europesays.com\/fr\/552044\/","title":{"rendered":"Rh\u00f4ne : la r\u00e9glementation sur les armes blanches \u00e9volue"},"content":{"rendered":"<p>                            <img loading=\"lazy\" width=\"591\" height=\"394\" class=\"attachment-article size-article wp-post-image lazyload\" alt=\"\" decoding=\"async\" src=\"https:\/\/www.europesays.com\/fr\/wp-content\/uploads\/2025\/11\/gros-couteau.jpg\"  data- data-eio-rwidth=\"591\" data-eio-rheight=\"394\"\/><\/p>\n<p>Apr\u00e8s le drame de juin dernier \u00e0 Nogent, de nouvelles restrictions entrent en vigueur. @ Antoine Merlet<\/p>\n<p class=\"content\" style=\"font-size:1.2em;font-weight:700\">La pr\u00e9fecture du Rh\u00f4ne a pr\u00e9sent\u00e9 une nouvelle r\u00e9glementation concernant la vente, la d\u00e9tention et le port d&rsquo;armes ce vendredi 21 novembre.<\/p>\n<p>De nouvelles r\u00e9glementations pour les commerces vendant des armes blanches. Ce vendredi 21 novembre, la pr\u00e9fecture du Rh\u00f4ne a publi\u00e9 de nouvelles consignes autour de leur vente, leur d\u00e9tention et leur port. Dans un objectif de renforcement de la s\u00e9curit\u00e9 et de pr\u00e9vention des violences, la classification de certaines armes blanches \u00e9volue. <\/p>\n<p><strong>Lire aussi :<\/strong> <a href=\"https:\/\/www.lyoncapitale.fr\/actualite\/armes-zombie-couteaux-poings-americains-la-prefecture-de-la-drome-serre-la-vis\" target=\"_blank\" rel=\"noreferrer noopener\">Armes \u00ab\u00a0Zombie\u00a0\u00bb, couteaux, poings am\u00e9ricains : la pr\u00e9fecture de la Dr\u00f4me serre la vis<\/a><\/p>\n<p>Certaines armes blanches sont pass\u00e9es en cat\u00e9gorie dite \u00ab\u00a0Da\u00a0\u00bb et les commerces (hors armurerie) les proposant \u00e0 la vente doivent d\u00e9sormais d\u00e9tenir une autorisation pr\u00e9fectorale. Il s&rsquo;agit des couteaux \u00e0 ouverture manuelle, les couteaux \u00e0 cran d&rsquo;arr\u00eat \u00e0 ouverture automatique, les armes blanches de jet appel\u00e9es \u00ab\u00a0\u00e9toiles de Ninja\u00a0\u00bb ou encore les armes mixtes d&rsquo;un mod\u00e8le ant\u00e9rieur au 1er janvier 1946 combinant \u00ab\u00a0coup de poing am\u00e9ricain\u00a0\u00bb et arme blanche \u00e0 lame.<\/p>\n<p>\u00ab\u00a0Les commer\u00e7ant ont jusqu&rsquo;au 7 mars 2026 pour d\u00e9poser leur demande d&rsquo;autorisation aupr\u00e8s de la Pr\u00e9fecture du Rh\u00f4ne\u00a0\u00bb, indique un communiqu\u00e9 de la pr\u00e9fecture. <\/p>\n<p>De nouvelles armes interdites \u00e0 la vente <\/p>\n<p>Certaines armes blanches deviennent, elles, interdites \u00e0 la vente et la d\u00e9tention et passent en cat\u00e9gorie A1. Il s&rsquo;agit entre autres des couteaux dits \u00ab\u00a0Zombie\u00a0\u00bb, c&rsquo;est-\u00e0-dire les \u00ab\u00a0couteaux, coutelas et machettes, \u00e0 lame fixe disposant d&rsquo;un c\u00f4t\u00e9 tranchant, d&rsquo;une extr\u00e9mit\u00e9 pointue, d&rsquo;un c\u00f4t\u00e9 dentel\u00e9 et pr\u00e9sentant en compl\u00e9ment soit plus d&rsquo;un trou dans la lame, soit plusieurs pointes<br \/>ac\u00e9r\u00e9es\u00a0\u00bb, d\u00e9taille la pr\u00e9fecture. Mais aussi les \u00ab\u00a0poings am\u00e9ricains\u00a0\u00bb prot\u00e9geant quatre doigts d&rsquo;un mod\u00e8le post\u00e9rieur au 1er janvier 1900. <\/p>\n<p>Les particuliers comme les commerces d\u00e9tenteurs de ces armes doivent les remettre \u00e0 un service de police ou de gendarmerie avant le 7 d\u00e9cembre 2025. En cas de non-respect de cette date, particuliers et professionnels risquent cinq ans d&#8217;emprisonnement et 75.000 euros d&rsquo;amende. La fabrication et le commerce de ces armes sont passibles de sept ans d&#8217;emprisonnement et 100.000 euros d&rsquo;amende. <\/p>\n<p>Plus d&rsquo;information sur le site de la <a href=\"https:\/\/www.rhone.gouv.fr\/Demarches\/Professions-et-activites-reglementees\/Activites-reglementees\/Armes\/Evolution-de-la-reglementation-sur-les-armes-blanches\" target=\"_blank\" rel=\"noreferrer noopener\">pr\u00e9fecture du Rh\u00f4ne<\/a>. <\/p>\n","protected":false},"excerpt":{"rendered":"Apr\u00e8s le drame de juin dernier \u00e0 Nogent, de nouvelles restrictions entrent en vigueur. @ Antoine Merlet La&hellip;\n","protected":false},"author":2,"featured_media":552045,"comment_status":"","ping_status":"","sticky":false,"template":"","format":"standard","meta":{"footnotes":""},"categories":[1889],"tags":[1111,11,2430,1777,674,1011,27,2428,12,25,809],"class_list":{"0":"post-552044","1":"post","2":"type-post","3":"status-publish","4":"format-standard","5":"has-post-thumbnail","7":"category-lyon","8":"tag-actu","9":"tag-actualites","10":"tag-auvergne-rhone-alpes","11":"tag-eu","12":"tag-europe","13":"tag-fr","14":"tag-france","15":"tag-lyon","16":"tag-news","17":"tag-republique-francaise","18":"tag-violence"},"share_on_mastodon":{"url":"https:\/\/pubeurope.com\/@fr\/115595344602292221","error":""},"_links":{"self":[{"href":"https:\/\/www.europesays.com\/fr\/wp-json\/wp\/v2\/posts\/552044","targetHints":{"allow":["GET"]}}],"collection":[{"href":"https:\/\/www.europesays.com\/fr\/wp-json\/wp\/v2\/posts"}],"about":[{"href":"https:\/\/www.europesays.com\/fr\/wp-json\/wp\/v2\/types\/post"}],"author":[{"embeddable":true,"href":"https:\/\/www.europesays.com\/fr\/wp-json\/wp\/v2\/users\/2"}],"replies":[{"embeddable":true,"href":"https:\/\/www.europesays.com\/fr\/wp-json\/wp\/v2\/comments?post=552044"}],"version-history":[{"count":0,"href":"https:\/\/www.europesays.com\/fr\/wp-json\/wp\/v2\/posts\/552044\/revisions"}],"wp:featuredmedia":[{"embeddable":true,"href":"https:\/\/www.europesays.com\/fr\/wp-json\/wp\/v2\/media\/552045"}],"wp:attachment":[{"href":"https:\/\/www.europesays.com\/fr\/wp-json\/wp\/v2\/media?parent=552044"}],"wp:term":[{"taxonomy":"category","embeddable":true,"href":"https:\/\/www.europesays.com\/fr\/wp-json\/wp\/v2\/categories?post=552044"},{"taxonomy":"post_tag","embeddable":true,"href":"https:\/\/www.europesays.com\/fr\/wp-json\/wp\/v2\/tags?post=552044"}],"curies":[{"name":"wp","href":"https:\/\/api.w.org\/{rel}","templated":true}]}}