{"id":552048,"date":"2025-11-22T20:57:24","date_gmt":"2025-11-22T20:57:24","guid":{"rendered":"https:\/\/www.europesays.com\/fr\/552048\/"},"modified":"2025-11-22T20:57:24","modified_gmt":"2025-11-22T20:57:24","slug":"cela-se-joue-parfois-a-un-demi-degre-et-50-metres-daltitude-pres-la-neige-va-t-elle-tenir-en-ile-de-france","status":"publish","type":"post","link":"https:\/\/www.europesays.com\/fr\/552048\/","title":{"rendered":"\u00ab\u00a0Cela se joue parfois \u00e0 un demi-degr\u00e9 et 50\u00a0m\u00e8tres d\u2019altitude pr\u00e8s\u00a0\u00bb\u00a0: la neige va-t-elle tenir en \u00cele-de-France\u00a0?"},"content":{"rendered":"<p class=\"paragraph text_align_left lp-f-body-02\">Les enfants la r\u00e9clament et les automobilistes la craignent : apr\u00e8s de tr\u00e8s timides perc\u00e9es cette semaine, <a href=\"https:\/\/www.leparisien.fr\/meteo\/neigeverglas-lile-de-france-placee-en-vigilance-orange-de-la-neige-attendue-dans-la-soiree-22-11-2025-MBPNYVQIONGSZPKZ4JZVBSLUUU.php\" target=\"_self\" rel=\"nofollow noopener\">la neige devrait faire une apparition plus remarqu\u00e9e ce week-end<\/a>, en \u00cele-de-France. Assez pour satisfaire les amateurs de batailles de boules et de clich\u00e9s de nos plus beaux monuments recouverts de blanc ? Pas s\u00fbr.<\/p>\n<p class=\"paragraph text_align_left lp-f-body-02\">S\u2019il est un affrontement certain, c\u2019est entre deux masses d\u2019air. La premi\u00e8re, continentale, est celle qui fait frissonner les Franciliens depuis quelques jours. Un \u00ab \u00e9pisode hivernal pr\u00e9coce \u00bb remarquable, selon Gilles Matricon, pr\u00e9visionniste pour M\u00e9t\u00e9o Consult et La Cha\u00eene M\u00e9t\u00e9o. \u00ab La nuit de vendredi \u00e0 samedi a \u00e9t\u00e9 <a href=\"https:\/\/www.leparisien.fr\/meteo\/vague-de-froid\/\" target=\"_blank\" rel=\"noreferrer nofollow noopener\">vraiment froide<\/a>, avec des temp\u00e9ratures qui sont descendues autour de -5 \u00b0C, \u00e0 <a href=\"https:\/\/www.leparisien.fr\/val-d-oise-95\/pontoise-95300\/\" target=\"_blank\" rel=\"noreferrer nofollow noopener\">Pontoise<\/a> (<a href=\"https:\/\/www.leparisien.fr\/val-d-oise-95\/\" target=\"_blank\" rel=\"noreferrer nofollow noopener\">Val-d\u2019Oise<\/a>) par exemple, d\u00e9taille l\u2019expert <a href=\"https:\/\/www.leparisien.fr\/meteo\/\" target=\"_blank\" rel=\"noreferrer nofollow noopener\">m\u00e9t\u00e9o<\/a>. Depuis 2013, on n\u2019avait pas eu une telle fin de novembre. \u00bb<\/p>\n<p class=\"paragraph text_align_left lp-f-body-02\">Mais une perturbation arrive par l\u2019Atlantique qui promet un l\u00e9ger redoux pour les prochains jours. C\u2019est son contact avec l\u2019air froid qui fera qu\u2019un <a href=\"https:\/\/www.leparisien.fr\/meteo\/neige\/\" target=\"_blank\" rel=\"noreferrer nofollow noopener\">rideau neigeux<\/a> va tomber sur un axe allant des Hauts-de-France au Limousin, en passant par le Bassin parisien, une partie du Centre Val-de-Loire et la Champagne. \u00ab L\u2019\u00e9pisode va d\u00e9buter par les <a href=\"https:\/\/www.leparisien.fr\/yvelines-78\/\" target=\"_blank\" rel=\"noreferrer nofollow noopener\">Yvelines<\/a>, entre 19 heures et 20 heures, puis s\u2019\u00e9tendre \u00e0 toute la r\u00e9gion parisienne, entre 21 heures et 2 ou 3 heures du matin \u00bb, poursuit Gilles Matricon.<\/p>\n<p>Sans doute juste pour les bonshommes de neige<\/p>\n<p class=\"paragraph text_align_left lp-f-body-02\">Or, ce redoux devrait avoir une cons\u00e9quence : la <a href=\"https:\/\/www.leparisien.fr\/meteo\/la-magie-de-voir-le-paysage-se-transformer-en-quelque-chose-detincelant-pourquoi-la-neige-nous-fascine-tous-21-11-2025-APNJVE4MJNATLHXSFMUTHNCI7A.php\" target=\"_blank\" rel=\"noreferrer nofollow noopener\">neige qui nous fascine tant<\/a> pourrait ne pas r\u00e9sister longtemps. Gilles Matricon douche les espoirs des petits porteurs de cagoule qui r\u00eavent de bonhomme de neige. <\/p>\n<p class=\"paragraph text_align_left lp-f-body-02\">\u00ab Cela pourra peut-\u00eatre un peu tenir sur les hauteurs, sur les plateaux franciliens, avec 2 \u00e0 3 cm au-dessus de Pontoise ou 2 \u00e0 4 cm dans le Vexin. Mais \u00e0 <a href=\"https:\/\/www.leparisien.fr\/paris-75\/\" target=\"_blank\" rel=\"noreferrer nofollow noopener\">Paris<\/a> intra-muros, les flocons ne tiendront pas au sol. Au-dessus de 150 m d\u2019altitude, \u00e7a pourrait perdurer un petit peu dimanche matin mais d\u00e8s l\u2019apr\u00e8s-midi avec des temp\u00e9ratures \u00e0 6 ou 7 \u00b0C, il n\u2019y aura plus rien du tout. \u00bb<\/p>\n<p class=\"paragraph text_align_left lp-f-body-02\">Olivier Proust, pr\u00e9visionniste \u00e0 M\u00e9t\u00e9o France est moins tranch\u00e9 : \u00ab Les temp\u00e9ratures sugg\u00e8rent que \u00e7a tiendra au sol. Demain, il pourrait subsister de belles zones. Pour ceux qui cherchent des endroits photog\u00e9niques, il faut miser sur l\u2019extr\u00eame ouest des Yvelines, le Vexin, les collines de <a href=\"https:\/\/www.leparisien.fr\/val-d-oise-95\/taverny-95150\/\" target=\"_blank\" rel=\"noreferrer nofollow noopener\">Taverny<\/a>, de <a href=\"https:\/\/www.leparisien.fr\/val-d-oise-95\/montmorency-95160\/\" target=\"_blank\" rel=\"noreferrer nofollow noopener\">Montmorency<\/a>, voire l\u2019hippodrome de Longchamp et <a href=\"https:\/\/www.leparisien.fr\/paris-75\/un-chantier-contraint-le-delicat-passage-des-demeures-historiques-du-bois-de-boulogne-a-lenergie-verte-20-05-2025-SWWQEKUDXFFWXIX2KGLVVX7MJU.php\" target=\"_blank\" rel=\"noreferrer nofollow noopener\">le bois de Boulogne<\/a>. \u00bb<\/p>\n<p class=\"paragraph text_align_left lp-f-body-02\">Il pr\u00e9dit 2 \u00e0 7 cm dans l\u2019Ouest parisien et les collines normandes, 1 \u00e0 5 cm dans l\u2019est de la r\u00e9gion et jusqu\u2019\u00e0 3 cm au c\u0153ur de la capitale, sinon simplement des traces \u00ab avec la circulation et le traitement syst\u00e9matique des chauss\u00e9es \u00bb.<\/p>\n<p>\u00ab Il faut qu\u2019il en tombe beaucoup en peu de temps \u00bb<\/p>\n<p class=\"paragraph text_align_left lp-f-body-02\">La physique complexe des intemp\u00e9ries et de l\u2019atmosph\u00e8re rend difficile les projections sur le couvert neigeux. \u00ab Cela d\u00e9pend du sol, de la temp\u00e9rature de l\u2019air, de la vitesse et de la temp\u00e9rature du vent, ainsi que du rayonnement infrarouge (composante invisible de la lumi\u00e8re qui nous entoure) \u00bb, \u00e9gr\u00e8ne Christian Ghiaus, professeur de sciences thermiques \u00e0 l\u2019INSA de Lyon. \u00ab C\u2019est l\u2019\u00e9quilibre de ces ph\u00e9nom\u00e8nes qui fait que le flocon va se r\u00e9chauffer ou se refroidir. \u00bb<\/p>\n<p class=\"paragraph text_align_left lp-f-body-02\">R\u00e9sultat : \u00ab Dans une r\u00e9sidence, un b\u00e2timent peut \u00eatre couvert de neige, un autre, non, constate Olivier Proust. C\u2019est un peu pareil pour les routes. Ce qui va surtout jouer, ce sont les temp\u00e9ratures de chauss\u00e9e et l\u2019intensit\u00e9 de la neige. Pour qu\u2019elle tienne sur une surface, il faut qu\u2019il en tombe beaucoup en peu de temps, 1 ou 2 cm par heure. Quand \u00e7a commence \u00e0 tenir, c\u2019est parti ! \u00bb<\/p>\n<p class=\"paragraph text_align_left lp-f-body-02\"><a href=\"https:\/\/www.leparisien.fr\/meteo\/de-la-neige-en-novembre-pourquoi-cest-de-plus-en-plus-rare-21-11-2024-RFHRNF6GXZBQPJJ2LQMFSEAMXU.php\" target=\"_blank\" rel=\"noreferrer nofollow noopener\">Lors du dernier gros \u00e9pisode neigeux<\/a> dans la r\u00e9gion, il y a un an presque jour pour jour, le manteau \u00e9tait loin d\u2019\u00eatre homog\u00e8ne. \u00ab Il y avait eu 10 cm \u00e0 Montmartre et rien au niveau de la Seine, se souvient Gilles Matricon. Cela se joue parfois \u00e0 un demi-degr\u00e9 et 50 m d\u2019altitude pr\u00e8s. \u00bb<\/p>\n<p class=\"paragraph text_align_left lp-f-body-02\">Sans \u00eatre trop alarmistes, les pr\u00e9visionnistes pr\u00e9viennent, par ailleurs, d\u2019un risque de verglas. \u00ab Vers la Brie et la <a href=\"https:\/\/www.leparisien.fr\/seine-et-marne-77\/\" target=\"_blank\" rel=\"noreferrer nofollow noopener\">Seine-et-Marne<\/a>, les temp\u00e9ratures auront eu le temps de baisser pendant la nuit et ces faibles chutes de neige pourraient g\u00e9n\u00e9rer du verglas plus marqu\u00e9 \u00bb, annonce Gilles Matricon.<\/p>\n","protected":false},"excerpt":{"rendered":"Les enfants la r\u00e9clament et les automobilistes la craignent : apr\u00e8s de tr\u00e8s timides perc\u00e9es cette semaine, la&hellip;\n","protected":false},"author":2,"featured_media":552049,"comment_status":"","ping_status":"","sticky":false,"template":"","format":"standard","meta":{"footnotes":""},"categories":[1592],"tags":[1111,11,1777,674,1011,27,662,2487,12,626,25],"class_list":{"0":"post-552048","1":"post","2":"type-post","3":"status-publish","4":"format-standard","5":"has-post-thumbnail","7":"category-ile-de-france","8":"tag-actu","9":"tag-actualites","10":"tag-eu","11":"tag-europe","12":"tag-fr","13":"tag-france","14":"tag-ile-de-france","15":"tag-meteo","16":"tag-news","17":"tag-paris","18":"tag-republique-francaise"},"share_on_mastodon":{"url":"https:\/\/pubeurope.com\/@fr\/115595355392234498","error":""},"_links":{"self":[{"href":"https:\/\/www.europesays.com\/fr\/wp-json\/wp\/v2\/posts\/552048","targetHints":{"allow":["GET"]}}],"collection":[{"href":"https:\/\/www.europesays.com\/fr\/wp-json\/wp\/v2\/posts"}],"about":[{"href":"https:\/\/www.europesays.com\/fr\/wp-json\/wp\/v2\/types\/post"}],"author":[{"embeddable":true,"href":"https:\/\/www.europesays.com\/fr\/wp-json\/wp\/v2\/users\/2"}],"replies":[{"embeddable":true,"href":"https:\/\/www.europesays.com\/fr\/wp-json\/wp\/v2\/comments?post=552048"}],"version-history":[{"count":0,"href":"https:\/\/www.europesays.com\/fr\/wp-json\/wp\/v2\/posts\/552048\/revisions"}],"wp:featuredmedia":[{"embeddable":true,"href":"https:\/\/www.europesays.com\/fr\/wp-json\/wp\/v2\/media\/552049"}],"wp:attachment":[{"href":"https:\/\/www.europesays.com\/fr\/wp-json\/wp\/v2\/media?parent=552048"}],"wp:term":[{"taxonomy":"category","embeddable":true,"href":"https:\/\/www.europesays.com\/fr\/wp-json\/wp\/v2\/categories?post=552048"},{"taxonomy":"post_tag","embeddable":true,"href":"https:\/\/www.europesays.com\/fr\/wp-json\/wp\/v2\/tags?post=552048"}],"curies":[{"name":"wp","href":"https:\/\/api.w.org\/{rel}","templated":true}]}}