{"id":552054,"date":"2025-11-22T21:00:34","date_gmt":"2025-11-22T21:00:34","guid":{"rendered":"https:\/\/www.europesays.com\/fr\/552054\/"},"modified":"2025-11-22T21:00:34","modified_gmt":"2025-11-22T21:00:34","slug":"rer-c-ligne-14-les-perturbations-dans-les-transports-pour-le-week-end-des-22-et-23-novembre","status":"publish","type":"post","link":"https:\/\/www.europesays.com\/fr\/552054\/","title":{"rendered":"RER\u00a0C, ligne 14\u2026 les perturbations dans les transports pour le week-end des 22 et 23\u00a0novembre"},"content":{"rendered":"<p class=\"paragraph text_align_left lp-f-body-02\">Voici les principales <a href=\"https:\/\/www.transilien.com\/\" target=\"_self\" rel=\"noopener\">interruptions de trafic<\/a> sur les lignes ferroviaires en \u00cele-de-France. Attention \u00e9galement sur les routes, la vague de froid peut engendrer du verglas par endroits dans la r\u00e9gion.<\/p>\n<p>RER A<\/p>\n<p class=\"paragraph text_align_left lp-f-body-02\">Samedi et dimanche, pour se rendre entre les stations Ach\u00e8res \u2013 Ville et Cergy \u2013 Le Haut, empruntez les trains \u00e0 destination de Poissy qui desserviront \u00e9galement les gares de la branche Cergy \u2013 Le Haut. \u00ab Arriv\u00e9 \u00e0 Poissy, il n\u2019est pas n\u00e9cessaire de changer de train, pr\u00e9vient la SNCF. Un allongement de temps de parcours est \u00e0 pr\u00e9voir entre Ach\u00e8res \u2013 Ville et Cergy \u2013 Le Haut. \u00bb<\/p>\n<p>RER B<\/p>\n<p class=\"paragraph text_align_left lp-f-body-02\">Samedi et dimanche, \u00e0 partir de 23 heures, il n\u2019y a pas de train entre Aulnay-sous-Bois et A\u00e9roport Charles-de-Gaulle 2. Un service de bus de remplacement est mis en place, avec desserte des gares interm\u00e9diaires.<\/p>\n<p>RER C<\/p>\n<p class=\"paragraph text_align_left lp-f-body-02\">Toute la journ\u00e9e samedi et jusqu\u2019\u00e0 17 heures dimanche, le service est coup\u00e9 entre Juvisy et Dourdan et entre Juvisy et Saint-Martin d\u2019\u00c9tampes. Un service de bus de remplacement est mis en place.<\/p>\n<p>RER E<\/p>\n<p class=\"paragraph text_align_left lp-f-body-02\">Jusqu\u2019\u00e0 19 heures, dimanche, un train sur deux circule entre Nanterre-la-Folie et Chelles-Gournay, et entre Nanterre-la-Folie et Villiers-sur-Marne. Les gares de Rosa Parks, Pantin et Noisy-le-Sec ne sont pas desservies par les trains en provenance de Nanterre-la-Folie et \u00e0 destination de Chelles-Gournay, Villiers-sur-Marne et Tournan. De Nanterre-la-Folie \u00e0 Magenta &#8211; Gare du Nord, pour rejoindre Rosa Parks, Pantin et Noisy-le-Sec, vous devez descendre \u00e0 Bondy, Rosny-Bois-Perrier ou Val-de-Fontenay pour prendre un train en sens inverse.<\/p>\n<p>LIGNE H<\/p>\n<p class=\"paragraph text_align_left lp-f-body-02\">De 1h30 \u00e0 8h50, dans la nuit de samedi \u00e0 dimanche, le trafic est interrompu entre Paris &#8211; Gare du Nord et Sarcelles &#8211; Saint-Brice et entre Paris &#8211; Gare du Nord et Ermont &#8211; Eaubonne. Un service de bus de remplacement est mis en place.<\/p>\n<p>LIGNE L<\/p>\n<p class=\"paragraph text_align_left lp-f-body-02\">Le trafic est coup\u00e9 samedi et dimanche toute la journ\u00e9e entre B\u00e9con-les-Bruy\u00e8res et Nanterre-Universit\u00e9 et entre B\u00e9con-les-Bruy\u00e8res et Maisons-Laffitte. Un service de bus de remplacement est mis en place. Pour rejoindre les gares de Houilles &#8211; Carri\u00e8res sur Seine, Sartrouville et Maisons-Laffitte, il est conseill\u00e9 d\u2019emprunter le RER A.<\/p>\n<p>LIGNE 1<\/p>\n<p class=\"paragraph text_align_left lp-f-body-02\">Tous les week-ends, \u00e0 partir de ce samedi 22 novembre et jusqu\u2019au 4 janvier, les acc\u00e8s \u00e0 la station Tuileries sont ferm\u00e9s 16 heures \u00e0 23h45, en raison de mesures de s\u00e9curit\u00e9.<\/p>\n<p>LIGNE 14<\/p>\n<p class=\"paragraph text_align_left lp-f-body-02\">Ce dimanche 23 novembre, jusqu\u2019\u00e0 14 heures, le trafic sera interrompu sur toute la ligne en raison de travaux de modernisation. Des bus de remplacement sont pr\u00e9vus entre Gare de Lyon &#8211; Olympiades.<\/p>\n","protected":false},"excerpt":{"rendered":"Voici les principales interruptions de trafic sur les lignes ferroviaires en \u00cele-de-France. Attention \u00e9galement sur les routes, la&hellip;\n","protected":false},"author":2,"featured_media":106326,"comment_status":"","ping_status":"","sticky":false,"template":"","format":"standard","meta":{"footnotes":""},"categories":[1888],"tags":[11,1777,674,1011,27,1944,12,626,25,2382],"class_list":{"0":"post-552054","1":"post","2":"type-post","3":"status-publish","4":"format-standard","5":"has-post-thumbnail","7":"category-paris","8":"tag-actualites","9":"tag-eu","10":"tag-europe","11":"tag-fr","12":"tag-france","13":"tag-ma-ville","14":"tag-news","15":"tag-paris","16":"tag-republique-francaise","17":"tag-transport-idf-oise"},"share_on_mastodon":{"url":"https:\/\/pubeurope.com\/@fr\/115595367149297678","error":""},"_links":{"self":[{"href":"https:\/\/www.europesays.com\/fr\/wp-json\/wp\/v2\/posts\/552054","targetHints":{"allow":["GET"]}}],"collection":[{"href":"https:\/\/www.europesays.com\/fr\/wp-json\/wp\/v2\/posts"}],"about":[{"href":"https:\/\/www.europesays.com\/fr\/wp-json\/wp\/v2\/types\/post"}],"author":[{"embeddable":true,"href":"https:\/\/www.europesays.com\/fr\/wp-json\/wp\/v2\/users\/2"}],"replies":[{"embeddable":true,"href":"https:\/\/www.europesays.com\/fr\/wp-json\/wp\/v2\/comments?post=552054"}],"version-history":[{"count":0,"href":"https:\/\/www.europesays.com\/fr\/wp-json\/wp\/v2\/posts\/552054\/revisions"}],"wp:featuredmedia":[{"embeddable":true,"href":"https:\/\/www.europesays.com\/fr\/wp-json\/wp\/v2\/media\/106326"}],"wp:attachment":[{"href":"https:\/\/www.europesays.com\/fr\/wp-json\/wp\/v2\/media?parent=552054"}],"wp:term":[{"taxonomy":"category","embeddable":true,"href":"https:\/\/www.europesays.com\/fr\/wp-json\/wp\/v2\/categories?post=552054"},{"taxonomy":"post_tag","embeddable":true,"href":"https:\/\/www.europesays.com\/fr\/wp-json\/wp\/v2\/tags?post=552054"}],"curies":[{"name":"wp","href":"https:\/\/api.w.org\/{rel}","templated":true}]}}