{"id":552059,"date":"2025-11-22T21:05:15","date_gmt":"2025-11-22T21:05:15","guid":{"rendered":"https:\/\/www.europesays.com\/fr\/552059\/"},"modified":"2025-11-22T21:05:15","modified_gmt":"2025-11-22T21:05:15","slug":"plusieurs-compagnies-aeriennes-internationales-annulent-leurs-vols-au-venezuela-apres-lavertissement-des-etats-unis-22-11-2025-a-2126","status":"publish","type":"post","link":"https:\/\/www.europesays.com\/fr\/552059\/","title":{"rendered":"Plusieurs compagnies a\u00e9riennes internationales annulent leurs vols au Venezuela apr\u00e8s l&rsquo;avertissement des \u00c9tats-Unis &#8211; 22\/11\/2025 \u00e0 21:26"},"content":{"rendered":"<p>\n ((Traduction automatis\u00e9e par Reuters \u00e0 l&rsquo;aide de l&rsquo;apprentissage<br \/>\nautomatique et de l&rsquo;IA g\u00e9n\u00e9rative, veuillez vous r\u00e9f\u00e9rer \u00e0<br \/>\nl&rsquo;avertissement suivant: https:\/\/bit.ly\/rtrsauto))\n<\/p>\n<p>\n Trois compagnies a\u00e9riennes<br \/>\ninternationales ont annul\u00e9 leurs vols au d\u00e9part du Venezuela<br \/>\nsamedi, apr\u00e8s que l&rsquo;Administration f\u00e9d\u00e9rale am\u00e9ricaine de<br \/>\nl&rsquo;aviation (FAA) a mis en garde vendredi  les principales<br \/>\ncompagnies a\u00e9riennes contre une \u00ab\u00a0situation potentiellement<br \/>\ndangereuse\u00a0\u00bb lors du survol du pays.\n<\/p>\n<p>\n La compagnie br\u00e9silienne Gol, la compagnie colombienne<br \/>\nAvianca et la compagnie portugaise TAP Air Portugal ont annul\u00e9<br \/>\nleurs vols au d\u00e9part de Caracas samedi, selon Flightradar24 et<br \/>\nle site officiel de l&rsquo;a\u00e9roport international de Maiquetia.\n<\/p>\n<p>\n L&rsquo;Aeronautica Civil de Colombia a d\u00e9clar\u00e9 dans un communiqu\u00e9<br \/>\nqu&rsquo;il y avait des \u00ab\u00a0risques potentiels\u00a0\u00bb \u00e0 voler dans la zone de<br \/>\nMaiquetia \u00ab\u00a0en raison de la d\u00e9t\u00e9rioration des conditions de<br \/>\ns\u00e9curit\u00e9 et de l&rsquo;augmentation de l&rsquo;activit\u00e9 militaire dans la<br \/>\nr\u00e9gion\u00a0\u00bb.\n<\/p>\n<p>\n La compagnie espagnole Iberia a \u00e9galement indiqu\u00e9 qu&rsquo;elle<br \/>\nannulait ses vols \u00e0 destination de Caracas \u00e0 partir de lundi et<br \/>\njusqu&rsquo;\u00e0 nouvel ordre. Le vol de la compagnie espagnole pr\u00e9vu<br \/>\nsamedi \u00e0 destination de Madrid depuis la capitale v\u00e9n\u00e9zu\u00e9lienne<br \/>\na d\u00e9coll\u00e9.\n<\/p>\n<p>\n \u00ab\u00a0La compagnie \u00e9valuera la situation pour d\u00e9cider quand elle<br \/>\nreprendra ses vols vers ce pays\u00a0\u00bb, a d\u00e9clar\u00e9 un porte-parole<br \/>\nd&rsquo;Iberia \u00e0 Reuters.\n<\/p>\n<p>\n Copa Airlines et Wingo ont maintenu leurs vols au d\u00e9part de<br \/>\nMaiquetia samedi.\n<\/p>\n<p>\n L&rsquo;avis de la FAA am\u00e9ricaine fait \u00e9tat de \u00ab\u00a0l&rsquo;aggravation de<br \/>\nla situation en mati\u00e8re de s\u00e9curit\u00e9 et de l&rsquo;intensification de<br \/>\nl&rsquo;activit\u00e9 militaire au Venezuela ou dans ses environs\u00a0\u00bb et<br \/>\npr\u00e9cise que les menaces peuvent constituer des risques pour les<br \/>\na\u00e9ronefs \u00e0 toutes les altitudes.\n<\/p>\n<p>\n Au cours des derniers mois, les \u00c9tats-Unis ont proc\u00e9d\u00e9 \u00e0 un<br \/>\nrenforcement militaire massif dans la r\u00e9gion, avec notamment le<br \/>\nplus grand porte-avions de la marine am\u00e9ricaine, au moins huit<br \/>\nautres navires de guerre et des avions F-35.\n<\/p>\n<p>\n Le vol de Latam Airlines<br \/>\n <a href=\"https:\/\/www.boursorama.com\/cours\/3kLFLCF\/\" target=\"_blank\" rel=\"noopener\"><br \/>\n  LTM.SN<br \/>\n <\/a><br \/>\n \u00e0 destination de Bogota<br \/>\npr\u00e9vu pour dimanche a \u00e9galement \u00e9t\u00e9 annul\u00e9, selon Flightradar24.<\/p>\n","protected":false},"excerpt":{"rendered":"((Traduction automatis\u00e9e par Reuters \u00e0 l&rsquo;aide de l&rsquo;apprentissage automatique et de l&rsquo;IA g\u00e9n\u00e9rative, veuillez vous r\u00e9f\u00e9rer \u00e0 l&rsquo;avertissement&hellip;\n","protected":false},"author":2,"featured_media":7013,"comment_status":"","ping_status":"","sticky":false,"template":"","format":"standard","meta":{"footnotes":""},"categories":[1589],"tags":[400,11,398,408,405,73,1866,403,402,399,404,12,401,406,1864,1865,1863,308,407],"class_list":{"0":"post-552059","1":"post","2":"type-post","3":"status-publish","4":"format-standard","5":"has-post-thumbnail","7":"category-etats-unis","8":"tag-action-cac-40","9":"tag-actualites","10":"tag-bourse-de-paris","11":"tag-boursorama","12":"tag-cotations","13":"tag-etats-unis","14":"tag-etats-unis-damerique","15":"tag-indices-devises","16":"tag-investir","17":"tag-investissement","18":"tag-marche-boursier","19":"tag-news","20":"tag-sicav","21":"tag-trackers","22":"tag-united-states","23":"tag-united-states-of-america","24":"tag-us","25":"tag-usa","26":"tag-warrants"},"share_on_mastodon":{"url":"https:\/\/pubeurope.com\/@fr\/115595387118418560","error":""},"_links":{"self":[{"href":"https:\/\/www.europesays.com\/fr\/wp-json\/wp\/v2\/posts\/552059","targetHints":{"allow":["GET"]}}],"collection":[{"href":"https:\/\/www.europesays.com\/fr\/wp-json\/wp\/v2\/posts"}],"about":[{"href":"https:\/\/www.europesays.com\/fr\/wp-json\/wp\/v2\/types\/post"}],"author":[{"embeddable":true,"href":"https:\/\/www.europesays.com\/fr\/wp-json\/wp\/v2\/users\/2"}],"replies":[{"embeddable":true,"href":"https:\/\/www.europesays.com\/fr\/wp-json\/wp\/v2\/comments?post=552059"}],"version-history":[{"count":0,"href":"https:\/\/www.europesays.com\/fr\/wp-json\/wp\/v2\/posts\/552059\/revisions"}],"wp:featuredmedia":[{"embeddable":true,"href":"https:\/\/www.europesays.com\/fr\/wp-json\/wp\/v2\/media\/7013"}],"wp:attachment":[{"href":"https:\/\/www.europesays.com\/fr\/wp-json\/wp\/v2\/media?parent=552059"}],"wp:term":[{"taxonomy":"category","embeddable":true,"href":"https:\/\/www.europesays.com\/fr\/wp-json\/wp\/v2\/categories?post=552059"},{"taxonomy":"post_tag","embeddable":true,"href":"https:\/\/www.europesays.com\/fr\/wp-json\/wp\/v2\/tags?post=552059"}],"curies":[{"name":"wp","href":"https:\/\/api.w.org\/{rel}","templated":true}]}}