{"id":552060,"date":"2025-11-22T21:06:14","date_gmt":"2025-11-22T21:06:14","guid":{"rendered":"https:\/\/www.europesays.com\/fr\/552060\/"},"modified":"2025-11-22T21:06:14","modified_gmt":"2025-11-22T21:06:14","slug":"au-royaume-uni-le-soi-disant-marche-de-noel-de-buckingham-palace-netait-quune-image-generee-par-ia","status":"publish","type":"post","link":"https:\/\/www.europesays.com\/fr\/552060\/","title":{"rendered":"Au Royaume-Uni, le soi-disant march\u00e9 de No\u00ebl de Buckingham Palace n\u2019\u00e9tait qu\u2019une image g\u00e9n\u00e9r\u00e9e par IA"},"content":{"rendered":"<p>        <img decoding=\"async\" loading=\"lazy\" src=\"https:\/\/www.europesays.com\/fr\/wp-content\/uploads\/2025\/11\/54125e0_upload-1-7qsvbfa4z2wh-nouveau-projet-34.jpg\"  width=\"728\" height=\"410\" alt=\"Au Royaume-Uni, le soi-disant march\u00e9 de No\u00ebl de Buckingham Palace n\u2019\u00e9tait qu\u2019une image g\u00e9n\u00e9r\u00e9e par IA.\"\/>  <\/p>\n<p>Capture d\u2019\u00e9cran Instagram (@londoncity.best)<\/p>\n<p>Au Royaume-Uni, le soi-disant march\u00e9 de No\u00ebl de Buckingham Palace n\u2019\u00e9tait qu\u2019une image g\u00e9n\u00e9r\u00e9e par IA.<\/p>\n<p class=\"asset asset-text\">L\u2019\u00e9v\u00e8nement a tout pour faire r\u00eaver les touristes, mais il est compl\u00e8tement bidon. Plusieurs publicit\u00e9s mensong\u00e8res avec des photos et des <a href=\"https:\/\/www.huffingtonpost.fr\/tech-futurs\/video\/les-cinq-conseils-pour-detecter-une-video-generee-par-ia-sans-se-perdre-dans-les-details_256553.html\" target=\"_blank\" rel=\"noopener\">vid\u00e9os g\u00e9n\u00e9r\u00e9es par intelligence artificielle<\/a> ont fait la promotion d\u2019un march\u00e9 de No\u00ebl traditionnel install\u00e9 \u00e0 Londres, juste devant le palais de Buckingham. L\u2019\u00e9v\u00e8nement a attir\u00e9 les visiteurs sur place o\u00f9 ils ont d\u00e9couvert\u2026 que rien n\u2019avait \u00e9t\u00e9 organis\u00e9.<\/p>\n<p class=\"asset asset-text\">Des <a href=\"https:\/\/www.huffingtonpost.fr\/tech-futurs\/article\/le-patron-de-google-affirme-qu-il-ne-faut-pas-croire-aveuglement-l-ia_257276.html\" target=\"_blank\" rel=\"noopener\">messages fallacieux<\/a> publi\u00e9s dans plusieurs langues \u2013 dont le tha\u00ef, l\u2019arabe ou l\u2019arm\u00e9nien selon l\u2019AFP \u2013 promettaient une \u00ab\u00a0exp\u00e9rience de No\u00ebl royale in\u00e9dite\u00a0\u00bb. <strong>Comme vous pouvez le voir dans les publications TikTok et Instagram ci-dessous<\/strong>, en anglais et en portugais, les images et vid\u00e9os trompeuses mettent en sc\u00e8ne de petits chalets enneig\u00e9s abritant des boutiques, le tout d\u00e9cor\u00e9 avec de nombreuses guirlandes et un imposant sapin de No\u00ebl.<\/p>\n<p class=\"asset asset-text\">La promesse d\u2019une \u00ab\u00a0magnifique ambiance hivernale\u00a0\u00bb et de \u00ab\u00a0produits artisanaux\u00a0\u00bb a attir\u00e9 des touristes qui ont \u00e9t\u00e9 d\u00e9\u00e7us de d\u00e9couvrir que tout l\u2019\u00e9v\u00e8nement avait \u00e9t\u00e9 invent\u00e9. \u00ab\u00a0On est venu en pensant que c\u2019\u00e9tait vrai\u00a0\u00bb, a expliqu\u00e9 \u00e0 l\u2019AFP Brygida, une touriste polonaise de 25\u00a0ans, \u00ab\u00a0nous avons \u00e9t\u00e9 tr\u00e8s tristes quand nous avons compris qu\u2019il n\u2019y avait rien\u00a0\u00bb.<\/p>\n<p> La lecture de ce contenu est susceptible d\u2019entra\u00eener un d\u00e9p\u00f4t de cookies de la part de l\u2019op\u00e9rateur tiers qui l\u2019h\u00e9berge. Compte-tenu des choix que vous avez exprim\u00e9s en mati\u00e8re de d\u00e9p\u00f4t de cookies, nous avons bloqu\u00e9 l\u2019affichage de ce contenu. Si vous souhaitez y acc\u00e9der, vous devez accepter la cat\u00e9gorie de cookies \u201cContenus tiers\u201d en cliquant sur le bouton ci-dessous. <\/p>\n<p> Lire la Vid\u00e9o           <\/p>\n<p> La lecture de ce contenu est susceptible d\u2019entra\u00eener un d\u00e9p\u00f4t de cookies de la part de l\u2019op\u00e9rateur tiers qui l\u2019h\u00e9berge. Compte-tenu des choix que vous avez exprim\u00e9s en mati\u00e8re de d\u00e9p\u00f4t de cookies, nous avons bloqu\u00e9 l\u2019affichage de ce contenu. Si vous souhaitez y acc\u00e9der, vous devez accepter la cat\u00e9gorie de cookies \u201cContenus tiers\u201d en cliquant sur le bouton ci-dessous. <\/p>\n<p> Lire la Vid\u00e9o        <\/p>\n<p class=\"asset asset-text\">Les r\u00e9cits recueillis par les m\u00e9dias sur place se r\u00e9p\u00e8tent et se ressemblent, avec des <a href=\"https:\/\/www.huffingtonpost.fr\/tech-futurs\/article\/cette-application-ia-permet-de-s-imaginer-en-vacances-pour-survivre-au-burn-out-clx1_256195.html\" target=\"_blank\" rel=\"noopener\" title=\"Nouvelle fen\u00eatre\">touristes<\/a> et m\u00eame des personnes r\u00e9sidant \u00e0 Londres qui ont vu passer les publicit\u00e9s sur les r\u00e9seaux sociaux, sans comprendre qu\u2019il s\u2019agissait d\u2019images g\u00e9n\u00e9r\u00e9es par IA. \u00ab\u00a0Nous sommes venus pour un march\u00e9 de No\u00ebl qui n\u2019est pas l\u00e0, a r\u00e9sum\u00e9 une passante interrog\u00e9e par la <a href=\"https:\/\/www.bbc.com\/news\/videos\/c4gjgwll6glo\" target=\"_blank\" rel=\"noopener\" title=\"Nouvelle fen\u00eatre\">BBC<\/a>, j\u2019allais d\u00e9guster un vin chaud et je me retrouve avec des sandwichs au poulet.\u00a0\u00bb<\/p>\n<p>                     \u00ab\u00a0Il n\u2019y aura pas de march\u00e9 de No\u00ebl au palais de Buckingham\u00a0\u00bb    <\/p>\n<p class=\"asset asset-text\">Les fausses images ont commenc\u00e9 \u00e0 \u00eatre reprises d\u00e8s septembre, apr\u00e8s que le Royal Collection Trust (RCT) \u2013 l\u2019organisme qui organise notamment les visites du palais de Buckingham \u2013 a \u00e9voqu\u00e9 l\u2019ouverture d\u2019une petite boutique de No\u00ebl dans l\u2019\u00e9difice royal. Comme l\u2019a relev\u00e9 le <a href=\"https:\/\/www.dailymail.co.uk\/lifestyle\/article-15309307\/Tourists-disappointed-buckingham-palace-christmas-market-AI.html\" target=\"_blank\" rel=\"noopener\" title=\"Nouvelle fen\u00eatre\">Daily Mail<\/a>, la supercherie sur le march\u00e9 de No\u00ebl a pris une telle ampleur que le RCT a publi\u00e9 un bref d\u00e9menti <a href=\"https:\/\/www.rct.uk\/about\/news-and-features\/the-royal-mews-christmas-shop\" target=\"_blank\" rel=\"noopener\" title=\"Nouvelle fen\u00eatre\">sur son site<\/a>.<\/p>\n<p class=\"asset asset-text\">\u00ab\u00a0Veuillez noter que la boutique royale de No\u00ebl est une boutique \u00e9ph\u00e9m\u00e8re\u00a0\u00bb dans \u00ab\u00a0l\u2019espace commercial existant\u00a0\u00bb au sein du palais, peut-on lire dans le message qui r\u00e9p\u00e8te\u00a0: \u00ab\u00a0Il n\u2019y aura pas de march\u00e9 de No\u00ebl au palais de Buckingham\u00a0\u00bb. En plus de cette clarification officielle, plusieurs internautes ont mis en ligne des vid\u00e9os sur le sujet, <strong>comme vous pouvez le voir ci-dessous <\/strong>avec ces contenus TikTok rep\u00e9r\u00e9s par le Daily Mail.<\/p>\n<p> La lecture de ce contenu est susceptible d\u2019entra\u00eener un d\u00e9p\u00f4t de cookies de la part de l\u2019op\u00e9rateur tiers qui l\u2019h\u00e9berge. Compte-tenu des choix que vous avez exprim\u00e9s en mati\u00e8re de d\u00e9p\u00f4t de cookies, nous avons bloqu\u00e9 l\u2019affichage de ce contenu. Si vous souhaitez y acc\u00e9der, vous devez accepter la cat\u00e9gorie de cookies \u201cContenus tiers\u201d en cliquant sur le bouton ci-dessous. <\/p>\n<p> Lire la Vid\u00e9o           <\/p>\n<p> La lecture de ce contenu est susceptible d\u2019entra\u00eener un d\u00e9p\u00f4t de cookies de la part de l\u2019op\u00e9rateur tiers qui l\u2019h\u00e9berge. Compte-tenu des choix que vous avez exprim\u00e9s en mati\u00e8re de d\u00e9p\u00f4t de cookies, nous avons bloqu\u00e9 l\u2019affichage de ce contenu. Si vous souhaitez y acc\u00e9der, vous devez accepter la cat\u00e9gorie de cookies \u201cContenus tiers\u201d en cliquant sur le bouton ci-dessous. <\/p>\n<p> Lire la Vid\u00e9o        <\/p>\n<p class=\"asset asset-text\">Les deux vid\u00e9os comprennent des images de la place situ\u00e9e devant le palais pour montrer qu\u2019aucun march\u00e9 de No\u00ebl n\u2019y a \u00e9t\u00e9 install\u00e9, ainsi que des s\u00e9quences tourn\u00e9es dans la boutique qui existe bel et bien \u00e0 l\u2019int\u00e9rieur de l\u2019\u00e9difice. Pour ceux qui voudraient vraiment rapporter un souvenir de Buckingham \u00e0 accrocher dans leur sapin, il est possible d\u2019y acheter des d\u00e9corations, mais \u00e0 condition d\u2019y mettre le prix. Certains des produits pr\u00e9sent\u00e9s dans une des vid\u00e9os TikTok co\u00fbtent plus de 30\u00a0livres sterling (34\u00a0euros).<\/p>\n","protected":false},"excerpt":{"rendered":"Capture d\u2019\u00e9cran Instagram (@londoncity.best) Au Royaume-Uni, le soi-disant march\u00e9 de No\u00ebl de Buckingham Palace n\u2019\u00e9tait qu\u2019une image g\u00e9n\u00e9r\u00e9e&hellip;\n","protected":false},"author":2,"featured_media":552061,"comment_status":"","ping_status":"","sticky":false,"template":"","format":"standard","meta":{"footnotes":""},"categories":[1588],"tags":[11,29983,1777,674,223,14,4534,12,473,1853,24551,1851,1850,1852],"class_list":{"0":"post-552060","1":"post","2":"type-post","3":"status-publish","4":"format-standard","5":"has-post-thumbnail","7":"category-royaume-uni","8":"tag-actualites","9":"tag-buckingham-palace","10":"tag-eu","11":"tag-europe","12":"tag-intelligence-artificielle","13":"tag-international","14":"tag-londres","15":"tag-news","16":"tag-royaume-uni","17":"tag-royaume-uni-de-grande-bretagne-et-dirlande-du-nord","18":"tag-tech-futurs","19":"tag-uk","20":"tag-united-kingdom","21":"tag-united-kingdom-of-great-britain-and-northern-ireland"},"share_on_mastodon":{"url":"https:\/\/pubeurope.com\/@fr\/115595391790000027","error":""},"_links":{"self":[{"href":"https:\/\/www.europesays.com\/fr\/wp-json\/wp\/v2\/posts\/552060","targetHints":{"allow":["GET"]}}],"collection":[{"href":"https:\/\/www.europesays.com\/fr\/wp-json\/wp\/v2\/posts"}],"about":[{"href":"https:\/\/www.europesays.com\/fr\/wp-json\/wp\/v2\/types\/post"}],"author":[{"embeddable":true,"href":"https:\/\/www.europesays.com\/fr\/wp-json\/wp\/v2\/users\/2"}],"replies":[{"embeddable":true,"href":"https:\/\/www.europesays.com\/fr\/wp-json\/wp\/v2\/comments?post=552060"}],"version-history":[{"count":0,"href":"https:\/\/www.europesays.com\/fr\/wp-json\/wp\/v2\/posts\/552060\/revisions"}],"wp:featuredmedia":[{"embeddable":true,"href":"https:\/\/www.europesays.com\/fr\/wp-json\/wp\/v2\/media\/552061"}],"wp:attachment":[{"href":"https:\/\/www.europesays.com\/fr\/wp-json\/wp\/v2\/media?parent=552060"}],"wp:term":[{"taxonomy":"category","embeddable":true,"href":"https:\/\/www.europesays.com\/fr\/wp-json\/wp\/v2\/categories?post=552060"},{"taxonomy":"post_tag","embeddable":true,"href":"https:\/\/www.europesays.com\/fr\/wp-json\/wp\/v2\/tags?post=552060"}],"curies":[{"name":"wp","href":"https:\/\/api.w.org\/{rel}","templated":true}]}}