{"id":552062,"date":"2025-11-22T21:07:20","date_gmt":"2025-11-22T21:07:20","guid":{"rendered":"https:\/\/www.europesays.com\/fr\/552062\/"},"modified":"2025-11-22T21:07:20","modified_gmt":"2025-11-22T21:07:20","slug":"coupe-davis-2025-lespagne-fait-tomber-lallemagne-sans-alcaraz-et-file-en-finale","status":"publish","type":"post","link":"https:\/\/www.europesays.com\/fr\/552062\/","title":{"rendered":"Coupe Davis 2025 : l\u2019Espagne fait tomber l\u2019Allemagne sans Alcaraz et file en finale"},"content":{"rendered":"<p>Sans Carlos Alcaraz dans ses rangs, on pouvait croire l\u2019\u00e9quipe d\u2019Espagne priv\u00e9e de son arme principale. Et pourtant, \u00e0 Bologne ce samedi, les joueurs de David Ferrer ont accompli un authentique exploit en terrassant l\u2019Allemagne pour valider leur billet pour la finale de la Coupe Davis 2025. Retour sur une qualification au go\u00fbt d\u2019\u00e9pop\u00e9e, marqu\u00e9e par une solidarit\u00e9 sans faille et un double d\u00e9cisif h\u00e9ro\u00efque.<\/p>\n<p>Une Espagne solidaire malgr\u00e9 l\u2019absence de son leader<\/p>\n<p>L\u2019\u00e9quation semblait compliqu\u00e9e sur le papier : affronter l\u2019Allemagne de Zverev et de son solide duo de double, sans Carlos Alcaraz, victime d\u2019une blessure au poignet et forfait pour le week-end. Pourtant, l\u2019\u00e9quipe espagnole a su se souder autour de ses forces collectives. C\u2019est Pablo Carre\u00f1o-Busta, de retour \u00e0 un bon niveau apr\u00e8s plusieurs mois d\u00e9licats la saison pass\u00e9e, qui a donn\u00e9 le ton en battant Jan-Lennard Struff 6-4, 7-6. L\u2019exp\u00e9riment\u00e9 Asturien a affich\u00e9 une solidit\u00e9 remarquable dans les moments cl\u00e9s, notamment dans le second set, o\u00f9 il a sauv\u00e9 deux balles de set gr\u00e2ce \u00e0 un engagement total sur chaque point.<\/p>\n<p>Malgr\u00e9 cette avance, Jaume Munar ne parvenait pas \u00e0 maintenir l\u2019\u00e9lan espagnol. Oppos\u00e9 \u00e0 Alexander Zverev, le Majorquin s\u2019est battu bec et ongles, mais a pli\u00e9 dans deux tie-breaks extr\u00eamement disput\u00e9s (7-6, 7-6). \u00c0 ce moment de la rencontre, la demi-finale se dirigeait vers un double d\u00e9cisif, une tradition pour ces nouveaux formats condens\u00e9s de Coupe Davis, souvent intenses et serr\u00e9s.<\/p>\n<p>Granollers et Martinez : une paire en or pour un match d\u00e9cisif<\/p>\n<p>Tout s\u2019est donc jou\u00e9 sur le double. Et quel double ! Marcel Granollers, capitaine sur le terrain et v\u00e9t\u00e9ran du circuit, faisait \u00e9quipe avec Pedro Mart\u00ednez, moins habitu\u00e9 \u00e0 ce genre d\u2019enjeu mais impressionnant de calme. Ils affrontaient une paire allemande r\u00e9put\u00e9e : Kevin Krawietz et Tim Puetz, invaincus cette saison en Coupe Davis.<\/p>\n<p>Rapidement, les Espagnols prenaient les devants avec un premier set parfaitement ma\u00eetris\u00e9 (6-2). Moins pr\u00e9cis dans le second, ils laiss\u00e8rent revenir leurs adversaires (3-6), avant de conclure dans une troisi\u00e8me manche tendue, o\u00f9 leur justesse tactique a fait la diff\u00e9rence (6-3). Match pli\u00e9 en 1h45, et explosion de joie dans le camp ib\u00e9rique.<\/p>\n<p>\u00ab C\u2019est une performance collective incroyable. Chacun a apport\u00e9 sa pierre \u00e0 l\u2019\u00e9difice. On est all\u00e9s chercher cette finale avec le c\u0153ur \u00bb, expliquait Granollers en zone mixte, relay\u00e9 par la F\u00e9d\u00e9ration espagnole de tennis.<\/p>\n<p>Direction la finale face \u00e0 l\u2019Italie, sans Sinner ni Musetti<\/p>\n<p>La finale, pr\u00e9vue dimanche \u00e0 la SuperTennis Arena de Bologne, opposera donc l\u2019Espagne \u00e0 l\u2019Italie, championne en titre. Une affiche explosive, m\u00eame si les Italiens devront eux aussi composer sans deux de leurs stars : Jannik Sinner, forfait en raison de douleurs au genou, et Lorenzo Musetti, bless\u00e9 au poignet.<\/p>\n<p>Pour l\u2019Espagne, c\u2019est une 11e finale de Coupe Davis et la premi\u00e8re depuis 2019, ann\u00e9e o\u00f9 Rafael Nadal et Roberto Bautista Agut les avaient men\u00e9s au sacre \u00e0 Madrid. Cette fois-ci, les t\u00eates d\u2019affiche sont absentes, mais l\u2019esprit d\u2019\u00e9quipe est plus vivant que jamais. <\/p>\n<p>Ce renouveau espagnol, port\u00e9 par une g\u00e9n\u00e9ration de joueurs exp\u00e9riment\u00e9s et de jeunes audacieux, red\u00e9finit les contours d\u2019une \u00e9quipe capable de triompher sur l\u2019engagement et la strat\u00e9gie collective. Une finale qui s\u2019annonce disput\u00e9e, m\u00eame en l\u2019absence de plusieurs t\u00e9nors.<\/p>\n<p>Quels enjeux pour la finale ?<\/p>\n<p>Au-del\u00e0 du troph\u00e9e, cette finale Espagne \u2013 Italie pose la question de l\u2019avenir des \u00e9quipes nationales dans une comp\u00e9tition remodel\u00e9e par le nouveau format instaur\u00e9 depuis 2019. L\u2019absence de joueurs majeurs tels qu\u2019Alcaraz, Sinner ou Musetti remet en lumi\u00e8re le d\u00e9bat sur le calendrier ATP et la place de la Coupe Davis. Pourtant, les \u00e9motions v\u00e9cues \u00e0 Bologne prouvent qu\u2019elle conserve toute sa saveur.<\/p>\n<p>L\u2019Espagne n\u2019a peut-\u00eatre pas (encore) retrouv\u00e9 la grandeur de ses ann\u00e9es Nadal, mais elle a prouv\u00e9 que sa profondeur et sa coh\u00e9sion pouvaient lui permettre de r\u00eaver d\u2019un septi\u00e8me Saladier d\u2019argent. Avec ou sans star, le tennis espagnol est bel et bien de retour en premi\u00e8re ligne du tennis mondial.<\/p>\n","protected":false},"excerpt":{"rendered":"Sans Carlos Alcaraz dans ses rangs, on pouvait croire l\u2019\u00e9quipe d\u2019Espagne priv\u00e9e de son arme principale. Et pourtant,&hellip;\n","protected":false},"author":2,"featured_media":552063,"comment_status":"","ping_status":"","sticky":false,"template":"","format":"standard","meta":{"footnotes":""},"categories":[1587],"tags":[11,672,1804,1805,1803,1777,674,1801,12,1802],"class_list":{"0":"post-552062","1":"post","2":"type-post","3":"status-publish","4":"format-standard","5":"has-post-thumbnail","7":"category-allemagne","8":"tag-actualites","9":"tag-allemagne","10":"tag-bundesrepublik-deutschland","11":"tag-de","12":"tag-deutschland","13":"tag-eu","14":"tag-europe","15":"tag-germany","16":"tag-news","17":"tag-republique-federale-dallemagne"},"share_on_mastodon":{"url":"https:\/\/pubeurope.com\/@fr\/115595394865791246","error":""},"_links":{"self":[{"href":"https:\/\/www.europesays.com\/fr\/wp-json\/wp\/v2\/posts\/552062","targetHints":{"allow":["GET"]}}],"collection":[{"href":"https:\/\/www.europesays.com\/fr\/wp-json\/wp\/v2\/posts"}],"about":[{"href":"https:\/\/www.europesays.com\/fr\/wp-json\/wp\/v2\/types\/post"}],"author":[{"embeddable":true,"href":"https:\/\/www.europesays.com\/fr\/wp-json\/wp\/v2\/users\/2"}],"replies":[{"embeddable":true,"href":"https:\/\/www.europesays.com\/fr\/wp-json\/wp\/v2\/comments?post=552062"}],"version-history":[{"count":0,"href":"https:\/\/www.europesays.com\/fr\/wp-json\/wp\/v2\/posts\/552062\/revisions"}],"wp:featuredmedia":[{"embeddable":true,"href":"https:\/\/www.europesays.com\/fr\/wp-json\/wp\/v2\/media\/552063"}],"wp:attachment":[{"href":"https:\/\/www.europesays.com\/fr\/wp-json\/wp\/v2\/media?parent=552062"}],"wp:term":[{"taxonomy":"category","embeddable":true,"href":"https:\/\/www.europesays.com\/fr\/wp-json\/wp\/v2\/categories?post=552062"},{"taxonomy":"post_tag","embeddable":true,"href":"https:\/\/www.europesays.com\/fr\/wp-json\/wp\/v2\/tags?post=552062"}],"curies":[{"name":"wp","href":"https:\/\/api.w.org\/{rel}","templated":true}]}}