{"id":552064,"date":"2025-11-22T21:08:27","date_gmt":"2025-11-22T21:08:27","guid":{"rendered":"https:\/\/www.europesays.com\/fr\/552064\/"},"modified":"2025-11-22T21:08:27","modified_gmt":"2025-11-22T21:08:27","slug":"menace-de-guerre-en-europe-le-chef-detat-major-francais-insiste-sur-le-besoin-dalerter-et-de-se-preparer","status":"publish","type":"post","link":"https:\/\/www.europesays.com\/fr\/552064\/","title":{"rendered":"Menace de guerre en Europe\u00a0: le chef d\u2019\u00e9tat-major fran\u00e7ais insiste sur le besoin \u00ab\u00a0d\u2019alerter et de se pr\u00e9parer\u00a0\u00bb"},"content":{"rendered":"<p>Le but \u00e9tait \u00ab d\u2019alerter et de se pr\u00e9parer \u00bb : le chef d\u2019\u00e9tat-major fran\u00e7ais Fabien Mandon a justifi\u00e9 samedi ses r\u00e9cents propos sur les menaces de guerre en Europe, d\u00e9nonc\u00e9s par plusieurs responsables d\u2019opposition, ajoutant que les arm\u00e9es fran\u00e7aises \u00e9taient \u00ab pr\u00eates \u00bb.<\/p>\n<p>Mardi, devant le congr\u00e8s des maires de France, le g\u00e9n\u00e9ral avait jug\u00e9 n\u00e9cessaire que le pays restaure sa \u00ab force d\u2019\u00e2me pour accepter de nous faire mal pour prot\u00e9ger ce que l\u2019on est \u00bb et soit pr\u00eat \u00e0 \u00ab accepter de perdre ses enfants \u00bb. Plusieurs personnalit\u00e9s politiques ont vertement critiqu\u00e9 ces d\u00e9clarations, reprochant au haut grad\u00e9 un discours \u00ab va-t-en guerre \u00bb.<\/p>\n<p>Sa phrase a \u00e9t\u00e9 \u00ab d\u00e9tourn\u00e9e \u00bb<\/p>\n<p>Le chef d\u2019\u00e9tat-major des arm\u00e9es a \u00ab toute ma confiance \u00bb, sa phrase a \u00e9t\u00e9 \u00ab d\u00e9tourn\u00e9e \u00bb pour \u00ab faire peur \u00bb, a r\u00e9agi samedi le pr\u00e9sident Emmanuel Macron lors d\u2019une conf\u00e9rence de presse au sommet du G20 \u00e0 Johannesburg, en Afrique du Sud. \u00ab La France doit continuer d\u2019\u00eatre une nation forte, avec une arm\u00e9e forte, mais avec aussi une capacit\u00e9 de sursaut collective \u00bb, a ajout\u00e9 le pr\u00e9sident, en appelant \u00e0 \u00eatre \u00ab conscient sur ces risques g\u00e9opolitiques et de nous tenir ensemble \u00bb.<\/p>\n<blockquote class=\"twitter-tweet\">\n<p lang=\"fr\" dir=\"ltr\">\u201cLa France doit accepter de perdre ses enfants\u201d : Le g\u00e9n\u00e9ral Fabien Mandon a choisi C \u00e0 Vous pour s\u2019expliquer apr\u00e8s ses propos au congr\u00e8s des maires. <\/p>\n<p>Le Chef d\u2019\u00e9tat-major des arm\u00e9es est l\u2019invit\u00e9 de Mohamed Bouhafsi ce soir d\u00e8s 19h sur France 5 \\ud83d\\udcfa <a href=\"https:\/\/twitter.com\/hashtag\/C%C3%A0Vous?src=hash&amp;ref_src=twsrc%5Etfw\" target=\"_blank\" rel=\"noopener\">#C\u00e0Vous<\/a><a href=\"https:\/\/t.co\/dHUGCUdf5S\">pic.twitter.com\/dHUGCUdf5S<\/a><\/p>\n<p>\u2014 C \u00e0 vous (@cavousf5) <a href=\"https:\/\/twitter.com\/cavousf5\/status\/1992213478983991793?ref_src=twsrc%5Etfw\" target=\"_blank\" rel=\"noopener\">November 22, 2025<\/a><\/p><\/blockquote>\n<p>\u00ab Je mesure \u00e0 quel point certains ont pu \u00eatre inqui\u00e9t\u00e9s \u00bb, a dit le g\u00e9n\u00e9ral Mandon, interrog\u00e9 samedi dans l\u2019\u00e9mission C \u00e0 vous sur France 5. Mais \u00ab le r\u00f4le de cette intervention \u00bb \u00e9tait \u00ab d\u2019alerter et de se pr\u00e9parer \u00bb, a-t-il expliqu\u00e9. \u00ab Le contexte se d\u00e9grade rapidement \u00bb et \u00ab il me paraissait important de partager avec les maires ce constat \u00bb. \u00ab D\u2019ailleurs, les r\u00e9actions montrent que c\u2019est quelque chose qui n\u2019\u00e9tait peut-\u00eatre pas assez per\u00e7u dans notre population \u00bb, a-t-il estim\u00e9.<\/p>\n<p>\u00ab L\u2019analyse du danger pr\u00e9sent\u00e9e par la Russie \u00bb, \u00ab c\u2019est quelque chose que tous nos alli\u00e9s en Europe partagent \u00bb et \u00ab qui a \u00e9t\u00e9 \u00e9tabli dans un document \u00bb, a rappel\u00e9 le g\u00e9n\u00e9ral Mandon en r\u00e9f\u00e9rence \u00e0 la Revue nationale strat\u00e9gique de 2025, feuille de route des autorit\u00e9s. Selon ce document, la France doit \u00ab se pr\u00e9parer \u00e0 l\u2019hypoth\u00e8se d\u2019un engagement majeur de haute intensit\u00e9 dans le voisinage de l\u2019Europe \u00e0 horizon 2027-2030, parall\u00e8le \u00e0 une hausse massive des attaques hybrides sur son territoire \u00bb.<\/p>\n<p>\u00ab J\u2019ai une grande confiance dans notre pays et dans nos arm\u00e9es \u00bb, \u00ab pr\u00eates, qui savent prot\u00e9ger la France \u00bb, a encore dit le haut grad\u00e9.<\/p>\n<p>\u00ab Nos enfants n\u2019iront pas mourir en Ukraine \u00bb<\/p>\n<p>Les arm\u00e9es fran\u00e7aises sont compos\u00e9es de personnes jeunes de \u00ab 18 \u00e0 30 ans \u00bb, a ajout\u00e9 Fabien Mandon, interrog\u00e9 sur ce qu\u2019il voulait dire<a href=\"https:\/\/www.letelegramme.fr\/france\/la-france-doit-etre-prete-a-accepter-de-perdre-ses-enfants-comment-les-autorites-tentent-de-preparer-les-esprits-a-la-guerre-6932293.php\" target=\"_blank\" rel=\"noopener\"> en affirmant que la France devait \u00ab accepter de perdre ses enfants \u00bb<\/a>. \u00ab Des femmes et des hommes qui sont courageux, qui ont compris la situation dans laquelle on se trouvait, qui avaient envie de s\u2019engager, qui savent que cet engagement emporte des risques \u00bb.<\/p>\n<p>\u00ab Nos enfants n\u2019iront pas combattre et mourir en Ukraine \u00bb, avait dit vendredi la porte-parole du gouvernement Maud Bregeon, pour tenter d\u2019\u00e9teindre la pol\u00e9mique.<\/p>\n<p>\u00ab De nombreux voisins en Europe sont en train de r\u00e9introduire un service national \u00bb, a dit Fabien Mandon, estimant que cela faisait partie d&rsquo;\u00ab \u00e9l\u00e9ments qui sont \u00e0 observer dans notre pays \u00bb, alors que l\u2019ex\u00e9cutif s\u2019appr\u00eate \u00e0 annoncer<a href=\"https:\/\/www.letelegramme.fr\/france\/pour-avoir-une-nation-capable-de-tenir-detre-mobilisee-la-france-envisage-un-service-militaire-volontaire-6855344.php\" target=\"_blank\" rel=\"noopener\"> l\u2019instauration d\u2019un service militaire volontaire.<\/a> Comme plusieurs responsables europ\u00e9ens, notamment allemands et danois, le g\u00e9n\u00e9ral Mandon avait aussi estim\u00e9 en octobre devant les d\u00e9put\u00e9s que l\u2019arm\u00e9e fran\u00e7aise devait se tenir \u00ab pr\u00eate \u00e0 un choc dans trois, quatre ans \u00bb face \u00e0 la Russie, qui \u00ab peut \u00eatre tent\u00e9e de poursuivre la guerre sur notre continent \u00bb.<\/p>\n<p><script async src=\"https:\/\/platform.twitter.com\/widgets.js\" charset=\"utf-8\"><\/script><\/p>\n","protected":false},"excerpt":{"rendered":"Le but \u00e9tait \u00ab d\u2019alerter et de se pr\u00e9parer \u00bb : le chef d\u2019\u00e9tat-major fran\u00e7ais Fabien Mandon a&hellip;\n","protected":false},"author":2,"featured_media":552065,"comment_status":"","ping_status":"","sticky":false,"template":"","format":"standard","meta":{"footnotes":""},"categories":[1586],"tags":[11,533,1782,765,1777,674,1011,27,12,25],"class_list":{"0":"post-552064","1":"post","2":"type-post","3":"status-publish","4":"format-standard","5":"has-post-thumbnail","7":"category-europe","8":"tag-actualites","9":"tag-armee-de-terre","10":"tag-defense-nationale","11":"tag-en-continu","12":"tag-eu","13":"tag-europe","14":"tag-fr","15":"tag-france","16":"tag-news","17":"tag-republique-francaise"},"share_on_mastodon":{"url":"https:\/\/pubeurope.com\/@fr\/115595398669826206","error":""},"_links":{"self":[{"href":"https:\/\/www.europesays.com\/fr\/wp-json\/wp\/v2\/posts\/552064","targetHints":{"allow":["GET"]}}],"collection":[{"href":"https:\/\/www.europesays.com\/fr\/wp-json\/wp\/v2\/posts"}],"about":[{"href":"https:\/\/www.europesays.com\/fr\/wp-json\/wp\/v2\/types\/post"}],"author":[{"embeddable":true,"href":"https:\/\/www.europesays.com\/fr\/wp-json\/wp\/v2\/users\/2"}],"replies":[{"embeddable":true,"href":"https:\/\/www.europesays.com\/fr\/wp-json\/wp\/v2\/comments?post=552064"}],"version-history":[{"count":0,"href":"https:\/\/www.europesays.com\/fr\/wp-json\/wp\/v2\/posts\/552064\/revisions"}],"wp:featuredmedia":[{"embeddable":true,"href":"https:\/\/www.europesays.com\/fr\/wp-json\/wp\/v2\/media\/552065"}],"wp:attachment":[{"href":"https:\/\/www.europesays.com\/fr\/wp-json\/wp\/v2\/media?parent=552064"}],"wp:term":[{"taxonomy":"category","embeddable":true,"href":"https:\/\/www.europesays.com\/fr\/wp-json\/wp\/v2\/categories?post=552064"},{"taxonomy":"post_tag","embeddable":true,"href":"https:\/\/www.europesays.com\/fr\/wp-json\/wp\/v2\/tags?post=552064"}],"curies":[{"name":"wp","href":"https:\/\/api.w.org\/{rel}","templated":true}]}}