{"id":552066,"date":"2025-11-22T21:09:17","date_gmt":"2025-11-22T21:09:17","guid":{"rendered":"https:\/\/www.europesays.com\/fr\/552066\/"},"modified":"2025-11-22T21:09:17","modified_gmt":"2025-11-22T21:09:17","slug":"je-nai-pas-eu-de-coup-de-telephone-les-reactions-apres-la-victoire-bonifiee-du-mhr-contre-lusap","status":"publish","type":"post","link":"https:\/\/www.europesays.com\/fr\/552066\/","title":{"rendered":"\u00ab\u00a0Je n\u2019ai pas eu de coup de t\u00e9l\u00e9phone\u00a0\u00bb\u00a0: les r\u00e9actions apr\u00e8s la victoire bonifi\u00e9e du MHR contre l\u2019Usap"},"content":{"rendered":"<p>\n                                                                Apr\u00e8s la victoire bonifi\u00e9e du MHR, \u00e0 B\u00e9ziers, contre l\u2019Usap (0-28), les coaches et joueurs des deux \u00e9quipes se sont pr\u00e9sent\u00e9s en conf\u00e9rence de presse, ce samedi 22\u00a0novembre.\n                            <\/p>\n<p>Montpellier<\/p>\n<p><strong>Ma\u00ebl Moustin, ailier du MHR\u00a0<\/strong>: \u00ab\u00a0On est tous tr\u00e8s content. On voulait gagner ce match, se rattraper de Clermont (7-9) pour nous remettre \u00e0 l\u2019endroit. On voulait aussi d\u00e9marrer ce bloc de la meilleure mani\u00e8re. Perpignan, on savait que c\u2019\u00e9tait une b\u00eate bless\u00e9e, que tout allait passer par le combat. Il fallait mettre plus d\u2019agressivit\u00e9 qu\u2019eux.<\/p>\n<p>Sur la strat\u00e9gie, on avait pour ambition de mettre la pression en servant du jeu au pied, notamment. Il fallait montrer \u00e0 tous qu\u2019on a des objectifs d\u00e9finis et qu\u2019on ne se satisfait de notre place actuelle.<\/p>\n<p>Sur le plan personnel, je me suis senti bien, je voulais jouer, j\u2019\u00e9tais excit\u00e9 sur le terrain, je voulais toucher tous les ballons que je pouvais.<\/p>\n<p>Maintenant, on ne se laisse pas d\u00e9passer par les \u00e9motions. On a un autre match contre Bordeaux-B\u00e8gles, on veut encha\u00eener. On est content mais on vise plus.\u00a0\u00bb<\/p>\n<p><strong>Joan Caudullo, manager du MHR\u00a0<\/strong>: \u00ab\u00a0On fait une premi\u00e8re mi-temps o\u00f9 on doit plus jouer au rugby, qu\u2019on a peut-\u00eatre mal g\u00e9r\u00e9e \u00e0 certains moments. Le r\u00e9sultat comptable est hyper int\u00e9ressant pour nous. Je ne crois pas que beaucoup d\u2019\u00e9quipes vont marquer cinq points contre Perpignan. Bien s\u00fbr qu\u2019on est content. Mais on sait que notre probl\u00e9matique est la r\u00e9gularit\u00e9, c\u2019est ce que j\u2019ai dit aux joueurs. C\u2019est notre premi\u00e8re victoire \u00e0 l\u2019ext\u00e9rieur, c\u2019est int\u00e9ressant, il faut arriver \u00e0 encha\u00eener une deuxi\u00e8me victoire d\u2019affil\u00e9e, ce qui n\u2019est pas encore arriv\u00e9 cette ann\u00e9e.<\/p>\n<p>On ne va pas se cacher, on n\u2019a pas jou\u00e9 le grand Perpignan vu tous leurs bless\u00e9s. On savait qu\u2019ils \u00e9taient friables en m\u00eal\u00e9e, alors on a d\u00e9cid\u00e9 d\u2019alourdir notre pack pour leur mettre la pression.<\/p>\n<p>Un soulagement\u00a0? Je ne me suis pas mis plus de pression que d\u2019habitude. Je m\u2019en mets d\u00e9j\u00e0 pour Bordeaux la semaine prochaine, comme \u00e0 chaque fois. C\u2019est un m\u00e9tier sous pression. J\u2019ai lu dans la presse ce qui a \u00e9t\u00e9 \u00e9crit. Mais pour ma part, je n\u2019ai pas eu de coup de t\u00e9l\u00e9phone. On essaie de bosser dans la s\u00e9r\u00e9nit\u00e9, \u00e7a a fonctionn\u00e9 cette semaine. On va dans le m\u00eame sens, m\u00eame si \u00e7a ne se voit pas sur certains matches. Il nous faut de la s\u00e9r\u00e9nit\u00e9 et il faut penser au moyen-long terme, avec des jeunes qui gagnent et des internationaux au centre de formation.<\/p>\n<p>Ma\u00ebl est un joueur int\u00e9ressant, qui nous apporte une plus-value dans le jeu de pression qu\u2019on met en place. S\u2019il est r\u00e9gulier, c\u2019est un joueur qui peut \u00eatre international.\u00a0\u00bb<\/p>\n<p>Perpignan<\/p>\n<p><strong>Laurent Labit, manager de l\u2019Usap\u00a0<\/strong>: \u00ab\u00a0On savait d\u2019o\u00f9 on partait, qu\u2019on n\u2019allait pas tout changer d\u2019un coup de baguette magique. On sait qu\u2019on a du travail en termes de travail, de confiance et de rugby. Il faut arriver \u00e0 mieux travailler la semaine pour \u00eatre efficace le week-end, surtout quand on se frotte \u00e0 une \u00e9quipe de Montpellier qui a jou\u00e9 comme on l\u2019imaginait.<\/p>\n<p>Pour pouvoir bien travailler, il faut de la mati\u00e8re et de l\u2019effectif. La semaine prochaine, on aura une grosse vague de retours qui va nous permettre de densifier l\u2019effectif, de jouer \u00e0 balle r\u00e9elle et \u00e9viter de trop se prot\u00e9ger.<\/p>\n<p>Aujourd\u2019hui, on s\u2019est fait ouvrir en deux par Montpellier, aux quatre coins du terrain et devant. On ne peut pas \u00eatre d\u00e9faillant comme \u00e7a, voir deux divisions d\u2019\u00e9cart comme \u00e7a. Il y a une remise en question. Le staff, \u00e7a a \u00e9t\u00e9 fait, maintenant c\u2019est aux joueurs. Qui est pr\u00eat \u00e0 donner son corps, son sang pour ce maillot. Avec du temps, on trouvera ces joueurs.<\/p>\n<p>La blessure de Posolo\u00a0? Oui, mais on a manqu\u00e9 de densit\u00e9 aussi avec lui. C\u2019est s\u00fbrement un signe. Un moment donn\u00e9, tu dois impacter les autres. Il faut qu\u2019il comprenne qu\u2019on a besoin de lui, que le club a beaucoup investi sur lui. Il faut arr\u00eater de se cacher. On veut la meilleure version des joueurs.\u00a0\u00bb<\/p>\n<p><strong>Tom Ecochard, demi de m\u00eal\u00e9e de l\u2019Usap<\/strong>\u00a0: \u00ab\u00a0Rien n\u2019a fonctionn\u00e9 ce soir. On a \u00e9t\u00e9 pris dans l\u2019engagement, dans le combat physique. Ils ont \u00e9t\u00e9 plus consistants dans les collisions, en conqu\u00eate. Difficile de tirer du positif de ce match.\u00a0\u00bb<\/p>\n","protected":false},"excerpt":{"rendered":"Apr\u00e8s la victoire bonifi\u00e9e du MHR, \u00e0 B\u00e9ziers, contre l\u2019Usap (0-28), les coaches et joueurs des deux \u00e9quipes&hellip;\n","protected":false},"author":2,"featured_media":552067,"comment_status":"","ping_status":"","sticky":false,"template":"","format":"standard","meta":{"footnotes":""},"categories":[1586],"tags":[11,1777,674,1779,1011,27,12,25,1778,364],"class_list":{"0":"post-552066","1":"post","2":"type-post","3":"status-publish","4":"format-standard","5":"has-post-thumbnail","7":"category-europe","8":"tag-actualites","9":"tag-eu","10":"tag-europe","11":"tag-european-union","12":"tag-fr","13":"tag-france","14":"tag-news","15":"tag-republique-francaise","16":"tag-ue","17":"tag-union-europeenne"},"share_on_mastodon":{"url":"https:\/\/pubeurope.com\/@fr\/115595402623636258","error":""},"_links":{"self":[{"href":"https:\/\/www.europesays.com\/fr\/wp-json\/wp\/v2\/posts\/552066","targetHints":{"allow":["GET"]}}],"collection":[{"href":"https:\/\/www.europesays.com\/fr\/wp-json\/wp\/v2\/posts"}],"about":[{"href":"https:\/\/www.europesays.com\/fr\/wp-json\/wp\/v2\/types\/post"}],"author":[{"embeddable":true,"href":"https:\/\/www.europesays.com\/fr\/wp-json\/wp\/v2\/users\/2"}],"replies":[{"embeddable":true,"href":"https:\/\/www.europesays.com\/fr\/wp-json\/wp\/v2\/comments?post=552066"}],"version-history":[{"count":0,"href":"https:\/\/www.europesays.com\/fr\/wp-json\/wp\/v2\/posts\/552066\/revisions"}],"wp:featuredmedia":[{"embeddable":true,"href":"https:\/\/www.europesays.com\/fr\/wp-json\/wp\/v2\/media\/552067"}],"wp:attachment":[{"href":"https:\/\/www.europesays.com\/fr\/wp-json\/wp\/v2\/media?parent=552066"}],"wp:term":[{"taxonomy":"category","embeddable":true,"href":"https:\/\/www.europesays.com\/fr\/wp-json\/wp\/v2\/categories?post=552066"},{"taxonomy":"post_tag","embeddable":true,"href":"https:\/\/www.europesays.com\/fr\/wp-json\/wp\/v2\/tags?post=552066"}],"curies":[{"name":"wp","href":"https:\/\/api.w.org\/{rel}","templated":true}]}}