{"id":552071,"date":"2025-11-22T21:15:20","date_gmt":"2025-11-22T21:15:20","guid":{"rendered":"https:\/\/www.europesays.com\/fr\/552071\/"},"modified":"2025-11-22T21:15:20","modified_gmt":"2025-11-22T21:15:20","slug":"un-maillot-unique-pour-porter-haut-la-cause-de-la-sante-masculine","status":"publish","type":"post","link":"https:\/\/www.europesays.com\/fr\/552071\/","title":{"rendered":"un maillot unique pour porter haut la cause de la sant\u00e9 masculine"},"content":{"rendered":"<p>Les joueurs du XV de France ont arbor\u00e9 un maillot pas comme les autres. Un d\u00e9tail visuel, discret mais hautement symbolique, a imm\u00e9diatement attir\u00e9 l\u2019attention\u00a0: le logo Altrad, partenaire majeur de l\u2019\u00e9quipe de France, apparaissait exceptionnellement invers\u00e9 afin de former une moustache. Un clin d\u2019\u0153il assum\u00e9 \u00e0 Movember, le mouvement mondial d\u00e9di\u00e9 \u00e0 la sensibilisation \u00e0 la sant\u00e9 masculine.<\/p>\n<p>Chaque mois de novembre, des millions d\u2019hommes \u00e0 travers le monde se laissent pousser la moustache pendant 30 jours pour provoquer la conversation sur la sant\u00e9 des hommes\u00a0: cancers de la prostate et des testicules, troubles psychiques, pr\u00e9vention du suicide. Autant de sujets encore trop souvent tus, malgr\u00e9 leur impact consid\u00e9rable.<\/p>\n<p>Avec ce maillot sp\u00e9cial, la FFR et Altrad ont souhait\u00e9 transformer un match international en caisse de r\u00e9sonance pour la cause. Au-del\u00e0 du symbole sur la tenue, la mobilisation s\u2019est aussi jou\u00e9e sur les r\u00e9seaux sociaux\u00a0: les joueurs ont enregistr\u00e9 des messages vid\u00e9o pour briser les tabous, encourager le dialogue et rappeler que la sant\u00e9 masculine ne doit plus \u00eatre un angle mort du d\u00e9bat public.<\/p>\n<p>Ce partenariat s\u2019accompagnera \u00e9galement d\u2019un geste concret. L\u2019un des maillots port\u00e9s lors de la rencontre sera mis aux ench\u00e8res par la FFR, et l\u2019int\u00e9gralit\u00e9 des fonds r\u00e9colt\u00e9s sera revers\u00e9e \u00e0 son fonds de dotation Rugby au C\u0153ur. Celui-ci soutient, tout au long de l\u2019ann\u00e9e, des projets qui d\u00e9passent le cadre sportif, notamment dans les domaines de la sant\u00e9 et du bien-\u00eatre.<\/p>\n<p>En associant un choc de haut niveau \u00e0 une cause universelle, la FFR et Altrad rappellent que le rugby a toujours su \u00eatre un vecteur d\u2019engagement, de solidarit\u00e9 et de prise de conscience. Et ce soir-l\u00e0, face \u00e0 l\u2019Australie, la moustache est devenue bien plus qu\u2019un symbole\u00a0: un appel \u00e0 prendre soin de soi, \u00e0 parler, \u00e0 s\u2019informer et \u00e0 ne jamais rester seul.<\/p>\n","protected":false},"excerpt":{"rendered":"Les joueurs du XV de France ont arbor\u00e9 un maillot pas comme les autres. Un d\u00e9tail visuel, discret&hellip;\n","protected":false},"author":2,"featured_media":552072,"comment_status":"","ping_status":"","sticky":false,"template":"","format":"standard","meta":{"footnotes":""},"categories":[4],"tags":[11,1011,27,12,25],"class_list":{"0":"post-552071","1":"post","2":"type-post","3":"status-publish","4":"format-standard","5":"has-post-thumbnail","7":"category-france","8":"tag-actualites","9":"tag-fr","10":"tag-france","11":"tag-news","12":"tag-republique-francaise"},"share_on_mastodon":{"url":"https:\/\/pubeurope.com\/@fr\/115595426085963012","error":""},"_links":{"self":[{"href":"https:\/\/www.europesays.com\/fr\/wp-json\/wp\/v2\/posts\/552071","targetHints":{"allow":["GET"]}}],"collection":[{"href":"https:\/\/www.europesays.com\/fr\/wp-json\/wp\/v2\/posts"}],"about":[{"href":"https:\/\/www.europesays.com\/fr\/wp-json\/wp\/v2\/types\/post"}],"author":[{"embeddable":true,"href":"https:\/\/www.europesays.com\/fr\/wp-json\/wp\/v2\/users\/2"}],"replies":[{"embeddable":true,"href":"https:\/\/www.europesays.com\/fr\/wp-json\/wp\/v2\/comments?post=552071"}],"version-history":[{"count":0,"href":"https:\/\/www.europesays.com\/fr\/wp-json\/wp\/v2\/posts\/552071\/revisions"}],"wp:featuredmedia":[{"embeddable":true,"href":"https:\/\/www.europesays.com\/fr\/wp-json\/wp\/v2\/media\/552072"}],"wp:attachment":[{"href":"https:\/\/www.europesays.com\/fr\/wp-json\/wp\/v2\/media?parent=552071"}],"wp:term":[{"taxonomy":"category","embeddable":true,"href":"https:\/\/www.europesays.com\/fr\/wp-json\/wp\/v2\/categories?post=552071"},{"taxonomy":"post_tag","embeddable":true,"href":"https:\/\/www.europesays.com\/fr\/wp-json\/wp\/v2\/tags?post=552071"}],"curies":[{"name":"wp","href":"https:\/\/api.w.org\/{rel}","templated":true}]}}