{"id":552077,"date":"2025-11-22T21:21:14","date_gmt":"2025-11-22T21:21:14","guid":{"rendered":"https:\/\/www.europesays.com\/fr\/552077\/"},"modified":"2025-11-22T21:21:14","modified_gmt":"2025-11-22T21:21:14","slug":"gros-coup-dur-pour-charles-ollivon-avec-le-xv-de-france","status":"publish","type":"post","link":"https:\/\/www.europesays.com\/fr\/552077\/","title":{"rendered":"Gros coup dur pour Charles Ollivon avec le XV de France !"},"content":{"rendered":"<p>Le troisi\u00e8me ligne international Fran\u00e7ais Charles Ollivon \u00e9tait titulaire ce samedi soir, avec le XV de France, pour affronter l\u2019Australie au Stade de France.<\/p>\n<p>Malheureusement, le joueur du Rugby Club Toulonnais a \u00e9t\u00e9 contraint de c\u00e9der sa place d\u00e8s la 16\u00e8me minute de jeu.<\/p>\n<p>Victime d\u2019un contact, le joueur Varois est sorti sur protocole commotion.<\/p>\n<p>Malheureusement, Charles Ollivon n\u2019a pas r\u00e9pondu favorablement au protocole et n\u2019a donc pas \u00e9t\u00e9 autoris\u00e9 \u00e0 faire son retour \u00e0 la comp\u00e9tition.<\/p>\n<p>C\u2019est Oscar Jegou qui l\u2019a remplac\u00e9.<\/p>\n<p>Reste \u00e0 savoir si Charles Ollivon pourra rejouer avec le Rugby Club Toulonnais d\u00e8s le week-end prochain ou s\u2019il devra respecter un temps de repos de plusieurs semaines.<\/p>\n<p>C\u2019est clairement un coup dur pour Charles Ollivon mais aussi pour le Rugby Club Toulonnais qui pourrait devoir se passer des services d\u2019un de ses cadres.<\/p>\n<p><strong>Affaire \u00e0 suivre\u2026<\/strong><\/p>\n","protected":false},"excerpt":{"rendered":"Le troisi\u00e8me ligne international Fran\u00e7ais Charles Ollivon \u00e9tait titulaire ce samedi soir, avec le XV de France, pour&hellip;\n","protected":false},"author":2,"featured_media":514371,"comment_status":"","ping_status":"","sticky":false,"template":"","format":"standard","meta":{"footnotes":""},"categories":[1416],"tags":[1011,27,479,1468,60],"class_list":{"0":"post-552077","1":"post","2":"type-post","3":"status-publish","4":"format-standard","5":"has-post-thumbnail","7":"category-rugby","8":"tag-fr","9":"tag-france","10":"tag-rugby","11":"tag-rugby-football","12":"tag-sports"},"share_on_mastodon":{"url":"https:\/\/pubeurope.com\/@fr\/115595449762869345","error":""},"_links":{"self":[{"href":"https:\/\/www.europesays.com\/fr\/wp-json\/wp\/v2\/posts\/552077","targetHints":{"allow":["GET"]}}],"collection":[{"href":"https:\/\/www.europesays.com\/fr\/wp-json\/wp\/v2\/posts"}],"about":[{"href":"https:\/\/www.europesays.com\/fr\/wp-json\/wp\/v2\/types\/post"}],"author":[{"embeddable":true,"href":"https:\/\/www.europesays.com\/fr\/wp-json\/wp\/v2\/users\/2"}],"replies":[{"embeddable":true,"href":"https:\/\/www.europesays.com\/fr\/wp-json\/wp\/v2\/comments?post=552077"}],"version-history":[{"count":0,"href":"https:\/\/www.europesays.com\/fr\/wp-json\/wp\/v2\/posts\/552077\/revisions"}],"wp:featuredmedia":[{"embeddable":true,"href":"https:\/\/www.europesays.com\/fr\/wp-json\/wp\/v2\/media\/514371"}],"wp:attachment":[{"href":"https:\/\/www.europesays.com\/fr\/wp-json\/wp\/v2\/media?parent=552077"}],"wp:term":[{"taxonomy":"category","embeddable":true,"href":"https:\/\/www.europesays.com\/fr\/wp-json\/wp\/v2\/categories?post=552077"},{"taxonomy":"post_tag","embeddable":true,"href":"https:\/\/www.europesays.com\/fr\/wp-json\/wp\/v2\/tags?post=552077"}],"curies":[{"name":"wp","href":"https:\/\/api.w.org\/{rel}","templated":true}]}}