{"id":552078,"date":"2025-11-22T21:22:20","date_gmt":"2025-11-22T21:22:20","guid":{"rendered":"https:\/\/www.europesays.com\/fr\/552078\/"},"modified":"2025-11-22T21:22:20","modified_gmt":"2025-11-22T21:22:20","slug":"ivan-ljubicic-dresse-le-bilan-de-la-saison-2025-du-tennis-francais-et-se-projette-sur-2026","status":"publish","type":"post","link":"https:\/\/www.europesays.com\/fr\/552078\/","title":{"rendered":"Ivan Ljubicic dresse le bilan de la saison 2025 du tennis fran\u00e7ais et se projette sur 2026"},"content":{"rendered":"\n<p>\u00ab\u00a0Bonne dynamique\u00a0\u00bb, recours aux experts\u00a0: Ivan Ljubicic dresse le bilan de la saison 2025 du tennis fran\u00e7ais et se projette sur 2026<\/p>\n<p>Au terme d&rsquo;une ann\u00e9e achev\u00e9e pour la France avec une \u00e9limination en quarts de finale de la Coupe Davis, Ivan Ljubicic, responsable du haut niveau \u00e0 la FFT, fait un tour d&rsquo;horizon de la saison 2025 et des \u00e9volutions mises en place pour la suite.<\/p>\n","protected":false},"excerpt":{"rendered":"\u00ab\u00a0Bonne dynamique\u00a0\u00bb, recours aux experts\u00a0: Ivan Ljubicic dresse le bilan de la saison 2025 du tennis fran\u00e7ais et&hellip;\n","protected":false},"author":2,"featured_media":552079,"comment_status":"","ping_status":"","sticky":false,"template":"","format":"standard","meta":{"footnotes":""},"categories":[1415],"tags":[1011,27,60,1467],"class_list":{"0":"post-552078","1":"post","2":"type-post","3":"status-publish","4":"format-standard","5":"has-post-thumbnail","7":"category-tennis","8":"tag-fr","9":"tag-france","10":"tag-sports","11":"tag-tennis"},"share_on_mastodon":{"url":"https:\/\/pubeurope.com\/@fr\/115595453639162622","error":""},"_links":{"self":[{"href":"https:\/\/www.europesays.com\/fr\/wp-json\/wp\/v2\/posts\/552078","targetHints":{"allow":["GET"]}}],"collection":[{"href":"https:\/\/www.europesays.com\/fr\/wp-json\/wp\/v2\/posts"}],"about":[{"href":"https:\/\/www.europesays.com\/fr\/wp-json\/wp\/v2\/types\/post"}],"author":[{"embeddable":true,"href":"https:\/\/www.europesays.com\/fr\/wp-json\/wp\/v2\/users\/2"}],"replies":[{"embeddable":true,"href":"https:\/\/www.europesays.com\/fr\/wp-json\/wp\/v2\/comments?post=552078"}],"version-history":[{"count":0,"href":"https:\/\/www.europesays.com\/fr\/wp-json\/wp\/v2\/posts\/552078\/revisions"}],"wp:featuredmedia":[{"embeddable":true,"href":"https:\/\/www.europesays.com\/fr\/wp-json\/wp\/v2\/media\/552079"}],"wp:attachment":[{"href":"https:\/\/www.europesays.com\/fr\/wp-json\/wp\/v2\/media?parent=552078"}],"wp:term":[{"taxonomy":"category","embeddable":true,"href":"https:\/\/www.europesays.com\/fr\/wp-json\/wp\/v2\/categories?post=552078"},{"taxonomy":"post_tag","embeddable":true,"href":"https:\/\/www.europesays.com\/fr\/wp-json\/wp\/v2\/tags?post=552078"}],"curies":[{"name":"wp","href":"https:\/\/api.w.org\/{rel}","templated":true}]}}