{"id":552080,"date":"2025-11-22T21:26:15","date_gmt":"2025-11-22T21:26:15","guid":{"rendered":"https:\/\/www.europesays.com\/fr\/552080\/"},"modified":"2025-11-22T21:26:15","modified_gmt":"2025-11-22T21:26:15","slug":"anais-morichon-a-60-de-ce-que-je-peux-faire-actualite","status":"publish","type":"post","link":"https:\/\/www.europesays.com\/fr\/552080\/","title":{"rendered":"Ana\u00efs Morichon : \u00ab \u00c0 60% de ce que je peux faire\u00a0\u00bb &#8211; Actualit\u00e9"},"content":{"rendered":"<p style=\"text-align: justify;\">Terrain g\u00e9l\u00e9 par -3 \u00b0C, Ana\u00efs Morichon a branch\u00e9 la bougie pr\u00e9-chauffage au d\u00e9part du cyclo-cross UCI de Gernelle. \u00ab\u00a0J&rsquo;ai pris un tr\u00e8s mauvais d\u00e9part. C&rsquo;est au corps de s&rsquo;habituer un peu mais ensuite, \u00e7a m&rsquo;a bien d\u00e9bloqu\u00e9e\u00a0\u00bb, explique-t-elle \u00e0 DirectVelo. Une fois la machine en marche, la repr\u00e9sentante du Team Guevel Roadborn <a href=\"https:\/\/www.directvelo.com\/actualite\/125512\/cyclo-cross-uci-de-gernelle-classements\" target=\"_blank\" rel=\"noopener\"><strong>s&rsquo;est impos\u00e9e \u00e0 l&rsquo;arriv\u00e9e<\/strong><\/a>. Son deuxi\u00e8me succ\u00e8s international apr\u00e8s une victoire en Espagne.<\/p>\n<p><strong><a href=\"https:\/\/www.directvelo.com\/coureur\/18324\/anais-morichon\" target=\"_blank\" rel=\"noopener\">Ana\u00efs Morichon<\/a>\u00a0<\/strong>restait sur deux podiums cons\u00e9cutifs en Coupe de France dans la boue de Quelneuc. \u00ab\u00a0J&rsquo;ai coup\u00e9 trois jours apr\u00e8s la Coupe de France, \u00e7a m&rsquo;a fait du bien. Le temps de se remettre dedans, \u00e0 la mi-course \u00e7a allait de mieux en mieux\u00a0\u00bb. Une fois revenue sur les concurrentes de t\u00eate, la soci\u00e9taire de Lanester Women Morbihan fait parler la force de la routi\u00e8re. \u00ab\u00a0J&rsquo;ai fait la diff\u00e9rence sur la partie de route. Je sentais que j&rsquo;avais plus de puissance et c&rsquo;est l\u00e0 o\u00f9 j&rsquo;ai pu en remettre\u00a0\u00bb.<\/p>\n<p><strong>EN BELGIQUE POUR SE CONFRONTER AUX MEILLEURES<\/strong><\/p>\n<p>Ce dimanche, la cycliste de 26 ans sera au repos. En revanche, la semaine prochaine, elle disputera sa premi\u00e8re manche de Coupe du Monde, en France, \u00e0 Flamanville. \u00ab\u00a0Je ferai quelques manches de Coupe du Monde. Je vais aller plusieurs fois en Belgique parce que c&rsquo;est important de se confronter aux meilleures\u00a0\u00bb.<\/p>\n<p>L&rsquo;hiver d&rsquo;Ana\u00efs Morichon est donc bien lanc\u00e9. \u00ab\u00a0Je vais aussi penser \u00e0 la derni\u00e8re Coupe de France \u00e0 Ouistreham\u00a0\u00bb, ajoute la 2e du classement g\u00e9n\u00e9ral. Mais le train de sa saison n&rsquo;est pas encore lanc\u00e9 \u00e0 pleine vitesse. \u00ab\u00a0Je sens que je suis \u00e0 60% de ce que je peux faire. Je monte petit \u00e0 petit, doucement, mais s\u00fbrement. C&rsquo;est ce que j&rsquo;ai pr\u00e9vu de faire avec mon entra\u00eeneur, Marc Staelen, pour \u00eatre au top en fin de saison\u00a0\u00bb. Mais m\u00eame encore loin de son optimum, le maillot noir du Team Gu\u00e9vel Roadborn n&rsquo;est pas loin des premi\u00e8res places.<\/p>\n","protected":false},"excerpt":{"rendered":"Terrain g\u00e9l\u00e9 par -3 \u00b0C, Ana\u00efs Morichon a branch\u00e9 la bougie pr\u00e9-chauffage au d\u00e9part du cyclo-cross UCI de&hellip;\n","protected":false},"author":2,"featured_media":552081,"comment_status":"","ping_status":"","sticky":false,"template":"","format":"standard","meta":{"footnotes":""},"categories":[1411],"tags":[834,828,836,829,837,827,83,826,824,823,1154,207,814,817,815,816,822,821,832,211,839,1011,27,820,818,819,835,831,830,833,838,60,212,208,825],"class_list":{"0":"post-552080","1":"post","2":"type-post","3":"status-publish","4":"format-standard","5":"has-post-thumbnail","7":"category-cyclisme","8":"tag-attaque","9":"tag-belgique","10":"tag-braquet","11":"tag-bretagne","12":"tag-chute","13":"tag-competition","14":"tag-coupe-de-france","15":"tag-coureur","16":"tag-course-cyclisme","17":"tag-course-cycliste","18":"tag-cycling","19":"tag-cyclisme","20":"tag-direct","21":"tag-direct-velo","22":"tag-directvelo","23":"tag-directvelo-com","24":"tag-epreuve","25":"tag-epreuve-cycliste","26":"tag-federation-francaise-de-cyclisme","27":"tag-ffc","28":"tag-flandres","29":"tag-fr","30":"tag-france","31":"tag-live","32":"tag-live-course","33":"tag-live-epreuve","34":"tag-peloton","35":"tag-radio-peloton","36":"tag-radio-tour","37":"tag-ravitaillement","38":"tag-relance","39":"tag-sports","40":"tag-uci","41":"tag-velo","42":"tag-velos"},"share_on_mastodon":{"url":"https:\/\/pubeurope.com\/@fr\/115595469450781237","error":""},"_links":{"self":[{"href":"https:\/\/www.europesays.com\/fr\/wp-json\/wp\/v2\/posts\/552080","targetHints":{"allow":["GET"]}}],"collection":[{"href":"https:\/\/www.europesays.com\/fr\/wp-json\/wp\/v2\/posts"}],"about":[{"href":"https:\/\/www.europesays.com\/fr\/wp-json\/wp\/v2\/types\/post"}],"author":[{"embeddable":true,"href":"https:\/\/www.europesays.com\/fr\/wp-json\/wp\/v2\/users\/2"}],"replies":[{"embeddable":true,"href":"https:\/\/www.europesays.com\/fr\/wp-json\/wp\/v2\/comments?post=552080"}],"version-history":[{"count":0,"href":"https:\/\/www.europesays.com\/fr\/wp-json\/wp\/v2\/posts\/552080\/revisions"}],"wp:featuredmedia":[{"embeddable":true,"href":"https:\/\/www.europesays.com\/fr\/wp-json\/wp\/v2\/media\/552081"}],"wp:attachment":[{"href":"https:\/\/www.europesays.com\/fr\/wp-json\/wp\/v2\/media?parent=552080"}],"wp:term":[{"taxonomy":"category","embeddable":true,"href":"https:\/\/www.europesays.com\/fr\/wp-json\/wp\/v2\/categories?post=552080"},{"taxonomy":"post_tag","embeddable":true,"href":"https:\/\/www.europesays.com\/fr\/wp-json\/wp\/v2\/tags?post=552080"}],"curies":[{"name":"wp","href":"https:\/\/api.w.org\/{rel}","templated":true}]}}