{"id":552084,"date":"2025-11-22T21:28:13","date_gmt":"2025-11-22T21:28:13","guid":{"rendered":"https:\/\/www.europesays.com\/fr\/552084\/"},"modified":"2025-11-22T21:28:13","modified_gmt":"2025-11-22T21:28:13","slug":"je-compte-tout-les-inquietantes-revelations-de-muriel-robin-sur-ses-toc-et-ses-peurs-incontrolables","status":"publish","type":"post","link":"https:\/\/www.europesays.com\/fr\/552084\/","title":{"rendered":"\u00ab\u00a0Je compte tout\u00a0\u00bb : les inqui\u00e9tantes r\u00e9v\u00e9lations de Muriel Robin sur ses TOC et ses peurs incontr\u00f4lables"},"content":{"rendered":"<p>      R\u00e9sum\u00e9<\/p>\n<p>Muriel Robin \u00e9voque ses troubles obsessionnels, r\u00e9v\u00e9lant son obsession pour les chiffres pairs et une aversion particuli\u00e8re pour certains mots. <\/p>\n<p>        Sommaire<\/p>\n<p>En pleine promotion de son nouveau film La pire m\u00e8re au monde, <a href=\"https:\/\/www.public.fr\/tag\/muriel-robin\" rel=\"nofollow noopener\" target=\"_blank\"><strong>Muriel Robin<\/strong><\/a> encha\u00eene les interviews. Ce samedi 22 novembre 2025, elle \u00e9tait d&rsquo;ailleurs l&rsquo;invit\u00e9e d&rsquo;\u00c9ric Dussart et Jade dans <strong>On refait la t\u00e9l\u00e9<\/strong> sur <a href=\"https:\/\/x.com\/RTLFrance\" target=\"_blank\" rel=\"noreferrer noopener nofollow\"><strong>RTL<\/strong><\/a>. <\/p>\n<p>Lors de cet entretien, la com\u00e9dienne \u00e2g\u00e9e de 70 ans s&rsquo;est longuement confi\u00e9e sur son dernier projet cin\u00e9matographique, mais pas que. Elle s&rsquo;est \u00e9galement livr\u00e9e sur un sujet bien plus intime : <strong>les troubles obsessionnels compulsifs dont elle souffre. <\/strong><\/p>\n<p>Muriel Robin obs\u00e9d\u00e9e par les chiffres<\/p>\n<p>Au micro de nos confr\u00e8res, Muriel Robin a confi\u00e9 \u00e9prouver <strong>une v\u00e9ritable peur bleue des chiffres impairs<\/strong>. \u00ab\u00a0Je ne les aime pas\u2026 Si on prend 8, c&rsquo;est 2, 2, 2, 2\u2026 C&rsquo;est carr\u00e9, c&rsquo;est rond, c&rsquo;est comme vous voulez. Mais 9, c&rsquo;est 2, 2, 2, et 2\u2026 et 1. Et \u00e7a, \u00e7a me fait de la peine pour le 1, je te jure\u00a0\u00bb, a-t-elle expliqu\u00e9. <\/p>\n<p>La crainte des chiffres impairs s&rsquo;apparenterait \u00e0 une forme d&rsquo;arithmophobie, soit la phobie des nombres. Un trouble dont Muriel Robin n&rsquo;est toutefois pas vraiment victime, puisqu&rsquo;elle admet compter en permanence. <\/p>\n<p>\u00ab\u00a0<strong>Je compte tous mes pas et tous les escaliers. Je compte beaucoup choses. C&rsquo;est mon petit cerveau qui ne fait que \u00e7a<\/strong>\u00ab\u00a0, a-t-elle ajout\u00e9. <\/p>\n<p>Et de poursuivre : \u00ab\u00a0Je commence par le pied droit pour finir par le pied gauche, comme \u00e7a, c&rsquo;est carr\u00e9. Si je finis par le pied droit, ce n&rsquo;est pas grave, je commencerai d&rsquo;autres escaliers dans la journ\u00e9e avec mon pied gauche, je m&rsquo;arrangerai et ferai mon compte. Je ne marche pas sur les traits, les carreaux, mais si je marche dessus, il faut que je remarche plus loin\u2026 Mais je peux quand m\u00eame tenir en m\u00eame temps une conversation avec quelqu&rsquo;un !\u00a0\u00bb<\/p>\n<p>Une aversion pour les mots<\/p>\n<p>Outre son obsession pour les nombres, <strong>Muriel Robin est aussi tr\u00e8s attach\u00e9e aux mots<\/strong>. Il y en a d&rsquo;ailleurs certains qu&rsquo;elle ne supporte pas comme \u00ab\u00a0tissu\u00a0\u00bb. <\/p>\n<p>\u00ab\u00a0Rien que d&rsquo;en parler, \u00e7a m&rsquo;ass\u00e8che d&rsquo;un coup que quelqu&rsquo;un dise &#8217;tissu&rsquo; ! J&rsquo;en ai les l\u00e8vres s\u00e8ches\u00a0\u00bb, a-t-elle lanc\u00e9 sur les ondes de RTL. De sacr\u00e9es confidences. <\/p>\n<p>\n          Hits &amp; People en continu\n        <\/p>\n<p>\n          Public Radio\n        <\/p>\n<p>      Mentionn\u00e9s dans cet article<\/p>\n<p>      Sur le m\u00eame sujet<\/p>\n","protected":false},"excerpt":{"rendered":"R\u00e9sum\u00e9 Muriel Robin \u00e9voque ses troubles obsessionnels, r\u00e9v\u00e9lant son obsession pour les chiffres pairs et une aversion particuli\u00e8re&hellip;\n","protected":false},"author":2,"featured_media":552085,"comment_status":"","ping_status":"","sticky":false,"template":"","format":"standard","meta":{"footnotes":""},"categories":[1359],"tags":[58,59,1011,27,11764,973,5563,2700],"class_list":{"0":"post-552084","1":"post","2":"type-post","3":"status-publish","4":"format-standard","5":"has-post-thumbnail","7":"category-people","8":"tag-divertissement","9":"tag-entertainment","10":"tag-fr","11":"tag-france","12":"tag-muriel-robin","13":"tag-people","14":"tag-phobie","15":"tag-rtl"},"share_on_mastodon":{"url":"https:\/\/pubeurope.com\/@fr\/115595477366775926","error":""},"_links":{"self":[{"href":"https:\/\/www.europesays.com\/fr\/wp-json\/wp\/v2\/posts\/552084","targetHints":{"allow":["GET"]}}],"collection":[{"href":"https:\/\/www.europesays.com\/fr\/wp-json\/wp\/v2\/posts"}],"about":[{"href":"https:\/\/www.europesays.com\/fr\/wp-json\/wp\/v2\/types\/post"}],"author":[{"embeddable":true,"href":"https:\/\/www.europesays.com\/fr\/wp-json\/wp\/v2\/users\/2"}],"replies":[{"embeddable":true,"href":"https:\/\/www.europesays.com\/fr\/wp-json\/wp\/v2\/comments?post=552084"}],"version-history":[{"count":0,"href":"https:\/\/www.europesays.com\/fr\/wp-json\/wp\/v2\/posts\/552084\/revisions"}],"wp:featuredmedia":[{"embeddable":true,"href":"https:\/\/www.europesays.com\/fr\/wp-json\/wp\/v2\/media\/552085"}],"wp:attachment":[{"href":"https:\/\/www.europesays.com\/fr\/wp-json\/wp\/v2\/media?parent=552084"}],"wp:term":[{"taxonomy":"category","embeddable":true,"href":"https:\/\/www.europesays.com\/fr\/wp-json\/wp\/v2\/categories?post=552084"},{"taxonomy":"post_tag","embeddable":true,"href":"https:\/\/www.europesays.com\/fr\/wp-json\/wp\/v2\/tags?post=552084"}],"curies":[{"name":"wp","href":"https:\/\/api.w.org\/{rel}","templated":true}]}}