{"id":552086,"date":"2025-11-22T21:29:19","date_gmt":"2025-11-22T21:29:19","guid":{"rendered":"https:\/\/www.europesays.com\/fr\/552086\/"},"modified":"2025-11-22T21:29:19","modified_gmt":"2025-11-22T21:29:19","slug":"a-bastia-le-photographe-jean-michel-andre-expose-un-travail-ne-dun-passe-impossible-a-dire","status":"publish","type":"post","link":"https:\/\/www.europesays.com\/fr\/552086\/","title":{"rendered":"\u00c0 Bastia, le photographe Jean-Michel Andr\u00e9 expose un travail n\u00e9 d&rsquo;un pass\u00e9 impossible \u00e0 dire"},"content":{"rendered":"<p>Preuve vivante de la r\u00e9silience, l&rsquo;exposition de Jean-Michel Andr\u00e9 part d&rsquo;un fait dont il n&rsquo;a longtemps rien pu dire. Le 5\u00a0ao\u00fbt 1983, <a href=\"https:\/\/www.laprovence.com\/article\/faits-divers-justice\/3932703911092914\/tuerie-du-sofitel-a-avignon-retour-sur-40-ans-de-mystere\" target=\"_blank\" rel=\"noopener\">sept personnes sont abattues au Sofitel d&rsquo;Avignon<\/a>\u00a0: le consul g\u00e9n\u00e9ral de France \u00e0 Sarrebruck, Lucien Andr\u00e9, sa compagne, trois employ\u00e9s de l&rsquo;h\u00f4tel ainsi qu&rsquo;un jeune couple arriv\u00e9 tard dans la nuit.<br \/>Le fils du diplomate, Jean-Michel Andr\u00e9, alors \u00e2g\u00e9 de sept ans, dort dans la chambre voisine. Le choc est tel qu&rsquo;il perd la m\u00e9moire de cette nuit. Une enqu\u00eate judiciaire est ouverte, mais ne sera jamais enti\u00e8rement \u00e9lucid\u00e9e. Deux inculp\u00e9s, des zones d&rsquo;ombre, des archives \u00e9parses. Et un enfant amn\u00e9sique, cueilli par des adultes au petit matin, puis renvoy\u00e9 \u00e0 une vie o\u00f9 rien ne peut \u00eatre nomm\u00e9.<\/p>\n<p>Intitul\u00e9e Chambre 207, la chambre o\u00f9 dormaient les enfants, l&rsquo;\u0153uvre de Jean-Michel Andr\u00e9 ne cherche ni la reconstitution ni l&rsquo;explication. Elle remonte plut\u00f4t le fil d&rsquo;une m\u00e9moire \u00e9clat\u00e9e, \u00e0 partir de ce qui reste\u00a0: des archives judiciaires, des d\u00e9p\u00eaches AFP, des paysages travers\u00e9s trop tard, des fragments intimes. Une mani\u00e8re de reprendre la main l\u00e0 o\u00f9 tout avait bascul\u00e9 sans lui.<br \/>Le d\u00e9clic, lui, viendra bien plus tard\u00a0: la naissance de sa fille. \u00ab\u00a0Si elle me posait des &#8230;<\/p>\n","protected":false},"excerpt":{"rendered":"Preuve vivante de la r\u00e9silience, l&rsquo;exposition de Jean-Michel Andr\u00e9 part d&rsquo;un fait dont il n&rsquo;a longtemps rien pu&hellip;\n","protected":false},"author":2,"featured_media":552087,"comment_status":"","ping_status":"","sticky":false,"template":"","format":"standard","meta":{"footnotes":""},"categories":[1358],"tags":[17,15496,1348,1384,1385,5621,1687,2837,1386,58,59,8110,1011,27,40871,5242,3847],"class_list":{"0":"post-552086","1":"post","2":"type-post","3":"status-publish","4":"format-standard","5":"has-post-thumbnail","7":"category-arts-et-design","8":"tag-17","9":"tag-andre","10":"tag-arts","11":"tag-arts-and-design","12":"tag-arts-et-design","13":"tag-bastia","14":"tag-culture-loisirs","15":"tag-dun","16":"tag-design","17":"tag-divertissement","18":"tag-entertainment","19":"tag-expose","20":"tag-fr","21":"tag-france","22":"tag-jean-michel","23":"tag-passe","24":"tag-travail"},"share_on_mastodon":{"url":"https:\/\/pubeurope.com\/@fr\/115595481167257147","error":""},"_links":{"self":[{"href":"https:\/\/www.europesays.com\/fr\/wp-json\/wp\/v2\/posts\/552086","targetHints":{"allow":["GET"]}}],"collection":[{"href":"https:\/\/www.europesays.com\/fr\/wp-json\/wp\/v2\/posts"}],"about":[{"href":"https:\/\/www.europesays.com\/fr\/wp-json\/wp\/v2\/types\/post"}],"author":[{"embeddable":true,"href":"https:\/\/www.europesays.com\/fr\/wp-json\/wp\/v2\/users\/2"}],"replies":[{"embeddable":true,"href":"https:\/\/www.europesays.com\/fr\/wp-json\/wp\/v2\/comments?post=552086"}],"version-history":[{"count":0,"href":"https:\/\/www.europesays.com\/fr\/wp-json\/wp\/v2\/posts\/552086\/revisions"}],"wp:featuredmedia":[{"embeddable":true,"href":"https:\/\/www.europesays.com\/fr\/wp-json\/wp\/v2\/media\/552087"}],"wp:attachment":[{"href":"https:\/\/www.europesays.com\/fr\/wp-json\/wp\/v2\/media?parent=552086"}],"wp:term":[{"taxonomy":"category","embeddable":true,"href":"https:\/\/www.europesays.com\/fr\/wp-json\/wp\/v2\/categories?post=552086"},{"taxonomy":"post_tag","embeddable":true,"href":"https:\/\/www.europesays.com\/fr\/wp-json\/wp\/v2\/tags?post=552086"}],"curies":[{"name":"wp","href":"https:\/\/api.w.org\/{rel}","templated":true}]}}