{"id":552092,"date":"2025-11-22T21:35:06","date_gmt":"2025-11-22T21:35:06","guid":{"rendered":"https:\/\/www.europesays.com\/fr\/552092\/"},"modified":"2025-11-22T21:35:06","modified_gmt":"2025-11-22T21:35:06","slug":"seule-une-legende-aura-20-20-a-ce-quiz-vrai-ou-faux-sur-les-comedies-francaises-culte","status":"publish","type":"post","link":"https:\/\/www.europesays.com\/fr\/552092\/","title":{"rendered":"Seule une l\u00e9gende aura 20\/20 \u00e0 ce quiz vrai ou faux sur les com\u00e9dies fran\u00e7aises culte"},"content":{"rendered":"<p><p><a href=\"https:\/\/www.serieously.com\" rel=\"nofollow noopener\" target=\"_blank\">Accueil<\/a> &gt; <a href=\"https:\/\/www.serieously.com\/quiz\/\" rel=\"nofollow noopener\" target=\"_blank\">Quiz<\/a> &gt; Seule une l\u00e9gende aura 20\/20 \u00e0 ce quiz vrai ou faux sur les com\u00e9dies fran\u00e7aises culte<\/p>\n<\/p>\n<p class=\"o-article__published-by o-article__bullets\">\n            Publi\u00e9 le<br \/>\n                        22 novembre 2025 \u00e0 18 h 00<\/p>\n<p>             Par<br \/>\n                <a href=\"https:\/\/www.serieously.com\/author\/khalil\/\" rel=\"nofollow noopener\" target=\"_blank\">Khalil Auguste<br \/>\n                    Ndiaye<\/a><\/p>\n<p><strong>Tu penses conna\u00eetre par c\u0153ur les com\u00e9dies fran\u00e7aises qui ont marqu\u00e9 plusieurs g\u00e9n\u00e9rations ? Ce quiz va vraiment tester ton niveau. Pr\u00e9pare-toi car seul un vrai cador du cin\u00e9ma tricolore peut esp\u00e9rer atteindre le score parfait.<\/strong><\/p>\n<p>Les <a href=\"https:\/\/www.serieously.com\/tag\/comedies-francaises\/\" target=\"_blank\" rel=\"noreferrer noopener nofollow\">com\u00e9dies fran\u00e7aises<\/a>, c\u2019est un pilier de notre culture. On les a vues en famille ou entre amis. Mais est-ce que tu connais vraiment tous les d\u00e9tails ? Dans ce quiz \u00ab\u00a0vrai ou faux\u00a0\u00bb, tu vas devoir prouver que t\u2019es un vrai expert du genre. Si tu d\u00e9croches le 20\/20, t\u2019es officiellement une l\u00e9gende.<\/p>\n<p>Dans La Grande Vadrouille, le personnage jou\u00e9 par Bourvil est un c\u00e9l\u00e8bre chef d&rsquo;orchestre.<\/p>\n<p>\t\t\t\t\t<img decoding=\"async\" src=\"https:\/\/www.europesays.com\/fr\/wp-content\/uploads\/2025\/11\/la-grande-vadrouille-bouvet-bourvil.jpg\" alt=\"\u00a9 Valoria Films\" width=\"400\" height=\"225\" loading=\"lazy\" style=\"aspect-ratio: 16\/9; object-fit: cover;\"\/><\/p>\n<p>\u00a9 Valoria Films<\/p>\n<p>Augustin Bouvet est peintre en b\u00e2timent, c\u2019est Stanislas Lefort qui dirige l\u2019orchestre.<\/p>\n<p>Dans Les Bronz\u00e9s font du ski, Popeye tient un magasin de location de skis.<\/p>\n<p>\t\t\t\t\t<img decoding=\"async\" src=\"https:\/\/www.europesays.com\/fr\/wp-content\/uploads\/2025\/07\/popeye-et-martine-dans-les-bronzes-font-du-ski.jpg\" alt=\"\u00a9 CCFC\" width=\"400\" height=\"225\" loading=\"lazy\" style=\"aspect-ratio: 16\/9; object-fit: cover;\"\/><\/p>\n<p>\u00a9 CCFC<\/p>\n<p>C\u2019est vrai ! Popeye a sa boutique de ski, m\u00eame si il partage la gestion avec sa femme et l\u2019amant de cette derni\u00e8re.<\/p>\n<p>Dans Le P\u00e8re No\u00ebl est une ordure, Z\u00e9zette est le vrai pr\u00e9nom du personnage.<\/p>\n<p>\t\t\t\t\t<img decoding=\"async\" src=\"https:\/\/www.europesays.com\/fr\/wp-content\/uploads\/2025\/11\/design-sans-titre-65.jpg\" alt=\"\u00a9 CCFC\" width=\"400\" height=\"225\" loading=\"lazy\" style=\"aspect-ratio: 16\/9; object-fit: cover;\"\/><\/p>\n<p>\u00a9 CCFC<\/p>\n<p>Il s\u2019agit d\u2019un surnom, son nom complet est Josette.<\/p>\n<p>Dans Le D\u00eener de Cons, la passion de Fran\u00e7ois Pignon est de construire des maquettes en allumettes.<\/p>\n<p>\t\t\t\t\t<img decoding=\"async\" src=\"https:\/\/www.europesays.com\/fr\/wp-content\/uploads\/2025\/04\/francois-pignon-au-telephone-dans-le-diner-de-cons.jpg\" alt=\"\u00a9 Walt Disney Studios Motion Pictures International\" width=\"400\" height=\"225\" loading=\"lazy\" style=\"aspect-ratio: 16\/9; object-fit: cover;\"\/><\/p>\n<p>\u00a9 Walt Disney Studios Motion Pictures International<\/p>\n<p>C\u2019est exact, il construit des monuments c\u00e9l\u00e8bres comme la Tour Eiffel avec des milliers d\u2019allumettes.<\/p>\n<p>Dans Les Visiteurs, Godefroy et Jacquouille voyagent dans le temps gr\u00e2ce \u00e0 une machine technologique avanc\u00e9e.<\/p>\n<p>\t\t\t\t\t<img decoding=\"async\" src=\"https:\/\/www.europesays.com\/fr\/wp-content\/uploads\/2025\/11\/les-visiteurs-4.jpg\" alt=\"\u00a9 Walt Disney Studios Motion Pictures International\" width=\"400\" height=\"225\" loading=\"lazy\" style=\"aspect-ratio: 16\/9; object-fit: cover;\"\/><\/p>\n<p>\u00a9 Walt Disney Studios Motion Pictures International<\/p>\n<p>C\u2019est faux ! Ils boivent une potion magique qui les envoie dans le futur.<\/p>\n<p>Dans Ast\u00e9rix et Ob\u00e9lix : Mission Cl\u00e9op\u00e2tre, l&rsquo;architecte Num\u00e9robis est jou\u00e9 par Jamel Debbouze.<\/p>\n<p>\t\t\t\t\t<img decoding=\"async\" src=\"https:\/\/www.europesays.com\/fr\/wp-content\/uploads\/2025\/11\/sphinx-asterix-et-obelix-mission-cleopatre.jpg\" alt=\"\u00a9 Path\u00e9 Distribution\" width=\"400\" height=\"225\" loading=\"lazy\" style=\"aspect-ratio: 16\/9; object-fit: cover;\"\/><\/p>\n<p>\u00a9 Path\u00e9 Distribution<\/p>\n<p>C\u2019est bien s\u00fbr Jamel Debbouze qui incarne l\u2019iconique Num\u00e9robis.<\/p>\n<p>\u00a0<\/p>\n<p>    <img decoding=\"async\" src=\"https:\/\/www.europesays.com\/fr\/wp-content\/uploads\/2025\/11\/jamel-debbouze-numerobis-edouard-baer-otis.jpg\" alt=\"jamel-debbouze-numerobis-edouard-baer-otis\" width=\"600\" height=\"338\" loading=\"lazy\"\/><\/p>\n<p>\t\t\u00a9 Path\u00e9<\/p>\n<p>Dans La Cit\u00e9 de la peur, l&rsquo;action principale se d\u00e9roule pendant le Festival de Cannes.<\/p>\n<p>\t\t\t\t\t<img decoding=\"async\" src=\"https:\/\/www.europesays.com\/fr\/wp-content\/uploads\/2025\/11\/alain-chabat-cite-de-la-peur.jpg\" alt=\"\u00a9 AMLF\" width=\"400\" height=\"225\" loading=\"lazy\" style=\"aspect-ratio: 16\/9; object-fit: cover;\"\/><\/p>\n<p>\u00a9 AMLF<\/p>\n<p>Le film se passe bien pendant le Festival de Cannes o\u00f9 un tueur \u00e9limine les projectionnistes.<\/p>\n<p>Dans Les Tontons flingueurs, Fernand Naudin (Lino Ventura) est un gangster redout\u00e9 d\u00e8s le d\u00e9but du film.<\/p>\n<p>\t\t\t\t\t<img decoding=\"async\" src=\"https:\/\/www.europesays.com\/fr\/wp-content\/uploads\/2025\/11\/fernand-naudin-les-tontons-flingueurs.jpg\" alt=\"\u00a9 Gaumont\" width=\"400\" height=\"225\" loading=\"lazy\" style=\"aspect-ratio: 16\/9; object-fit: cover;\"\/><\/p>\n<p>\u00a9 Gaumont<\/p>\n<p>Il est n\u00e9gociant en tracteurs et m\u00e8ne une vie tranquille avant d\u2019\u00eatre rappel\u00e9 par \u2018Le Mexicain\u2019.<\/p>\n<p>Dans Qu&rsquo;est-ce qu&rsquo;on a fait au Bon Dieu ?, les quatre gendres des Verneuil s&rsquo;entendent \u00e0 merveille d\u00e8s leur premi\u00e8re rencontre.<\/p>\n<p>\t\t\t\t\t<img decoding=\"async\" src=\"https:\/\/www.europesays.com\/fr\/wp-content\/uploads\/2025\/11\/quiz-quest-ce-quon-a-fait-au-bons-dieu.jpg\" alt=\"\u00a9 UGC Distribution\" width=\"400\" height=\"225\" loading=\"lazy\" style=\"aspect-ratio: 16\/9; object-fit: cover;\"\/><\/p>\n<p>\u00a9 UGC Distribution<\/p>\n<p>C\u2019est faux ! Les relations entre les gendres de la famille Verneuil sont tendues au d\u00e9but du film.<\/p>\n<p>Intouchables est inspir\u00e9 d&rsquo;une histoire vraie.<\/p>\n<p>\t\t\t\t\t<img decoding=\"async\" src=\"https:\/\/www.europesays.com\/fr\/wp-content\/uploads\/2025\/11\/omar-sy-et-francois-cluzet-intouchables-1.jpg\" alt=\"\u00a9 Gaumont\" width=\"400\" height=\"225\" loading=\"lazy\" style=\"aspect-ratio: 16\/9; object-fit: cover;\"\/><\/p>\n<p>\u00a9 Gaumont<\/p>\n<p>Le film est bas\u00e9 sur l\u2019histoire vraie de Philippe Pozzo di Borgo et de son aide-soignant Abdel Sellou.<\/p>\n<p>Dans Bienvenue chez les Ch&#8217;tis, Kad Merad joue le r\u00f4le d&rsquo;Antoine Bailleul, le facteur.<\/p>\n<p>\t\t\t\t\t<img decoding=\"async\" src=\"https:\/\/www.europesays.com\/fr\/wp-content\/uploads\/2025\/11\/danyboonkadmerad-min.jpg\" alt=\"\u00a9 Path\u00e9 Films\" width=\"400\" height=\"225\" loading=\"lazy\" style=\"aspect-ratio: 16\/9; object-fit: cover;\"\/><\/p>\n<p>\u00a9 Path\u00e9 Films<\/p>\n<p>Kad Merad joue Philippe Abrams, le directeur de la poste. C\u2019est Dany Boon qui joue le facteur Antoine.<\/p>\n<p>Dans Les Trois Fr\u00e8res, les personnages principaux d\u00e9couvrent qu&rsquo;ils h\u00e9ritent de 100 patates (100 millions de francs).<\/p>\n<p>\t\t\t\t\t<img decoding=\"async\" src=\"https:\/\/www.europesays.com\/fr\/wp-content\/uploads\/2025\/08\/les-trois-freres.jpg\" alt=\"\u00a9 Path\u00e9 Films \/ AMLF\" width=\"400\" height=\"225\" loading=\"lazy\" style=\"aspect-ratio: 16\/9; object-fit: cover;\"\/><\/p>\n<p>\u00a9 Path\u00e9 Films \/ AMLF<\/p>\n<p>Ils n\u2019h\u00e9ritent \u00ab\u00a0que\u00a0\u00bb de 3,2 millions de francs.<\/p>\n<p>Dans OSS 117 : Le Caire, nid d&rsquo;espions, Hubert Bonisseur de La Bath est un expert tr\u00e8s respectueux des cultures locales.<\/p>\n<p>\t\t\t\t\t<img decoding=\"async\" src=\"https:\/\/www.europesays.com\/fr\/wp-content\/uploads\/2025\/11\/hubert-bonisseur-de-la-bath-oss-117-1.jpg\" alt=\"\u00a9 Gaumont\" width=\"400\" height=\"225\" loading=\"lazy\" style=\"aspect-ratio: 16\/9; object-fit: cover;\"\/><\/p>\n<p>\u00a9 Gaumont<\/p>\n<p>C\u2019est tout l\u2019inverse ! Hubert est une caricature de l\u2019occidental condescendant, raciste et ignorant des coutumes locales.<\/p>\n<p>Dans Le Corniaud, la voiture qui se disloque au d\u00e9but du film est une Citro\u00ebn 2CV.<\/p>\n<p>\t\t\t\t\t<img decoding=\"async\" src=\"https:\/\/www.europesays.com\/fr\/wp-content\/uploads\/2025\/11\/le-corniaud-au-vieux-paris.jpg\" alt=\"\u00a9 Valoria Films\" width=\"400\" height=\"225\" loading=\"lazy\" style=\"aspect-ratio: 16\/9; object-fit: cover;\"\/><\/p>\n<p>\u00a9 Valoria Films<\/p>\n<p>C\u2019est la sc\u00e8ne culte o\u00f9 la 2CV d\u2019Antoine Mar\u00e9chal tombe en miettes apr\u00e8s un choc avec la Rolls-Royce.<\/p>\n<p>Dans Les Aventures de Rabbi Jacob, Victor Pivert tombe dans une cuve remplie de chewing-gum liquide vert.<\/p>\n<p>\t\t\t\t\t<img decoding=\"async\" src=\"https:\/\/www.europesays.com\/fr\/wp-content\/uploads\/2025\/06\/15filmsdelouisdefunes-min.jpg\" alt=\"\" width=\"400\" height=\"225\" loading=\"lazy\" style=\"aspect-ratio: 16\/9; object-fit: cover;\"\/><\/p>\n<p>C\u2019est une des sc\u00e8nes les plus c\u00e9l\u00e8bres du film, dans l\u2019usine de confiserie.<\/p>\n<p>\u00a0<\/p>\n<p>    <img decoding=\"async\" src=\"https:\/\/www.europesays.com\/fr\/wp-content\/uploads\/2025\/11\/les-aventures-de-rabbi-jacob-1.jpg\" alt=\"les-aventures-de-rabbi-jacob\" width=\"600\" height=\"336\" loading=\"lazy\"\/><\/p>\n<p>\t\t\u00a9 SNC<\/p>\n<p>Dans Camping, le personnage de Patrick Chirac d\u00e9teste le Pastis.<\/p>\n<p>\t\t\t\t\t<img decoding=\"async\" src=\"https:\/\/www.europesays.com\/fr\/wp-content\/uploads\/2025\/11\/camping-1.jpg\" alt=\"\u00a9 Path\u00e9\" width=\"400\" height=\"225\" loading=\"lazy\" style=\"aspect-ratio: 16\/9; object-fit: cover;\"\/><\/p>\n<p>\u00a9 Path\u00e9<\/p>\n<p>Patrick est un grand amateur de l\u2019ap\u00e9ritif et de la convivialit\u00e9 du camping.<\/p>\n<p>Dans Brice de Nice, la couleur f\u00e9tiche de Brice est le rouge.<\/p>\n<p>\t\t\t\t\t<img decoding=\"async\" src=\"https:\/\/www.europesays.com\/fr\/wp-content\/uploads\/2025\/11\/brice-de-nice-jean-dujardin.jpg\" alt=\"\u00a9 Mandarin Production\" width=\"400\" height=\"225\" loading=\"lazy\" style=\"aspect-ratio: 16\/9; object-fit: cover;\"\/><\/p>\n<p>\u00a9 Mandarin Production<\/p>\n<p>C\u2019est bien \u00e9videmment le jaune sa couleur f\u00e9tiche !<\/p>\n<p>Dans Taxi, Daniel conduit une Peugeot 406 blanche modifi\u00e9e.<\/p>\n<p>\t\t\t\t\t<img decoding=\"async\" src=\"https:\/\/www.europesays.com\/fr\/wp-content\/uploads\/2025\/07\/daniel-taxi.jpg\" alt=\"\u00a9 ARP Selection\" width=\"400\" height=\"225\" loading=\"lazy\" style=\"aspect-ratio: 16\/9; object-fit: cover;\"\/><\/p>\n<p>\u00a9 ARP Selection<\/p>\n<p>C\u2019est le bolide embl\u00e9matique de la saga.<\/p>\n<p>Dans La Folie des grandeurs, Don Salluste est un grand bienfaiteur des pauvres.<\/p>\n<p>\t\t\t\t\t<img decoding=\"async\" src=\"https:\/\/www.europesays.com\/fr\/wp-content\/uploads\/2025\/11\/sans-titre-76-min-1.jpg\" alt=\"\" width=\"400\" height=\"225\" loading=\"lazy\" style=\"aspect-ratio: 16\/9; object-fit: cover;\"\/><\/p>\n<p>Une de ses r\u00e9pliques culte est \u00ab\u00a0Les\u00a0riches c\u2019est fait pour \u00eatre tr\u00e8s riches\u00a0et\u00a0les pauvres tr\u00e8s pauvres !\u00ab\u00a0<\/p>\n<p>Dans Ast\u00e9rix et Ob\u00e9lix : L&rsquo;Empire du Milieu, on voit appara\u00eetre le rappeur Gringe.<\/p>\n<p>\t\t\t\t\t<img decoding=\"async\" src=\"https:\/\/www.europesays.com\/fr\/wp-content\/uploads\/2025\/11\/gilles-lellouche-et-guillaume-canet-dans-asterix-et-obelix-lempire-du-milieu.jpg\" alt=\"\u00a9 Path\u00e9\" width=\"400\" height=\"225\" loading=\"lazy\" style=\"aspect-ratio: 16\/9; object-fit: cover;\"\/><\/p>\n<p>\u00a9 Path\u00e9<\/p>\n<p>C\u2019est plut\u00f4t son comp\u00e8re des Casseurs Flowteurs Orelsan qui joue dans le film.<\/p>\n<p>\u00a0<\/p>\n<p>    <img decoding=\"async\" src=\"https:\/\/www.europesays.com\/fr\/wp-content\/uploads\/2025\/11\/titanix-orelsan-galerie.jpg\" alt=\"titanix-orelsan-galerie\" width=\"600\" height=\"600\" loading=\"lazy\"\/><\/p>\n<p>\t\t\u00a9 Path\u00e9<\/p>\n<p class=\"o-quiz__result-title\">Tu es un vrai fan de com\u00e9dies fran\u00e7aises !<\/p>\n<p class=\"o-quiz__result-subtitle\">Tu as obtenu un score de [[ score ]]\/[[ questions ]]<\/p>\n<p>\t\t\t\t\t\t\t\t\t<img decoding=\"async\" src=\"https:\/\/www.europesays.com\/fr\/wp-content\/uploads\/2025\/04\/resultat-quiz-bravo.jpg\" alt=\"Tu es un vrai fan de com\u00e9dies fran\u00e7aises !\" width=\"768\" height=\"432\" loading=\"lazy\"\/><\/p>\n<p>Alors toi, on voit que tu adores le cin\u00e9ma dr\u00f4le et fran\u00e7ais ! Tu ne joues pas dans la m\u00eame cat\u00e9gorie que le reste du monde. Tu connais tout, que \u00e7a soit les personnages oubli\u00e9s ou les d\u00e9tails que m\u00eame les acteurs ont effac\u00e9s de leur m\u00e9moire. T\u2019es une encyclop\u00e9die vivante de la com\u00e9die fran\u00e7aise. Un 20\/20 pareil ? C\u2019est plus du talent, c\u2019est du patrimoine culturel. Franchement, t\u2019es un champion. Bravo.<\/p>\n<p>\u00a0<\/p>\n<p>Si tu es fan de com\u00e9dies fran\u00e7aises, tu dois absolument essayer <a href=\"https:\/\/www.serieously.com\/tag\/comedies-francaises\/\" target=\"_blank\" rel=\"noopener nofollow\" aria-label=\"\">ces autres quiz sur le m\u00eame sujet !<\/a><\/p>\n<p class=\"o-quiz__result-title\">Tu t&rsquo;y connais assez en com\u00e9dies fran\u00e7aises<\/p>\n<p class=\"o-quiz__result-subtitle\">Tu as obtenu un score de [[ score ]]\/[[ questions ]]<\/p>\n<p>\t\t\t\t\t\t\t\t\t<img decoding=\"async\" src=\"https:\/\/www.europesays.com\/fr\/wp-content\/uploads\/2025\/04\/resultat-quiz-pas-mal.jpg\" alt=\"Tu t'y connais assez en com\u00e9dies fran\u00e7aises\" width=\"768\" height=\"432\" loading=\"lazy\"\/><\/p>\n<p>L\u00e0 on parle. Tu connais les classiques, les seconds r\u00f4les, les anecdotes, les petites subtilit\u00e9s. T\u2019es clairement quelqu\u2019un qui a grandi avec ces films et qui les conna\u00eet suffisamment pour briller en soir\u00e9e. Tu rates le score parfait de peu, mais franchement ton niveau impose le respect. Encore deux ou trois r\u00e9visions, et tu seras vraiment au-dessus de la m\u00eal\u00e9e.<\/p>\n<p>\u00a0<\/p>\n<p>Si tu es fan de com\u00e9dies fran\u00e7aises, tu dois absolument essayer <a href=\"https:\/\/www.serieously.com\/tag\/comedies-francaises\/\" target=\"_blank\" rel=\"noopener nofollow\" aria-label=\"\">ces autres quiz sur le m\u00eame sujet !<\/a><\/p>\n<p class=\"o-quiz__result-title\">Tu d\u00e9testes les com\u00e9dies fran\u00e7aises !<\/p>\n<p class=\"o-quiz__result-subtitle\">Tu as obtenu un score de [[ score ]]\/[[ questions ]]<\/p>\n<p>\t\t\t\t\t\t\t\t\t<img decoding=\"async\" src=\"https:\/\/www.europesays.com\/fr\/wp-content\/uploads\/2025\/04\/resultat-quiz-rate.jpg\" alt=\"Tu d\u00e9testes les com\u00e9dies fran\u00e7aises !\" width=\"768\" height=\"432\" loading=\"lazy\"\/><\/p>\n<p>A\u00efe a\u00efe a\u00efe\u2026 on va \u00eatre honn\u00eate, tu n\u2019as pas du tout ta place \u00e0 la table des fans des com\u00e9dies fran\u00e7aises. Tu connais deux ou trois classiques, tu reconnais vaguement une histoire ou un acteur, mais d\u00e8s que \u00e7a se complique, tu perds tout tes moyens. Ce n\u2019est pas grave, \u00e7a arrive. Regarde quelques films de Louis de Fun\u00e8s, un film des Bronz\u00e9s, un Chabat, et reviens briller. Tu as clairement du potentiel !<\/p>\n<p>\u00a0<\/p>\n<p>Si tu es fan de com\u00e9dies fran\u00e7aises, tu dois absolument essayer <a href=\"https:\/\/www.serieously.com\/tag\/comedies-francaises\/\" target=\"_blank\" rel=\"noopener nofollow\" aria-label=\"\">ces autres quiz sur le m\u00eame sujet !<\/a><\/p>\n<p>\t\tRecommencer le quiz<\/p>\n<p>\t\t\t<img decoding=\"async\" src=\"https:\/\/www.europesays.com\/fr\/wp-content\/uploads\/2025\/11\/khalil.jpg\" alt=\"Khalil Auguste Ndiaye\" width=\"70\" height=\"70\" loading=\"lazy\"\/><\/p>\n<p class=\"m-user__name\">Khalil Auguste Ndiaye<\/p>\n<p class=\"m-user__job\">Journaliste<\/p>\n<p class=\"m-user__description\">Journaliste en alternance depuis 2025 chez Serieously, Khalil Auguste Ndiaye est un grand fan de nombreux animes et de films et s\u00e9ries de diverses \u00e9poques, Si vous avez la moindre question sur l&rsquo;univers d&rsquo;Assassin&rsquo;s Creed ou de Castlevania, il pourra vous r\u00e9pondre ! Amateur autant de l&rsquo;univers de Game of Thrones que The Boys, en passant par les films Ghibli et One Piece, Khalil est toujours curieux de d\u00e9couvrir de nouvelles oeuvres prenantes,<\/p>\n<p>\n\t\t\t\t\t\t\t\t\t\t\t\t\t\t\tContacter<br \/>\n\t\t\t\t\t\tKhalil Auguste\n\t\t\t\t\t\t\t\t\t<\/p>\n<p>Lundi&rsquo;spensable<\/p>\n<p class=\"mt-4 mb-4 text-xl text-center\">Le meilleur de <\/p>\n<p> dans ta boite mail<\/p>\n","protected":false},"excerpt":{"rendered":"Accueil &gt; Quiz &gt; Seule une l\u00e9gende aura 20\/20 \u00e0 ce quiz vrai ou faux sur les com\u00e9dies&hellip;\n","protected":false},"author":2,"featured_media":552093,"comment_status":"","ping_status":"","sticky":false,"template":"","format":"standard","meta":{"footnotes":""},"categories":[1354],"tags":[58,59,1346,1011,27,1360],"class_list":{"0":"post-552092","1":"post","2":"type-post","3":"status-publish","4":"format-standard","5":"has-post-thumbnail","7":"category-films","8":"tag-divertissement","9":"tag-entertainment","10":"tag-films","11":"tag-fr","12":"tag-france","13":"tag-movies"},"share_on_mastodon":{"url":"https:\/\/pubeurope.com\/@fr\/115595508006265419","error":""},"_links":{"self":[{"href":"https:\/\/www.europesays.com\/fr\/wp-json\/wp\/v2\/posts\/552092","targetHints":{"allow":["GET"]}}],"collection":[{"href":"https:\/\/www.europesays.com\/fr\/wp-json\/wp\/v2\/posts"}],"about":[{"href":"https:\/\/www.europesays.com\/fr\/wp-json\/wp\/v2\/types\/post"}],"author":[{"embeddable":true,"href":"https:\/\/www.europesays.com\/fr\/wp-json\/wp\/v2\/users\/2"}],"replies":[{"embeddable":true,"href":"https:\/\/www.europesays.com\/fr\/wp-json\/wp\/v2\/comments?post=552092"}],"version-history":[{"count":0,"href":"https:\/\/www.europesays.com\/fr\/wp-json\/wp\/v2\/posts\/552092\/revisions"}],"wp:featuredmedia":[{"embeddable":true,"href":"https:\/\/www.europesays.com\/fr\/wp-json\/wp\/v2\/media\/552093"}],"wp:attachment":[{"href":"https:\/\/www.europesays.com\/fr\/wp-json\/wp\/v2\/media?parent=552092"}],"wp:term":[{"taxonomy":"category","embeddable":true,"href":"https:\/\/www.europesays.com\/fr\/wp-json\/wp\/v2\/categories?post=552092"},{"taxonomy":"post_tag","embeddable":true,"href":"https:\/\/www.europesays.com\/fr\/wp-json\/wp\/v2\/tags?post=552092"}],"curies":[{"name":"wp","href":"https:\/\/api.w.org\/{rel}","templated":true}]}}